{"id":115720,"date":"2026-01-28T11:10:12","date_gmt":"2026-01-28T11:10:12","guid":{"rendered":"https:\/\/www.europesays.com\/lv\/115720\/"},"modified":"2026-01-28T11:10:12","modified_gmt":"2026-01-28T11:10:12","slug":"martina-seska-rallijs-aluksne-nosledzies-priekslaicigi-tehnisku-problemu-del-lente-lv","status":"publish","type":"post","link":"https:\/\/www.europesays.com\/lv\/115720\/","title":{"rendered":"M\u0101rti\u0146a Seska rallijs &#8220;Al\u016bksne&#8221; nosl\u0113dzies priek\u0161laic\u012bgi tehnisku probl\u0113mu d\u0113\u013c\u00a0\u2014\u00a0Lente.lv"},"content":{"rendered":"<p>Seska rallijs &#8220;Al\u016bksne&#8221; beidzas pirms laika<\/p>\n<p>Latvijas lab\u0101k\u0101 rallija ekip\u0101\u017ea ar pilotu M\u0101rti\u0146u Sesku un st\u016brmani Ren\u0101ru Franci priek\u0161laic\u012bgi nosl\u0113dza savu dal\u012bbu Latvijas \u010dempion\u0101ta pirmaj\u0101 posm\u0101 \u2013 rallij\u0101 &#8220;Al\u016bksne&#8221;. Lai gan ekip\u0101\u017ea p\u0101rliecino\u0161i bija vad\u012bb\u0101 se\u0161os no asto\u0146iem pl\u0101notajiem \u0101trumposmiem, tehniska probl\u0113ma sept\u012btaj\u0101 posm\u0101 lika izst\u0101ties.<\/p>\n<p>P\u0101rliecino\u0161a vad\u012bba un negaid\u012bta izst\u0101\u0161an\u0101s<\/p>\n<p>Sestdien notiku\u0161aj\u0101s sacens\u012bb\u0101s Sesks un Francis ar savu &#8220;SRT Proto 02&#8221; automa\u0161\u012bnu demonstr\u0113ja iev\u0113rojamu sniegumu, radot iev\u0113rojamu p\u0101rsvaru p\u0101r tuv\u0101kajiem sekot\u0101jiem. P\u0113c sest\u0101 \u0101trumposma vi\u0146u priek\u0161svara m\u0113r\u012bt\u0101js r\u0101d\u012bja 1 min\u016bti un 26 sekundes. Tom\u0113r sept\u012btaj\u0101 \u0101trumposm\u0101 neuzman\u012bgi nosl\u0113pts akmens uz trases saboj\u0101ja automa\u0161\u012bnas piekari, pieliekot punktu vi\u0146u cer\u012bb\u0101m uz uzvaru \u0161aj\u0101 posm\u0101. Neskatoties uz neveiksmi, M\u0101rti\u0146\u0161 Sesks atzina, ka ekip\u0101\u017ea ieguva v\u0113rt\u012bgus kilometrus, izbaud\u012bja sniega apst\u0101k\u013cus un iepriecin\u0101ja l\u012bdzjut\u0113jus.<\/p>\n<p>Starptautisk\u0101s amb\u012bcijas un sagatavo\u0161an\u0101s WRC<\/p>\n<p>Seska un Francis ekip\u0101\u017eas dal\u012bba rallij\u0101 &#8220;Al\u016bksne&#8221; bija ar\u012b da\u013ca no vi\u0146u sagatavo\u0161an\u0101s gaid\u0101majam startam Pasaules rallija \u010dempion\u0101ta (WRC) posm\u0101 Zviedrij\u0101, kas paredz\u0113ts febru\u0101r\u012b. Ar &#8220;SRT Proto 02&#8221; automa\u0161\u012bnu, ko sagatavoju\u0161i &#8220;Sports Racing Technologies&#8221; un apr\u012bkotu ar &#8220;MRF Tyres&#8221; riep\u0101m, vi\u0146i ne tikai demonstr\u0113ja sp\u0113ju p\u0101rsp\u0113t vair\u0101kas &#8220;Rally2&#8221; klases automa\u0161\u012bnas, bet ar\u012b izmantoja sacens\u012bbas k\u0101 testu pirms starptautiskajiem izaicin\u0101jumiem. Sesks \u0161osezon pl\u0101no start\u0113t vismaz se\u0161os WRC posmos, apliecinot savas amb\u012bcijas starptautiskaj\u0101 autosporta ar\u0113n\u0101.<\/p>\n<p>Rallija &#8220;Al\u016bksne&#8221; uzvar\u0113t\u0101ji un Latvijas sportistu rezult\u0101ti<\/p>\n<p>P\u0113c Seska izst\u0101\u0161an\u0101s uzvaru rallij\u0101 &#8220;Al\u016bksne&#8221; guva igau\u0146u ekip\u0101\u017ea Karls Martins Volvers\/Annika Sona ar &#8220;Toyota GR Yaris Rally2&#8221; automa\u0161\u012bnu. No Latvijas ekip\u0101\u017e\u0101m augsto piekto vietu Latvijas rallija kausa ieskait\u0113 ie\u0146\u0113ma J\u0101nis Vorobjovs kop\u0101 ar Art\u016bru \u017deibe. Savuk\u0101rt cit\u0101s grup\u0101s veiksm\u012bgi start\u0113ja ar\u012b Gulbenes ekip\u0101\u017eas, piem\u0113ram, Kristers Cimdi\u0146\u0161\/Ren\u0101rs \u0160\u0137enders triumf\u0113ja LR\u010c6 grup\u0101 un LRK7 ieskait\u0113.<\/p>\n<p>Seska karjera un n\u0101kotnes perspekt\u012bvas<\/p>\n<p>M\u0101rti\u0146\u0161 Sesks, kur\u0161 ir paz\u012bstama autosportistu dzimtas p\u0101rst\u0101vis, savu dal\u012bbu rallij\u0101 s\u0101cis 2014. gad\u0101. Vi\u0146\u0161 ir Pasaules junioru rallija \u010dempion\u0101ta vice\u010dempions (2020) un 2023. gad\u0101 Eiropas rallija \u010dempion\u0101t\u0101 ieguva otro vietu. Sesks ar Ren\u0101ru Franci ar\u012b debit\u0113ja WRC Rally1 grup\u0101 2024. gad\u0101 Polijas rallij\u0101. Neskatoties uz negaid\u012bto izst\u0101\u0161anos Al\u016bksn\u0113, ekip\u0101\u017ea turpina gatavoties n\u0101kamajiem startiem gan Latvijas, gan pasaules \u010dempion\u0101ta l\u012bmen\u012b.<\/p>\n","protected":false},"excerpt":{"rendered":"Seska rallijs &#8220;Al\u016bksne&#8221; beidzas pirms laika Latvijas lab\u0101k\u0101 rallija ekip\u0101\u017ea ar pilotu M\u0101rti\u0146u Sesku un st\u016brmani Ren\u0101ru Franci&hellip;\n","protected":false},"author":2,"featured_media":115721,"comment_status":"","ping_status":"","sticky":false,"template":"","format":"standard","meta":{"footnotes":""},"categories":[5],"tags":[23,280,28,29,32,33,22,30,31,35,39,38,36,37,34,26813,40,282,20,26,27,26807,24,25,5675,21],"class_list":{"0":"post-115720","1":"post","2":"type-post","3":"status-publish","4":"format-standard","5":"has-post-thumbnail","7":"category-aktualitates","8":"tag-aktualitates","9":"tag-autosports","10":"tag-breaking-news","11":"tag-breakingnews","12":"tag-featured-news","13":"tag-featurednews","14":"tag-headlines","15":"tag-latest-news","16":"tag-latestnews","17":"tag-latvia","18":"tag-latvian","19":"tag-latviesu","20":"tag-latviesu-valoda","21":"tag-latviesuvaloda","22":"tag-latvija","23":"tag-latvijas-cempionats-rallija","24":"tag-lv","25":"tag-martins-sesks","26":"tag-news","27":"tag-popularakas-zinas","28":"tag-popularakaszinas","29":"tag-rallijs-aluksne","30":"tag-top-stories","31":"tag-topstories","32":"tag-wrc","33":"tag-zinas"},"share_on_mastodon":{"url":"https:\/\/pubeurope.com\/@lv\/115972421942582361","error":""},"_links":{"self":[{"href":"https:\/\/www.europesays.com\/lv\/wp-json\/wp\/v2\/posts\/115720","targetHints":{"allow":["GET"]}}],"collection":[{"href":"https:\/\/www.europesays.com\/lv\/wp-json\/wp\/v2\/posts"}],"about":[{"href":"https:\/\/www.europesays.com\/lv\/wp-json\/wp\/v2\/types\/post"}],"author":[{"embeddable":true,"href":"https:\/\/www.europesays.com\/lv\/wp-json\/wp\/v2\/users\/2"}],"replies":[{"embeddable":true,"href":"https:\/\/www.europesays.com\/lv\/wp-json\/wp\/v2\/comments?post=115720"}],"version-history":[{"count":0,"href":"https:\/\/www.europesays.com\/lv\/wp-json\/wp\/v2\/posts\/115720\/revisions"}],"wp:featuredmedia":[{"embeddable":true,"href":"https:\/\/www.europesays.com\/lv\/wp-json\/wp\/v2\/media\/115721"}],"wp:attachment":[{"href":"https:\/\/www.europesays.com\/lv\/wp-json\/wp\/v2\/media?parent=115720"}],"wp:term":[{"taxonomy":"category","embeddable":true,"href":"https:\/\/www.europesays.com\/lv\/wp-json\/wp\/v2\/categories?post=115720"},{"taxonomy":"post_tag","embeddable":true,"href":"https:\/\/www.europesays.com\/lv\/wp-json\/wp\/v2\/tags?post=115720"}],"curies":[{"name":"wp","href":"https:\/\/api.w.org\/{rel}","templated":true}]}}