{"id":115728,"date":"2026-01-28T11:27:07","date_gmt":"2026-01-28T11:27:07","guid":{"rendered":"https:\/\/www.europesays.com\/lv\/115728\/"},"modified":"2026-01-28T11:27:07","modified_gmt":"2026-01-28T11:27:07","slug":"valainis-min-majokla-pabalstu-ka-realako-atbalsta-risinajumu-iedzivotajiem","status":"publish","type":"post","link":"https:\/\/www.europesays.com\/lv\/115728\/","title":{"rendered":"Valainis min m\u0101jok\u013ca pabalstu k\u0101 re\u0101l\u0101ko atbalsta risin\u0101jumu iedz\u012bvot\u0101jiem"},"content":{"rendered":"<p>Vienlaikus Valainis pauda, ka pa\u0161vald\u012bb\u0101m \u0161obr\u012bd nav resursu, lai segtu atbalstu eso\u0161\u0101 bud\u017eeta ietvar\u0101. T\u0101pat vi\u0146\u0161 min\u0113ja, ka atbalstam j\u0101b\u016bt m\u0113r\u0137\u0113tam, nevis visp\u0101r\u012bgam, lai pal\u012bdz\u012bbu sa\u0146emtu tie iedz\u012bvot\u0101ji un ar\u012b uz\u0146\u0113m\u0113ji, kuriem t\u0101 nepiecie\u0161ama visvair\u0101k.<\/p>\n<p>Atbildot uz jaut\u0101jumu, vai ieceres nepaliks tikai sol\u012bjumu l\u012bmen\u012b un k\u0101 iedz\u012bvot\u0101ji var b\u016bt dro\u0161i, ka priek\u0161likumi tiks \u012bstenoti, Valainis nor\u0101d\u012bja, ka atbalstu \u0161obr\u012bd pl\u0101nots m\u0113r\u0137\u0113t gan uz janv\u0101ri, gan febru\u0101ri, un no savas puses ministrija virz\u012bs nepiecie\u0161amos l\u0113mumus izskat\u012b\u0161anai vald\u012bb\u0101.<\/p>\n<p>Valainis piemin\u0113ja, ka vald\u012bb\u0101 nav dzird\u0113jis pret\u0113ju argumentu. M\u0113r\u0137\u0113ta atbalsta snieg\u0161ana \u0161\u0101d\u0101s situ\u0101cij\u0101s ir vald\u012bbas pien\u0101kums, un atbalsts paredz\u0113ts iedz\u012bvot\u0101jiem un uz\u0146\u0113m\u0113jiem, kuriem tas nepiecie\u0161ams visvair\u0101k.<\/p>\n<p>Jau zi\u0146ots, ka, \u0146emot v\u0113r\u0101 \u0161\u012bs ziemas zemo gaisa temperat\u016bru un to, ka b\u016btiski pieaugs apkures izdevumi m\u0101jsaimniec\u012bb\u0101m, Valainis rosina nekav\u0113joties sasaukt Valsts ener\u0123\u0113tisk\u0101s kr\u012bzes centra \u0101rk\u0101rtas s\u0113di, lai rastu efekt\u012bvus risin\u0101jumus iedz\u012bvot\u0101ju atbalstam.<\/p>\n","protected":false},"excerpt":{"rendered":"Vienlaikus Valainis pauda, ka pa\u0161vald\u012bb\u0101m \u0161obr\u012bd nav resursu, lai segtu atbalstu eso\u0161\u0101 bud\u017eeta ietvar\u0101. T\u0101pat vi\u0146\u0161 min\u0113ja, ka&hellip;\n","protected":false},"author":2,"featured_media":115729,"comment_status":"","ping_status":"","sticky":false,"template":"","format":"standard","meta":{"footnotes":""},"categories":[12],"tags":[5869,23,28,29,32,33,22,30,31,35,39,38,36,37,34,40,20,26,27,1679,3655,24,25,592,21],"class_list":{"0":"post-115728","1":"post","2":"type-post","3":"status-publish","4":"format-standard","5":"has-post-thumbnail","7":"category-latvija","8":"tag-ziema","9":"tag-aktualitates","10":"tag-breaking-news","11":"tag-breakingnews","12":"tag-featured-news","13":"tag-featurednews","14":"tag-headlines","15":"tag-latest-news","16":"tag-latestnews","17":"tag-latvia","18":"tag-latvian","19":"tag-latviesu","20":"tag-latviesu-valoda","21":"tag-latviesuvaloda","22":"tag-latvija","23":"tag-lv","24":"tag-news","25":"tag-popularakas-zinas","26":"tag-popularakaszinas","27":"tag-siltumenergija","28":"tag-siltumenergijas-tarifs","29":"tag-top-stories","30":"tag-topstories","31":"tag-viktors-valainis","32":"tag-zinas"},"share_on_mastodon":{"url":"https:\/\/pubeurope.com\/@lv\/115972488716229906","error":""},"_links":{"self":[{"href":"https:\/\/www.europesays.com\/lv\/wp-json\/wp\/v2\/posts\/115728","targetHints":{"allow":["GET"]}}],"collection":[{"href":"https:\/\/www.europesays.com\/lv\/wp-json\/wp\/v2\/posts"}],"about":[{"href":"https:\/\/www.europesays.com\/lv\/wp-json\/wp\/v2\/types\/post"}],"author":[{"embeddable":true,"href":"https:\/\/www.europesays.com\/lv\/wp-json\/wp\/v2\/users\/2"}],"replies":[{"embeddable":true,"href":"https:\/\/www.europesays.com\/lv\/wp-json\/wp\/v2\/comments?post=115728"}],"version-history":[{"count":0,"href":"https:\/\/www.europesays.com\/lv\/wp-json\/wp\/v2\/posts\/115728\/revisions"}],"wp:featuredmedia":[{"embeddable":true,"href":"https:\/\/www.europesays.com\/lv\/wp-json\/wp\/v2\/media\/115729"}],"wp:attachment":[{"href":"https:\/\/www.europesays.com\/lv\/wp-json\/wp\/v2\/media?parent=115728"}],"wp:term":[{"taxonomy":"category","embeddable":true,"href":"https:\/\/www.europesays.com\/lv\/wp-json\/wp\/v2\/categories?post=115728"},{"taxonomy":"post_tag","embeddable":true,"href":"https:\/\/www.europesays.com\/lv\/wp-json\/wp\/v2\/tags?post=115728"}],"curies":[{"name":"wp","href":"https:\/\/api.w.org\/{rel}","templated":true}]}}