{"id":115748,"date":"2026-01-28T12:05:15","date_gmt":"2026-01-28T12:05:15","guid":{"rendered":"https:\/\/www.europesays.com\/lv\/115748\/"},"modified":"2026-01-28T12:05:15","modified_gmt":"2026-01-28T12:05:15","slug":"muziba-devusies-aktrise-anda-zaice-jaunatnes-teatra-zvaigzne-lente-lv-2","status":"publish","type":"post","link":"https:\/\/www.europesays.com\/lv\/115748\/","title":{"rendered":"M\u016b\u017e\u012bb\u0101 devusies aktrise Anda Zaice, Jaunatnes te\u0101tra zvaigzne\u00a0\u2014\u00a0Lente.lv"},"content":{"rendered":"<p>Aktrise Anda Zaice devusies m\u016b\u017e\u012bb\u0101<\/p>\n<p>2026. gada 23. janv\u0101r\u012b m\u016b\u017e\u012bb\u0101 devusies izcil\u0101 latvie\u0161u aktrise Anda Zaice, kura vair\u0101k nek\u0101 tr\u012bsdesmit gadus bija viena no Jaunatnes te\u0101tra vado\u0161aj\u0101m aktris\u0113m. \u0160o skumjo zi\u0146u apstiprin\u0101jis Latvijas Kult\u016bras akad\u0113mijas Eduarda Smi\u013c\u0123a Te\u0101tra muzejs soci\u0101lajos t\u012bklos.<\/p>\n<p>Karjera un talants<\/p>\n<p>Anda Zaice, dzimusi 1941. gada 11. j\u016bnij\u0101, 1962. gad\u0101 absolv\u0113ja Dailes te\u0101tra 3. studiju. P\u0113c tam divus gadus vi\u0146a darboj\u0101s Liep\u0101jas te\u0101tr\u012b, bet kop\u0161 1964. gada pievienoj\u0101s Jaunatnes te\u0101tra trupai. Tur vi\u0146a str\u0101d\u0101ja l\u012bdz te\u0101tra likvid\u0113\u0161anai 1992. gad\u0101, k\u013c\u016bstot par vienu no t\u0101 spo\u017e\u0101kaj\u0101m zvaigzn\u0113m. Vi\u0146a tika apbalvota ar Latvijas PSR Nopelniem bag\u0101t\u0101s skatuves m\u0101kslinieces goda nosaukumu 1977. gad\u0101.<\/p>\n<p>Te\u0101tra zin\u0101tniece Gundega Zelti\u0146a Anda Zaici raksturojusi k\u0101 \u201cm\u0101kslinieci ar smalku gar\u012bgu strukt\u016bru un neparastu \u0137erme\u0146a plastisku izteiksm\u012bbu. Aktrisi, kura uzmirdz\u0113ja l\u012bdz ar \u0161\u012b te\u0101tra pan\u0101kumiem un apdzisa, kad vi\u0146as te\u0101tris tika likvid\u0113ts.\u201d Zaices talantu izc\u0113la vi\u0146as plastika, muzikalit\u0101te un iek\u0161\u0113j\u0101 br\u012bv\u012bba. Aktieris R\u016bdolfs Pl\u0113pis atceras, ka \u201ck\u0101 aktrise vi\u0146a neiek\u013c\u0101v\u0101s nek\u0101dos r\u0101mjos, bet perfekti izpild\u012bja visas re\u017eisora nor\u0101des.\u201d Te\u0101tra p\u0113tniece Silvija Geikina nor\u0101d\u012bjusi, ka \u0161\u012b neiek\u013cau\u0161an\u0101s \u201cr\u0101mjos\u201d galvenok\u0101rt bijusi iek\u0161\u0113ja un rado\u0161a.<\/p>\n<p>Izcil\u0101k\u0101s lomas un skatuves rokraksts<\/p>\n<p>Anda Zaice rad\u012bjusi virkni spilgtu un neaizmirstamu lomu Latvijas te\u0101tra v\u0113stur\u0113. Starp noz\u012bm\u012bg\u0101kaj\u0101m lom\u0101m minamas:<\/p>\n<ul>\n<li>Tils N\u0113les \u0160. de Kost\u0113ras \u201cLe\u0123end\u0101 par Tilu P\u016bcesspie\u0123eli\u201d (1966)<\/li>\n<li>Vera Maksima Gorkija \u201cP\u0113d\u0113jos\u201d (1967)<\/li>\n<li>Katerina Aleksandra Ostrovska \u201cNegais\u0101\u201d (1971)<\/li>\n<li>Meita Aleksandra \u010caka \u201cSp\u0113l\u0113, Sp\u0113lmani!\u201d (1972)<\/li>\n<li>Sa\u0161a Antona \u010cehova \u201cIvanov\u0101\u201d (1975)<\/li>\n<li>Anti\u0146\u0161 Rai\u0146a \u201cZelta zirg\u0101\u201d (1976)<\/li>\n<li>Solveiga Henrika Ibsena \u201cP\u0113r\u0101 Gint\u0101\u201d (1979)<\/li>\n<li>U\u013cita Ostrovska \u201cMe\u017e\u0101\u201d (1981)<\/li>\n<li>Madara M\u0101ras Z\u0101l\u012btes \u201cPiln\u0101 M\u0101ras istabi\u0146\u0101\u201d (1983)<\/li>\n<li>Anna Valeska izr\u0101d\u0113 \u201cJubilejas gads\u201d (1990)<\/li>\n<li>Draudzene \u201cNegl\u012btaj\u0101 p\u012bl\u0113n\u0101\u201d (1991)<\/li>\n<\/ul>\n<p>Aktrises plastika un izteiksm\u012bg\u0101 kust\u012bbu valoda tika veidota jau no b\u0113rn\u012bbas, kad vi\u0146a m\u0101c\u012bj\u0101s Horeogr\u0101fijas vidusskol\u0101. Lai gan vesel\u012bbas probl\u0113mas liedza k\u013c\u016bt par baletdejot\u0101ju, \u0161\u012b pieredze veidoja vi\u0146as unik\u0101lo skatuves rokrakstu, ko raksturoja muzikalit\u0101te, precizit\u0101te un izcil\u0101 plastisk\u0101 kult\u016bra.<\/p>\n<p>Dz\u012bvesbiedrs un karjeras p\u0101rtraukums<\/p>\n<p>Priv\u0101taj\u0101 dz\u012bv\u0113 Anda Zaice bija kop\u0101 ar m\u016bzi\u0137i Ivaru Davidovi\u010du, ar kuru kop\u0101 nodz\u012bvoja 44 gadus. P\u0113c Jaunatnes te\u0101tra likvid\u0113\u0161anas 1992. gad\u0101, aktrise atzina, ka nav sp\u0113jusi atrast sev piem\u0113rotu citu rado\u0161o vidi, jo bija pieradusi pie \u0100dolfa \u0160apiro vad\u012bt\u0101 te\u0101tra psiholo\u0123iski dzi\u013c\u0101 darba un specifisk\u0101 sp\u0113les stila. Vi\u0146a pati sal\u012bdzin\u0101ja savu situ\u0101ciju ar cit\u0101m rado\u0161\u0101m person\u012bb\u0101m, kuras nevar adapt\u0113ties citam m\u0101kslinieciskajam v\u0113st\u012bjumam, piem\u0113ram, R\u016bdolfs Pl\u0113pis, kuram bija gr\u016bti str\u0101d\u0101t Nacion\u0101l\u0101 te\u0101tra stil\u0101.<\/p>\n","protected":false},"excerpt":{"rendered":"Aktrise Anda Zaice devusies m\u016b\u017e\u012bb\u0101 2026. gada 23. janv\u0101r\u012b m\u016b\u017e\u012bb\u0101 devusies izcil\u0101 latvie\u0161u aktrise Anda Zaice, kura vair\u0101k&hellip;\n","protected":false},"author":2,"featured_media":115693,"comment_status":"","ping_status":"","sticky":false,"template":"","format":"standard","meta":{"footnotes":""},"categories":[19],"tags":[26811,89,90,26589,35,39,38,26812,36,37,34,40,6803,10093],"class_list":{"0":"post-115748","1":"post","2":"type-post","3":"status-publish","4":"format-standard","5":"has-post-thumbnail","7":"category-izklaide","8":"tag-anda-zaice","9":"tag-entertainment","10":"tag-izklaide","11":"tag-jaunatnes-teatris","12":"tag-latvia","13":"tag-latvian","14":"tag-latviesu","15":"tag-latviesu-aktrise","16":"tag-latviesu-valoda","17":"tag-latviesuvaloda","18":"tag-latvija","19":"tag-lv","20":"tag-muziba","21":"tag-teatra-vesture"},"share_on_mastodon":{"url":"https:\/\/pubeurope.com\/@lv\/115972638143291364","error":""},"_links":{"self":[{"href":"https:\/\/www.europesays.com\/lv\/wp-json\/wp\/v2\/posts\/115748","targetHints":{"allow":["GET"]}}],"collection":[{"href":"https:\/\/www.europesays.com\/lv\/wp-json\/wp\/v2\/posts"}],"about":[{"href":"https:\/\/www.europesays.com\/lv\/wp-json\/wp\/v2\/types\/post"}],"author":[{"embeddable":true,"href":"https:\/\/www.europesays.com\/lv\/wp-json\/wp\/v2\/users\/2"}],"replies":[{"embeddable":true,"href":"https:\/\/www.europesays.com\/lv\/wp-json\/wp\/v2\/comments?post=115748"}],"version-history":[{"count":0,"href":"https:\/\/www.europesays.com\/lv\/wp-json\/wp\/v2\/posts\/115748\/revisions"}],"wp:featuredmedia":[{"embeddable":true,"href":"https:\/\/www.europesays.com\/lv\/wp-json\/wp\/v2\/media\/115693"}],"wp:attachment":[{"href":"https:\/\/www.europesays.com\/lv\/wp-json\/wp\/v2\/media?parent=115748"}],"wp:term":[{"taxonomy":"category","embeddable":true,"href":"https:\/\/www.europesays.com\/lv\/wp-json\/wp\/v2\/categories?post=115748"},{"taxonomy":"post_tag","embeddable":true,"href":"https:\/\/www.europesays.com\/lv\/wp-json\/wp\/v2\/tags?post=115748"}],"curies":[{"name":"wp","href":"https:\/\/api.w.org\/{rel}","templated":true}]}}