{"id":115785,"date":"2026-01-28T12:46:18","date_gmt":"2026-01-28T12:46:18","guid":{"rendered":"https:\/\/www.europesays.com\/lv\/115785\/"},"modified":"2026-01-28T12:46:18","modified_gmt":"2026-01-28T12:46:18","slug":"latvijai-futzala-izskiross-macs-pret-horvatiju-ar-kadu-rezultatu-pietiks","status":"publish","type":"post","link":"https:\/\/www.europesays.com\/lv\/115785\/","title":{"rendered":"Latvijai futz\u0101l\u0101 iz\u0161\u0137iro\u0161s ma\u010ds pret Horv\u0101tiju \u2013 ar k\u0101du rezult\u0101tu pietiks?"},"content":{"rendered":"<p>Gatavojoties Eiropas \u010dempion\u0101tam, Latvijas izlase aizvad\u012bja 14 sp\u0113les, kur\u0101s izc\u012bn\u012bja septi\u0146as uzvaras, divreiz c\u012bn\u012bj\u0101s neiz\u0161\u0137irti un piedz\u012bvoja piecus zaud\u0113jumus.<\/p>\n<p>Latvij\u0101 notiek tikai A apak\u0161grupas sp\u0113les, jo Eiropas Futbola feder\u0101ciju asoci\u0101cija (UEFA), izdab\u0101jot Baltkrievijai, C un D apak\u0161grupu uz\u0146em\u0161anu uztic\u0113ja Slov\u0113nijai. B apak\u0161grupas ma\u010di notiks Kau\u0146\u0101.<\/p>\n<p>Eiropas \u010dempion\u0101ta fin\u0101lturn\u012brs telpu futbol\u0101 no 21. janv\u0101ra l\u012bdz 7. febru\u0101rim pirmo reizi v\u0113stur\u0113 norisin\u0101s tr\u012bs valst\u012bs &#8211; Latvij\u0101, Lietuv\u0101 un Slov\u0113nij\u0101.<\/p>\n<p>R\u012bg\u0101 notiek A apak\u0161grupas sp\u0113les, k\u0101 ar\u012b tiks aizvad\u012bts viens ceturtda\u013cfin\u0101la ma\u010ds 31. janv\u0101r\u012b starp Latvijas izlases p\u0101rst\u0101v\u0113t\u0101s A grupas uzvar\u0113t\u0101jiem un Lietuvas izlases p\u0101rst\u0101v\u0113t\u0101s B grupas otr\u0101s vietas ieguv\u0113jiem.<\/p>\n<p>Latvijas telpu futbola izlase:<\/p>\n<p>v\u0101rtsargi &#8211; Rainers M\u016brnieks, Igors Labuts (abi &#8211; &#8220;Riga&#8221;);<\/p>\n<p>univers\u0101lie sp\u0113l\u0113t\u0101ji &#8211; And\u017eejs Mick\u0113vi\u010ds, Viktors Ku\u013cepovs, Renards \u016adris, Vlads Rimkus, Germans Matju\u0161enko (visi &#8211; &#8220;Riga&#8221;), Sergejs Moti\u013cs, Toms Kristians Gr\u012bslis, \u0145ikita Jelagovs (visi &#8211; &#8220;Beitar&#8221;), Edgars Tarakanovs (&#8220;Anderlecht&#8221;, Be\u013c\u0123ija), Andrejs Baklanovs (&#8220;Genova&#8221;, It\u0101lija), Miks Babris (&#8220;Famalicao&#8221;, Portug\u0101le), Aleksandrs Ku\u013ce\u0161ovs (&#8220;Salaspils&#8221;).<\/p>\n","protected":false},"excerpt":{"rendered":"Gatavojoties Eiropas \u010dempion\u0101tam, Latvijas izlase aizvad\u012bja 14 sp\u0113les, kur\u0101s izc\u012bn\u012bja septi\u0146as uzvaras, divreiz c\u012bn\u012bj\u0101s neiz\u0161\u0137irti un piedz\u012bvoja piecus&hellip;\n","protected":false},"author":2,"featured_media":115786,"comment_status":"","ping_status":"","sticky":false,"template":"","format":"standard","meta":{"footnotes":""},"categories":[5],"tags":[23,28,29,32,33,676,715,6630,22,30,31,35,39,38,36,37,34,40,20,26,27,24,25,21],"class_list":{"0":"post-115785","1":"post","2":"type-post","3":"status-publish","4":"format-standard","5":"has-post-thumbnail","7":"category-aktualitates","8":"tag-aktualitates","9":"tag-breaking-news","10":"tag-breakingnews","11":"tag-featured-news","12":"tag-featurednews","13":"tag-futbols","14":"tag-futbols-latvija","15":"tag-futzals","16":"tag-headlines","17":"tag-latest-news","18":"tag-latestnews","19":"tag-latvia","20":"tag-latvian","21":"tag-latviesu","22":"tag-latviesu-valoda","23":"tag-latviesuvaloda","24":"tag-latvija","25":"tag-lv","26":"tag-news","27":"tag-popularakas-zinas","28":"tag-popularakaszinas","29":"tag-top-stories","30":"tag-topstories","31":"tag-zinas"},"share_on_mastodon":{"url":"https:\/\/pubeurope.com\/@lv\/115972799627791470","error":""},"_links":{"self":[{"href":"https:\/\/www.europesays.com\/lv\/wp-json\/wp\/v2\/posts\/115785","targetHints":{"allow":["GET"]}}],"collection":[{"href":"https:\/\/www.europesays.com\/lv\/wp-json\/wp\/v2\/posts"}],"about":[{"href":"https:\/\/www.europesays.com\/lv\/wp-json\/wp\/v2\/types\/post"}],"author":[{"embeddable":true,"href":"https:\/\/www.europesays.com\/lv\/wp-json\/wp\/v2\/users\/2"}],"replies":[{"embeddable":true,"href":"https:\/\/www.europesays.com\/lv\/wp-json\/wp\/v2\/comments?post=115785"}],"version-history":[{"count":0,"href":"https:\/\/www.europesays.com\/lv\/wp-json\/wp\/v2\/posts\/115785\/revisions"}],"wp:featuredmedia":[{"embeddable":true,"href":"https:\/\/www.europesays.com\/lv\/wp-json\/wp\/v2\/media\/115786"}],"wp:attachment":[{"href":"https:\/\/www.europesays.com\/lv\/wp-json\/wp\/v2\/media?parent=115785"}],"wp:term":[{"taxonomy":"category","embeddable":true,"href":"https:\/\/www.europesays.com\/lv\/wp-json\/wp\/v2\/categories?post=115785"},{"taxonomy":"post_tag","embeddable":true,"href":"https:\/\/www.europesays.com\/lv\/wp-json\/wp\/v2\/tags?post=115785"}],"curies":[{"name":"wp","href":"https:\/\/api.w.org\/{rel}","templated":true}]}}