{"id":115806,"date":"2026-01-28T13:06:12","date_gmt":"2026-01-28T13:06:12","guid":{"rendered":"https:\/\/www.europesays.com\/lv\/115806\/"},"modified":"2026-01-28T13:06:12","modified_gmt":"2026-01-28T13:06:12","slug":"bez-braliem-dukuriem-bet-ar-nhl-speletajiem-kuri-latvijas-sportisti-debites-ziemas-olimpiskajas-speles","status":"publish","type":"post","link":"https:\/\/www.europesays.com\/lv\/115806\/","title":{"rendered":"Bez br\u0101\u013ciem Dukuriem, bet ar NHL sp\u0113l\u0113t\u0101jiem \u2013 kuri Latvijas sportisti debit\u0113s ziemas olimpiskaj\u0101s sp\u0113l\u0113s?"},"content":{"rendered":"<p>Biatlons<\/p>\n<p>Latviju biatlon\u0101 p\u0101rst\u0101v\u0113s asto\u0146i sportisti \u2014 \u010detri v\u012brie\u0161i un \u010detras sievietes, no kuriem pieci uz olimpiskaj\u0101m sp\u0113l\u0113m dosies pirmo reizi. Ar visbag\u0101t\u0101ko pieredzi uz It\u0101liju brauks Andrejs Rastorgujevs, kuram \u0161\u012bs b\u016bs ceturt\u0101s olimpisk\u0101s sp\u0113les. Baibai Bendikai \u0161\u012b b\u016bs tre\u0161\u0101 dal\u012bba, savuk\u0101rt jaunajai sportistei Esterei Volfai \u2013 otr\u0101.<\/p>\n<p>Debiju olimpiskaj\u0101s sp\u0113l\u0113s piedz\u012bvos:<\/p>\n<p>Sanita Buli\u0146a<\/p>\n<p>            <img loading=\"lazy\" decoding=\"async\" class=\"size-thumbnail wp-image-3734328 skaties-content-image\" src=\"https:\/\/www.europesays.com\/lv\/wp-content\/uploads\/2026\/01\/6b3f-6979f5327175c-672x448.jpg\" alt=\"\" width=\"672\" height=\"448\"  \/><\/p>\n<p>                FOTO: LATVIAN BIATHLON FEDERATION\/FACEBOOK<\/p>\n<p>Annija Keita Sabule<\/p>\n<p>            <img loading=\"lazy\" decoding=\"async\" class=\"size-thumbnail wp-image-3734331 skaties-content-image\" src=\"https:\/\/www.europesays.com\/lv\/wp-content\/uploads\/2026\/01\/d6c0-6979f559aa634-672x448.jpg\" alt=\"\" width=\"672\" height=\"448\"  \/><\/p>\n<p>                FOTO: LATVIAN BIATHLON FEDERATION\/FACEBOOK<\/p>\n<p>Ren\u0101rs Birkent\u0101ls<\/p>\n<p>            <img loading=\"lazy\" decoding=\"async\" class=\"size-thumbnail wp-image-3734333 skaties-content-image\" src=\"https:\/\/www.europesays.com\/lv\/wp-content\/uploads\/2026\/01\/8981-6979f5896a42f-672x672.jpg\" alt=\"\" width=\"672\" height=\"672\"  \/><\/p>\n<p>                FOTO: LATVIAN BIATHLON FEDERATION\/FACEBOOK<\/p>\n<p>Rihards Lozbers<\/p>\n<p>            <img loading=\"lazy\" decoding=\"async\" class=\"size-thumbnail wp-image-3734334 skaties-content-image\" src=\"https:\/\/www.europesays.com\/lv\/wp-content\/uploads\/2026\/01\/e125-6979f59995547-672x391.jpg\" alt=\"\" width=\"672\" height=\"391\"  \/><\/p>\n<p>                FOTO: LATVIAN BIATHLON FEDERATION\/FACEBOOK<\/p>\n<p>Edgars Mise<\/p>\n<p>            <img loading=\"lazy\" decoding=\"async\" class=\"size-thumbnail wp-image-3734349 skaties-content-image\" src=\"https:\/\/www.europesays.com\/lv\/wp-content\/uploads\/2026\/01\/699d-6979f5bc5071a-672x448.jpg\" alt=\"\" width=\"672\" height=\"448\"  \/><\/p>\n<p>                FOTO: LATVIAN BIATHLON FEDERATION\/FACEBOOK<\/p>\n<p>Bobslejs<\/p>\n<p>No devi\u0146iem bobslejistiem olimpisk\u0101 pieredze ir diviem \u2013 Mat\u012bsam Miknim un Edgaram Nemmem. Miknis start\u0113jis gan 2018. gada Phjon\u010dhanas, gan 2022. gada Pekinas sp\u0113l\u0113s, savuk\u0101rt Nemme piedal\u012bj\u0101s Pekinas olimpi\u0101d\u0113. Abu sportistu augst\u0101kais sasniegums olimpi\u0101d\u0113 ir pirms \u010detriem gadiem izc\u012bn\u012bt\u0101 piekt\u0101 vieta \u010detrinieku sacens\u012bb\u0101s.<\/p>\n<p>Olimpisko debiju 2026. gad\u0101 piedz\u012bvos J\u0113kabs Kalenda, Lauris Kaufmanis, Mairis K\u013cava, Ren\u0101rs Granti\u0146\u0161, Arnis Bebri\u0161s, Edgars Ungurs un D\u0101vis Kaufmanis.<\/p>\n<p>            <img loading=\"lazy\" decoding=\"async\" class=\"size-thumbnail wp-image-3734309 skaties-content-image\" src=\"https:\/\/www.europesays.com\/lv\/wp-content\/uploads\/2026\/01\/73c8-6979f191876bb-672x894.jpg\" alt=\"\" width=\"672\" height=\"894\"  \/><\/p>\n<p>                FOTO: Latvijas Bobsleja un Skeletona feder\u0101cija\/Facebook<\/p>\n<p>Skeletons<\/p>\n<p>Pirmo reizi kop\u0161 2002. gada skeleton\u0101 Latviju nep\u0101rst\u0101v\u0113s neviens no br\u0101\u013ciem Dukuriem. \u0160oreiz stafeti p\u0101r\u0146ems jaun\u0101 paaudze \u2013 Em\u012bls Indriksons un Marta And\u017e\u0101ne.<\/p>\n<p>            <img loading=\"lazy\" decoding=\"async\" class=\"size-thumbnail wp-image-3734307 skaties-content-image\" src=\"https:\/\/www.europesays.com\/lv\/wp-content\/uploads\/2026\/01\/e434-6979f1534d791-672x1008.jpg\" alt=\"\" width=\"672\" height=\"1008\"  \/><\/p>\n<p>                FOTO: VIESTURS L\u0100CIS<\/p>\n<p>            <img loading=\"lazy\" decoding=\"async\" class=\"size-full wp-image-3734308 skaties-content-image\" src=\"https:\/\/www.europesays.com\/lv\/wp-content\/uploads\/2026\/01\/8abc-6979f1674b20c.jpg\" alt=\"\" width=\"660\" height=\"471\"\/><\/p>\n<p>                FOTO: EDIJS P\u0100LENS\/LETA<\/p>\n<p>Indriksonam neilgi p\u0113c olimpisko sp\u0113\u013cu nosl\u0113guma aprit\u0113s 20 gadi, savuk\u0101rt And\u017e\u0101ne divas ned\u0113\u013cas pirms debijas sasniegs pilngad\u012bbu.<\/p>\n<p>Abi sportisti jau guvu\u0161i pieredzi 2024. gada Jaunatnes ziemas olimpiskaj\u0101s sp\u0113l\u0113s Dienvidkorej\u0101, kur Indriksons izc\u012bn\u012bja zelta meda\u013cu, bet And\u017e\u0101ne ierindoj\u0101s piektaj\u0101 viet\u0101.<\/p>\n<p>Hokejs<\/p>\n<p>Latvijas hokeja izlase Mil\u0101nas\u2013Kort\u012bnas ziemas olimpiskaj\u0101s sp\u0113l\u0113s b\u016bs skaitliski liel\u0101k\u0101 Latvijas deleg\u0101cijas komanda. Valsti olimpiskaj\u0101 hokeja turn\u012br\u0101 p\u0101rst\u0101v\u0113s 25 sp\u0113l\u0113t\u0101ji, tostarp ar\u012b Nacion\u0101l\u0101s l\u012bgas hokejisti.<\/p>\n<p>Vair\u0101kus no izlas\u0113 iek\u013cautajiem hokejistiem jau redz\u0113j\u0101m olimpisk\u0101s kvalifik\u0101cijas turn\u012br\u0101, bet 11 no 25 \u0161\u012bs b\u016bs pirm\u0101s olimpisk\u0101s sp\u0113les Latvijas izlases krekl\u0101.<\/p>\n<p>V\u0101rtsargi \u2013 Elvis Merz\u013cikins, Art\u016brs \u0160ilovs.<\/p>\n<p>            <img loading=\"lazy\" decoding=\"async\" class=\"size-thumbnail wp-image-3734359 skaties-content-image\" src=\"https:\/\/www.europesays.com\/lv\/wp-content\/uploads\/2026\/01\/50b4-6979f6e6d9d64-672x504.jpg\" alt=\"\" width=\"672\" height=\"504\"  \/><\/p>\n<p>                FOTO: ROM\u0100NS KOK\u0160AROVS, F64\/AFP<\/p>\n<p>Aizsargi \u2013 Alberts \u0160mits, Kristi\u0101ns Rub\u012bns.<\/p>\n<p>            <img loading=\"lazy\" decoding=\"async\" class=\"size-thumbnail wp-image-3734367 skaties-content-image\" src=\"https:\/\/www.europesays.com\/lv\/wp-content\/uploads\/2026\/01\/96c6-6979f79991e56-672x504.jpg\" alt=\"\" width=\"672\" height=\"504\"  \/><\/p>\n<p>                FOTO: LATVIJAS HOKEJA FEDER\u0100CIJA\/AP<\/p>\n<p>Uzbruc\u0113ji \u2013 Dans Lo\u010dmelis, R\u016bdolfs Balcers, Eduards Tralmaks, Anr\u012b Ravinskis, Teodors B\u013cugers, Haralds Egle, Sandis Vilmanis.<\/p>\n<p>            <img loading=\"lazy\" decoding=\"async\" class=\"size-thumbnail wp-image-3734379 skaties-content-image\" src=\"https:\/\/www.europesays.com\/lv\/wp-content\/uploads\/2026\/01\/07b9-6979fa255e13f-672x504.jpg\" alt=\"\" width=\"672\" height=\"504\"  \/><\/p>\n<p>                FOTO: AP\/LATVIJAS HOKEJA FEDER\u0100CIJA\/GUNTIS LAZD\u0100NS\/TT NEWS AGENCY\/REUTERS\/SCANPIX\/Getty Images via AFP<\/p>\n<p>Kamani\u0146u sports<\/p>\n<p>Kamani\u0146u sport\u0101 Latviju p\u0101rst\u0101v\u0113s desmit sportisti, se\u0161iem no tiem esot ar olimpisko sp\u0113\u013cu pieredzi. Ar visbag\u0101t\u0101ko olimpisko bag\u0101\u017eu uz It\u0101lijas Alpiem dosies Kristers Aparjods un Kendija Aparjode, kuri piedz\u012bvos savu tre\u0161o olimpisko sp\u0113\u013cu startu.<\/p>\n<p>Kristera augst\u0101kais sasniegums ir pirms \u010detriem gadiem izc\u012bn\u012bt\u0101 bronzas meda\u013ca komandu stafet\u0113 kop\u0101 ar El\u012bzu T\u012brumu un divnieku ekip\u0101\u017eu M\u0101rti\u0146u Botu\/Robertu Pl\u016bmi. Savuk\u0101rt Kendija Pekin\u0101 vieninieku sacens\u012bb\u0101s ierindoj\u0101s 11.viet\u0101, b\u016btiski uzlabojot savu rezult\u0101tu sal\u012bdzin\u0101jum\u0101 ar Phjon\u010dhanu.<\/p>\n<p>Olimpisko debiju divnieku sacens\u012bb\u0101s piedz\u012bvos ekip\u0101\u017eas Eduards \u0160evics-Mike\u013c\u0161evics\/L\u016bkass Krasts un Marta Robe\u017eniece\/Kitija Bogdanova.<\/p>\n<p>            <img loading=\"lazy\" decoding=\"async\" class=\"size-thumbnail wp-image-3734315 skaties-content-image\" src=\"https:\/\/www.europesays.com\/lv\/wp-content\/uploads\/2026\/01\/afb8-6979f38ac6d0a-672x412.jpg\" alt=\"\" width=\"672\" height=\"412\"  \/><\/p>\n<p>                FOTO: Michael Kristen<\/p>\n<p>Distan\u010du sl\u0113po\u0161ana<\/p>\n<p>\u0160aj\u0101 sporta discipl\u012bn\u0101 pirm\u0101s olimpi\u0101des saj\u016btas aiz muguras ir jau Patr\u012bcijai Eidukai, Kitijai Auzi\u0146ai, Samantai Krampei un Raimo V\u012bgantam, kam\u0113r Linda un Lauris Kaparkal\u0113ji un Niks Saul\u012btis sacens\u012bb\u0101s piedal\u012bsies pirmo reizi.<\/p>\n<p>            <img loading=\"lazy\" decoding=\"async\" class=\"size-thumbnail wp-image-3734352 skaties-content-image\" src=\"https:\/\/www.europesays.com\/lv\/wp-content\/uploads\/2026\/01\/a50e-6979f60355f06-672x672.jpg\" alt=\"\" width=\"672\" height=\"672\"  \/><\/p>\n<p>                FOTO: ALL-ROUND Ski Team\/Facebook<\/p>\n<p>            <img loading=\"lazy\" decoding=\"async\" class=\"size-thumbnail wp-image-3734356 skaties-content-image\" title=\"20250103_zsa_a193_259.jpg\" src=\"https:\/\/www.europesays.com\/lv\/wp-content\/uploads\/2026\/01\/d94f-6979f638c2903-672x448.jpg\" alt=\"20250103_zsa_a193_259.jpg\" width=\"672\" height=\"448\"  \/><\/p>\n<p>                FOTO: Pierre Teyssot, ZUMAPRESS.com<\/p>\n<p>Kalnu sl\u0113po\u0161ana\u00a0<\/p>\n<p>Kalnu sl\u0113pot\u0101ja Liene Bondare 2022. gad\u0101 piedz\u012bvoja savu olimpisko debiju Pekin\u0101, kur diem\u017e\u0113l nefini\u0161\u0113ja slaloma sacens\u012bb\u0101s.<\/p>\n<p>Mil\u0101n\u0101\u2013Kort\u012bn\u0101 vi\u0146ai pievienosies divi debitanti \u2013 Latvijas jaun\u0101 cer\u012bba D\u017eenifera \u0122\u0113rmane, kura \u0161aj\u0101 sezon\u0101 pasp\u0113jusi p\u0101rsteigt un Pasaules kausa posm\u0101 izc\u012bn\u012bt sept\u012bto vietu slalom\u0101, un Elvis Opmanis.<\/p>\n<p>            <img loading=\"lazy\" decoding=\"async\" class=\"size-thumbnail wp-image-3734312 skaties-content-image\" src=\"https:\/\/www.europesays.com\/lv\/wp-content\/uploads\/2026\/01\/6d7a-6979f2aa9eeea-672x504.jpg\" alt=\"\" width=\"672\" height=\"504\"  \/><\/p>\n<p>                FOTO: EPA\/AFP<\/p>\n<p>Dai\u013cslido\u0161ana\u00a0<\/p>\n<p>\u012apa\u0161as olimpisk\u0101s sp\u0113les \u0161\u012bs b\u016bs dai\u013cslidot\u0101jam Fediram Kuli\u0161am, kur\u0161 olimpisko kvalifik\u0101ciju izpild\u012bja p\u0113rn pasaules \u010dempion\u0101t\u0101.<\/p>\n<p>            <img loading=\"lazy\" decoding=\"async\" class=\"size-thumbnail wp-image-3734310 skaties-content-image\" src=\"https:\/\/www.europesays.com\/lv\/wp-content\/uploads\/2026\/01\/5d33-6979f2037feea-672x448.jpg\" alt=\"\" width=\"672\" height=\"448\"  \/><\/p>\n<p>                FOTO: ISU Figure Skating<\/p>\n<p>Lai var\u0113tu p\u0101rst\u0101v\u0113t Latviju, sportistam bija j\u0101ieg\u016bst Latvijas pilson\u012bba, ko Saeima par \u012bpa\u0161iem nopelniem pie\u0161\u0137\u012bra 2025. gada nogal\u0113.<\/p>\n<p>Latvijai debitanti neb\u016bs tikai \u0161orttrek\u0101, kur start\u0113s jau iepriek\u0161 pieredz\u0113ju\u0161ie Roberts Kr\u016bzbergs un Reinis B\u0113rzi\u0146\u0161.<\/p>\n<p>T\u0101d\u0113j\u0101di Mil\u0101nas\u2013Kort\u012bnas ziemas olimpiskaj\u0101s sp\u0113l\u0113s Latviju p\u0101rst\u0101v\u0113s gan pieredz\u0113ju\u0161i sportisti, gan vair\u0101ki olimpiskie debitanti da\u017e\u0101dos sporta veidos, iez\u012bm\u0113jot jaunu posmu Latvijas ziemas sporta att\u012bst\u012bb\u0101.<\/p>\n<p>Mil\u0101nas-Kort\u012bnas ziemas olimpisk\u0101s sp\u0113les start\u0113s 6. febru\u0101r\u012b un nosl\u0113gsies 22. febru\u0101r\u012b.<\/p>\n<p class=\"tv3-fw-500\">Zi\u0146o par k\u013c\u016bdu rakst\u0101<\/p>\n<p class=\"d-md-block d-none\">Iez\u012bm\u0113 k\u013c\u016bdaino tekstu un spied Ctrl+Enter.<\/p>\n<p class=\"d-md-none d-block\">Iez\u012bm\u0113 k\u013c\u016bdaino tekstu un zi\u0146o par to!<\/p>\n","protected":false},"excerpt":{"rendered":"Biatlons Latviju biatlon\u0101 p\u0101rst\u0101v\u0113s asto\u0146i sportisti \u2014 \u010detri v\u012brie\u0161i un \u010detras sievietes, no kuriem pieci uz olimpiskaj\u0101m sp\u0113l\u0113m&hellip;\n","protected":false},"author":2,"featured_media":115807,"comment_status":"","ping_status":"","sticky":false,"template":"","format":"standard","meta":{"footnotes":""},"categories":[17],"tags":[35,39,38,36,37,34,40,10695,67],"class_list":{"0":"post-115806","1":"post","2":"type-post","3":"status-publish","4":"format-standard","5":"has-post-thumbnail","7":"category-sports","8":"tag-latvia","9":"tag-latvian","10":"tag-latviesu","11":"tag-latviesu-valoda","12":"tag-latviesuvaloda","13":"tag-latvija","14":"tag-lv","15":"tag-milana-kortina-2026","16":"tag-sports"},"share_on_mastodon":{"url":"https:\/\/pubeurope.com\/@lv\/115972878143164514","error":""},"_links":{"self":[{"href":"https:\/\/www.europesays.com\/lv\/wp-json\/wp\/v2\/posts\/115806","targetHints":{"allow":["GET"]}}],"collection":[{"href":"https:\/\/www.europesays.com\/lv\/wp-json\/wp\/v2\/posts"}],"about":[{"href":"https:\/\/www.europesays.com\/lv\/wp-json\/wp\/v2\/types\/post"}],"author":[{"embeddable":true,"href":"https:\/\/www.europesays.com\/lv\/wp-json\/wp\/v2\/users\/2"}],"replies":[{"embeddable":true,"href":"https:\/\/www.europesays.com\/lv\/wp-json\/wp\/v2\/comments?post=115806"}],"version-history":[{"count":0,"href":"https:\/\/www.europesays.com\/lv\/wp-json\/wp\/v2\/posts\/115806\/revisions"}],"wp:featuredmedia":[{"embeddable":true,"href":"https:\/\/www.europesays.com\/lv\/wp-json\/wp\/v2\/media\/115807"}],"wp:attachment":[{"href":"https:\/\/www.europesays.com\/lv\/wp-json\/wp\/v2\/media?parent=115806"}],"wp:term":[{"taxonomy":"category","embeddable":true,"href":"https:\/\/www.europesays.com\/lv\/wp-json\/wp\/v2\/categories?post=115806"},{"taxonomy":"post_tag","embeddable":true,"href":"https:\/\/www.europesays.com\/lv\/wp-json\/wp\/v2\/tags?post=115806"}],"curies":[{"name":"wp","href":"https:\/\/api.w.org\/{rel}","templated":true}]}}