{"id":115812,"date":"2026-01-28T13:16:11","date_gmt":"2026-01-28T13:16:11","guid":{"rendered":"https:\/\/www.europesays.com\/lv\/115812\/"},"modified":"2026-01-28T13:16:11","modified_gmt":"2026-01-28T13:16:11","slug":"irana-noraida-sarunas-ar-asv-draudu-gaisotne","status":"publish","type":"post","link":"https:\/\/www.europesays.com\/lv\/115812\/","title":{"rendered":"Ir\u0101na noraida sarunas ar ASV draudu gaisotn\u0113"},"content":{"rendered":"<p>&#8220;Diplom\u0101tija, izmantojot milit\u0101rus draudus, nevar b\u016bt efekt\u012bva vai lietder\u012bga. Ja vi\u0146i v\u0113las, lai sarunas ieg\u016btu formu, vi\u0146iem noteikti j\u0101atmet draudi, p\u0101rm\u0113r\u012bgas pras\u012bbas un nelo\u0123isku jaut\u0101jumu izvirz\u012b\u0161ana,&#8221; telev\u012bzij\u0101 pazi\u0146oja Arag\u010di.<\/p>\n<p>&#8220;Nevar run\u0101t par sarun\u0101m draudu gaisotn\u0113,&#8221; nor\u0101d\u012bja ministrs, piebilstot, ka p\u0113d\u0113j\u0101s dien\u0101s vi\u0146am &#8220;nav bijis kontaktu&#8221; ar <a href=\"https:\/\/www.tvnet.lv\/term\/555410\/asv\" class=\"topicLink\" target=\"_blank\" rel=\"nofollow noopener\">ASV<\/a> prezidenta Donalda Trampa \u012bpa\u0161o s\u016btni St\u012bvu Vitkofu un ka <a href=\"https:\/\/www.tvnet.lv\/term\/555447\/irana\" class=\"topicLink\" target=\"_blank\" rel=\"nofollow noopener\">Ir\u0101na<\/a> nav paudusi v\u0113lmi p\u0113c sarun\u0101m.<\/p>\n<p>Tramps atteicies izsl\u0113gt milit\u0101ru iejauk\u0161anos Ir\u0101n\u0101, kur klerik\u0101lais re\u017e\u012bms izv\u0113r\u0161 represijas pret protest\u0113t\u0101jiem, un pirmdien Tuvajos Austrumos ierad\u0101s ASV avi\u0101cijas b\u0101zes ku\u0123a &#8220;Abraham Lincoln&#8221; trieciengrupa.<\/p>\n","protected":false},"excerpt":{"rendered":"&#8220;Diplom\u0101tija, izmantojot milit\u0101rus draudus, nevar b\u016bt efekt\u012bva vai lietder\u012bga. Ja vi\u0146i v\u0113las, lai sarunas ieg\u016btu formu, vi\u0146iem noteikti&hellip;\n","protected":false},"author":2,"featured_media":115813,"comment_status":"","ping_status":"","sticky":false,"template":"","format":"standard","meta":{"footnotes":""},"categories":[5],"tags":[23,292,28,29,32,33,22,2562,30,31,35,39,38,36,37,34,40,20,26,27,23835,24,25,21],"class_list":{"0":"post-115812","1":"post","2":"type-post","3":"status-publish","4":"format-standard","5":"has-post-thumbnail","7":"category-aktualitates","8":"tag-aktualitates","9":"tag-asv","10":"tag-breaking-news","11":"tag-breakingnews","12":"tag-featured-news","13":"tag-featurednews","14":"tag-headlines","15":"tag-irana","16":"tag-latest-news","17":"tag-latestnews","18":"tag-latvia","19":"tag-latvian","20":"tag-latviesu","21":"tag-latviesu-valoda","22":"tag-latviesuvaloda","23":"tag-latvija","24":"tag-lv","25":"tag-news","26":"tag-popularakas-zinas","27":"tag-popularakaszinas","28":"tag-saspilejums-asv-un-iranas-attiecibas","29":"tag-top-stories","30":"tag-topstories","31":"tag-zinas"},"share_on_mastodon":{"url":"https:\/\/pubeurope.com\/@lv\/115972917367765647","error":""},"_links":{"self":[{"href":"https:\/\/www.europesays.com\/lv\/wp-json\/wp\/v2\/posts\/115812","targetHints":{"allow":["GET"]}}],"collection":[{"href":"https:\/\/www.europesays.com\/lv\/wp-json\/wp\/v2\/posts"}],"about":[{"href":"https:\/\/www.europesays.com\/lv\/wp-json\/wp\/v2\/types\/post"}],"author":[{"embeddable":true,"href":"https:\/\/www.europesays.com\/lv\/wp-json\/wp\/v2\/users\/2"}],"replies":[{"embeddable":true,"href":"https:\/\/www.europesays.com\/lv\/wp-json\/wp\/v2\/comments?post=115812"}],"version-history":[{"count":0,"href":"https:\/\/www.europesays.com\/lv\/wp-json\/wp\/v2\/posts\/115812\/revisions"}],"wp:featuredmedia":[{"embeddable":true,"href":"https:\/\/www.europesays.com\/lv\/wp-json\/wp\/v2\/media\/115813"}],"wp:attachment":[{"href":"https:\/\/www.europesays.com\/lv\/wp-json\/wp\/v2\/media?parent=115812"}],"wp:term":[{"taxonomy":"category","embeddable":true,"href":"https:\/\/www.europesays.com\/lv\/wp-json\/wp\/v2\/categories?post=115812"},{"taxonomy":"post_tag","embeddable":true,"href":"https:\/\/www.europesays.com\/lv\/wp-json\/wp\/v2\/tags?post=115812"}],"curies":[{"name":"wp","href":"https:\/\/api.w.org\/{rel}","templated":true}]}}