{"id":115830,"date":"2026-01-28T13:38:14","date_gmt":"2026-01-28T13:38:14","guid":{"rendered":"https:\/\/www.europesays.com\/lv\/115830\/"},"modified":"2026-01-28T13:38:14","modified_gmt":"2026-01-28T13:38:14","slug":"kapec-pasaule-peksni-visi-perk-zeltu-situaciju-skaidro-ekonomisti-1188-lv","status":"publish","type":"post","link":"https:\/\/www.europesays.com\/lv\/115830\/","title":{"rendered":"K\u0101p\u0113c pasaul\u0113 p\u0113k\u0161\u0146i visi p\u0113rk zeltu? Situ\u0101ciju skaidro ekonomisti &#8211; 1188.lv"},"content":{"rendered":"<ol>\n<li><a href=\"https:\/\/news.google.com\/rss\/articles\/CBMingFBVV95cUxPUXdCaS02b3VEQVI3dnNsa1E5eTNSTE5qb2kzRm9PZlVScU1EaXFtM253ZHhqOGZrS3NWajZtTVFsbjBfNWlMNElScm05RFNDNG1VeDV3dTVMc0k3OXNhbEJUMU1Rc3MxMUhKWGpsQXZVS0M0NnpTWEJmN1B5THBUZXRrVXJmX0JPcHFHQ1d1cFRZX1pNQ0xYaUVKRHBUdw?oc=5\" target=\"_blank\" rel=\"nofollow noopener\">K\u0101p\u0113c pasaul\u0113 p\u0113k\u0161\u0146i visi p\u0113rk zeltu? Situ\u0101ciju skaidro ekonomisti<\/a>&nbsp;&nbsp;1188.lv<\/li>\n<li><a href=\"https:\/\/news.google.com\/rss\/articles\/CBMinAFBVV95cUxQcFVsQjB3UHNNcS1YMExPNmhLRjBCN1N3T1VMRnBqVkwzai1SZnVQdVpURzlYS0k0Z3VEX29xTjZBRHhzY253b2xlUHphR0paMGx4cDBMM1IybWtuVUthU21ITUtYVlU3cjlWQzc1RUJsSVptSWV5RzZWalpSZGQxRzI2XzU2dTVXOXpianZraEVJSmVKZzVYUVYtVmw?oc=5\" target=\"_blank\" rel=\"nofollow noopener\">Zelta cena sasniegusi jaunu rekordu<\/a>&nbsp;&nbsp;Delfi<\/li>\n<li><a href=\"https:\/\/news.google.com\/rss\/articles\/CBMiigFBVV95cUxNWEtvMjhzUVg5Y1JYWTkwQ3JqTDZ4d3UwejhUVm8yNG9fUFFpM2JPRmFiSnBreWhwTVIyR05rcWxTaHVwUXZRWFJYbXA4SkpsYWR6WkVlaXh5c0dEUHlITUFRVnprNVpUWmxUNU40U1hPb3VzTWgyWFZ6eUs3QzZxZnFmRHByeHhWLUE?oc=5\" target=\"_blank\" rel=\"nofollow noopener\">Zelta rac\u0113ji var peld\u0113ties naud\u0101<\/a>&nbsp;&nbsp;Investoru Klubs<\/li>\n<li><a href=\"https:\/\/news.google.com\/rss\/articles\/CBMilgFBVV95cUxORk9NMVhITVpxU0N2YnRiU1VfOVlFbEI0MnlnNUNqcEQxbEZoZE0zZUJaaWxUNjJoX0xfMUdtdjZDOFFBWHRid1p0ejgwNzk1MGxaTlBhRzV2MWR4NHlhWkFub28tMlNlRm1vQzZLTlpiV2pMeTZ4SGZUWW0zSngzbDJLYzIwc1EwVEliZGNtdDRZa1ViMFE?oc=5\" target=\"_blank\" rel=\"nofollow noopener\">Augo\u0161\u0101s zelta cenas ietekm\u0113 k\u0101zu trad\u012bcijas Pakist\u0101n\u0101<\/a>&nbsp;&nbsp;tv3.lv<\/li>\n<li><a href=\"https:\/\/news.google.com\/rss\/articles\/CBMisAFBVV95cUxQekhTX25Cd0djWF9OcUtwckt1TmJtUVB1UjZWYUFoczZ2RDZEWTYtRFVyX0YwV1U2NHgzbzNJR1NNTDBwZ3pNOWlKbnZFdXZpLTBLX2ZhUmxEdTNuOW5QcTdOelprNmJMUHFENEprMlBQVm5SWkJWdExKRTdNNlZfNXBfNU9wS2hHTS1BRmhnTGRETVNVV3ZIU2dwb2l3Wi13WE9WdmFhaHc5MFNwenk5Uw?oc=5\" target=\"_blank\" rel=\"nofollow noopener\">Zelta cena sasniedz jaunu rekordu, p\u0101rsniedzot 5000 dol\u0101ru par unci<\/a>&nbsp;&nbsp;Lente.lv<\/li>\n<\/ol>\n","protected":false},"excerpt":{"rendered":"K\u0101p\u0113c pasaul\u0113 p\u0113k\u0161\u0146i visi p\u0113rk zeltu? Situ\u0101ciju skaidro ekonomisti&nbsp;&nbsp;1188.lv Zelta cena sasniegusi jaunu rekordu&nbsp;&nbsp;Delfi Zelta rac\u0113ji var peld\u0113ties&hellip;\n","protected":false},"author":2,"featured_media":115831,"comment_status":"","ping_status":"","sticky":false,"template":"","format":"standard","meta":{"footnotes":""},"categories":[16],"tags":[129,6249,26826,3451,1304,77,76,35,39,38,36,37,34,40,1305,26827,3452,6259,1306,26828,3453,6260],"class_list":{"0":"post-115830","1":"post","2":"type-post","3":"status-publish","4":"format-standard","5":"has-post-thumbnail","7":"category-bizness","8":"tag-__typenameadvicekeyword","9":"tag-id365","10":"tag-id774","11":"tag-id835","12":"tag-id970","13":"tag-bizness","14":"tag-business","15":"tag-latvia","16":"tag-latvian","17":"tag-latviesu","18":"tag-latviesu-valoda","19":"tag-latviesuvaloda","20":"tag-latvija","21":"tag-lv","22":"tag-slug360-zinas","23":"tag-slugbanka-citadele","24":"tag-slugekonomika","25":"tag-slugnauda","26":"tag-title360-zinas","27":"tag-titlebanka-citadele","28":"tag-titleekonomika","29":"tag-titlenauda"},"share_on_mastodon":{"url":"https:\/\/pubeurope.com\/@lv\/115973003958081582","error":""},"_links":{"self":[{"href":"https:\/\/www.europesays.com\/lv\/wp-json\/wp\/v2\/posts\/115830","targetHints":{"allow":["GET"]}}],"collection":[{"href":"https:\/\/www.europesays.com\/lv\/wp-json\/wp\/v2\/posts"}],"about":[{"href":"https:\/\/www.europesays.com\/lv\/wp-json\/wp\/v2\/types\/post"}],"author":[{"embeddable":true,"href":"https:\/\/www.europesays.com\/lv\/wp-json\/wp\/v2\/users\/2"}],"replies":[{"embeddable":true,"href":"https:\/\/www.europesays.com\/lv\/wp-json\/wp\/v2\/comments?post=115830"}],"version-history":[{"count":0,"href":"https:\/\/www.europesays.com\/lv\/wp-json\/wp\/v2\/posts\/115830\/revisions"}],"wp:featuredmedia":[{"embeddable":true,"href":"https:\/\/www.europesays.com\/lv\/wp-json\/wp\/v2\/media\/115831"}],"wp:attachment":[{"href":"https:\/\/www.europesays.com\/lv\/wp-json\/wp\/v2\/media?parent=115830"}],"wp:term":[{"taxonomy":"category","embeddable":true,"href":"https:\/\/www.europesays.com\/lv\/wp-json\/wp\/v2\/categories?post=115830"},{"taxonomy":"post_tag","embeddable":true,"href":"https:\/\/www.europesays.com\/lv\/wp-json\/wp\/v2\/tags?post=115830"}],"curies":[{"name":"wp","href":"https:\/\/api.w.org\/{rel}","templated":true}]}}