{"id":115846,"date":"2026-01-28T13:55:07","date_gmt":"2026-01-28T13:55:07","guid":{"rendered":"https:\/\/www.europesays.com\/lv\/115846\/"},"modified":"2026-01-28T13:55:07","modified_gmt":"2026-01-28T13:55:07","slug":"volfa-un-bendika-pauz-neapmierinatibu-ar-brica-neieklausanu-treneru-sastava-olimpiade","status":"publish","type":"post","link":"https:\/\/www.europesays.com\/lv\/115846\/","title":{"rendered":"Volfa un Bendika pau\u017e neapmierin\u0101t\u012bbu ar Bri\u010da neiek\u013cau\u0161anu treneru sast\u0101v\u0101 Olimpi\u0101d\u0113"},"content":{"rendered":"<p>Pag\u0101ju\u0161\u0101 gada febru\u0101r\u012b pasaules \u010dempion\u0101ta laik\u0101 notika konflikts starp biatlonistu Andreju Rastorgujevu un Brici, p\u0113c kura sportists apgalvoja, ka treneris vi\u0146u piek\u0101vis. Rastorgujevs vesel\u012bbas probl\u0113mu d\u0113\u013c sezonu nosl\u0113dza, bet Bricis iesniedza atl\u016bgumu.<\/p>\n<p>J\u016blij\u0101 Bricim tika piespriesta se\u0161u m\u0113ne\u0161u diskvalifik\u0101cija, kas nosl\u0113dz\u0101s pirms desmit dien\u0101m.<\/p>\n<p>Pag\u0101ju\u0161aj\u0101 ned\u0113\u013c\u0101 LOK izzi\u0146otaj\u0101 deleg\u0101cijas sast\u0101v\u0101 dal\u012bbai 2026. gada Ziemas olimpiskaj\u0101s sp\u0113l\u0113s Bri\u010da v\u0101rds biatlona treneru korpus\u0101 nebija atrodams.<\/p>\n<p>Olimpiskaj\u0101s sp\u0113l\u0113s, kas s\u0101ksies 6. febru\u0101r\u012b, sievie\u0161u sacens\u012bb\u0101s biatlon\u0101 start\u0113s <a href=\"https:\/\/sports.tvnet.lv\/term\/556119\/baiba-bendika\" class=\"topicLink\" target=\"_blank\" rel=\"nofollow noopener\">Baiba Bendika<\/a>, <a href=\"https:\/\/sports.tvnet.lv\/term\/776680\/estere-volfa\" class=\"topicLink\" target=\"_blank\" rel=\"nofollow noopener\">Estere Volfa<\/a>, Sanita Buli\u0146a un Annija Keita Sabule, bet v\u012brie\u0161u &#8211; Andrejs Rastorgujevs, Ren\u0101rs Birkent\u0101ls, Rihards Lozbers un Edgars Mise.<\/p>\n<p>V\u012brie\u0161u izlases galvenais treneris b\u016bs K\u0101rlis Vanags, sievie\u0161u komandu vad\u012bs Agnese Caune, trenera status\u0101 b\u016bs Valdis B\u0113rzi\u0146\u0161, par \u0161au\u0161anas treneri str\u0101d\u0101s Vasils Muk\u0161ins, bet par psiholo\u0123isk\u0101s sagatavot\u012bbas treneri &#8211; P\u0113rs Ulafs Treter\u016bds.<\/p>\n<p>Servisa komand\u0101 b\u016bs Reinis Kors\u016bnovs, Edgars Piksons un \u016ale Bjerns Treter\u016bds.<\/p>\n","protected":false},"excerpt":{"rendered":"Pag\u0101ju\u0161\u0101 gada febru\u0101r\u012b pasaules \u010dempion\u0101ta laik\u0101 notika konflikts starp biatlonistu Andreju Rastorgujevu un Brici, p\u0113c kura sportists apgalvoja,&hellip;\n","protected":false},"author":2,"featured_media":115847,"comment_status":"","ping_status":"","sticky":false,"template":"","format":"standard","meta":{"footnotes":""},"categories":[17],"tags":[16007,1499,16012,26001,35,39,38,36,37,34,40,1500,67],"class_list":{"0":"post-115846","1":"post","2":"type-post","3":"status-publish","4":"format-standard","5":"has-post-thumbnail","7":"category-sports","8":"tag-baiba-bendika","9":"tag-biatlons","10":"tag-estere-volfa","11":"tag-ilmars-bricis","12":"tag-latvia","13":"tag-latvian","14":"tag-latviesu","15":"tag-latviesu-valoda","16":"tag-latviesuvaloda","17":"tag-latvija","18":"tag-lv","19":"tag-olimpiskas-speles","20":"tag-sports"},"share_on_mastodon":{"url":"https:\/\/pubeurope.com\/@lv\/115973070681082335","error":""},"_links":{"self":[{"href":"https:\/\/www.europesays.com\/lv\/wp-json\/wp\/v2\/posts\/115846","targetHints":{"allow":["GET"]}}],"collection":[{"href":"https:\/\/www.europesays.com\/lv\/wp-json\/wp\/v2\/posts"}],"about":[{"href":"https:\/\/www.europesays.com\/lv\/wp-json\/wp\/v2\/types\/post"}],"author":[{"embeddable":true,"href":"https:\/\/www.europesays.com\/lv\/wp-json\/wp\/v2\/users\/2"}],"replies":[{"embeddable":true,"href":"https:\/\/www.europesays.com\/lv\/wp-json\/wp\/v2\/comments?post=115846"}],"version-history":[{"count":0,"href":"https:\/\/www.europesays.com\/lv\/wp-json\/wp\/v2\/posts\/115846\/revisions"}],"wp:featuredmedia":[{"embeddable":true,"href":"https:\/\/www.europesays.com\/lv\/wp-json\/wp\/v2\/media\/115847"}],"wp:attachment":[{"href":"https:\/\/www.europesays.com\/lv\/wp-json\/wp\/v2\/media?parent=115846"}],"wp:term":[{"taxonomy":"category","embeddable":true,"href":"https:\/\/www.europesays.com\/lv\/wp-json\/wp\/v2\/categories?post=115846"},{"taxonomy":"post_tag","embeddable":true,"href":"https:\/\/www.europesays.com\/lv\/wp-json\/wp\/v2\/tags?post=115846"}],"curies":[{"name":"wp","href":"https:\/\/api.w.org\/{rel}","templated":true}]}}