{"id":115848,"date":"2026-01-28T13:57:14","date_gmt":"2026-01-28T13:57:14","guid":{"rendered":"https:\/\/www.europesays.com\/lv\/115848\/"},"modified":"2026-01-28T13:57:14","modified_gmt":"2026-01-28T13:57:14","slug":"polijas-arlietu-ministrs-aicina-masku-partraukt-krievijas-piekluvi-starlink","status":"publish","type":"post","link":"https:\/\/www.europesays.com\/lv\/115848\/","title":{"rendered":"Polijas \u0101rlietu ministrs aicina Masku p\u0101rtraukt Krievijas piek\u013cuvi &#8220;Starlink&#8221;"},"content":{"rendered":"<p>Sikorskis, kur\u0161 ir ar\u012b Polijas vicepremjers, pauda \u0161o aicin\u0101jumu p\u0113c ASV b\u0101z\u0113t\u0101 Kara izp\u0113tes instit\u016bta (ISW) atzinuma, ka Krievijas armija izmanto &#8220;Starlink&#8221; satel\u012btus, lai vad\u012btu savus dronu uzbrukumus dzi\u013ci Ukrainas teritorij\u0101.<\/p>\n<p>&#8220;Hei, lielais v\u012br @elonmusk, k\u0101p\u0113c j\u016bs neatturat krievus no &#8220;Starlink&#8221; izmanto\u0161anas uzbrukumos Ukrainas pils\u0113t\u0101m. Naudas peln\u012b\u0161ana no kara noziegumiem var kait\u0113t j\u016bsu z\u012bmolam,&#8221; Sikorskis rakst\u012bja Maska soci\u0101lo mediju platform\u0101 &#8220;X&#8221;.<\/p>\n<p>Masks 2024. gad\u0101 noliedza, ka &#8220;Starlink&#8221; termin\u0101\u013ci esot p\u0101rdoti Krievijai. Ukrainas izl\u016bkdienesti konstat\u0113ja, ka Krievijas armija ieguvusi \u0161os termin\u0101\u013cus no tre\u0161aj\u0101m valst\u012bm, nevis p\u0113c k\u0101da ofici\u0101la l\u012bguma ar Masku.<\/p>\n<p>ISW v\u0113st\u012bja, ka &#8220;krievu sp\u0113ki arvien vair\u0101k izmanto &#8220;Starlink&#8221; satel\u012btu sist\u0113mas, lai papla\u0161in\u0101tu trieciendronu BM-35 darb\u012bbas r\u0101diusu vid\u0113ja darb\u012bbas r\u0101diusa triecienu veik\u0161anai pret Ukrainas aizmuguri&#8221;.<\/p>\n<p>ISW zi\u0146oja, ka ar &#8220;Starlink&#8221; apr\u012bkotiem droniem BM-35 ir 500 kilometru darb\u012bbas r\u0101diuss, kas ietver &#8220;liel\u0101ko da\u013cu Ukrainas, visu Moldovu un da\u013cu Polijas, Rum\u0101nijas un Lietuvas, ja \u0161ie droni tiek palaisti no Krievijas vai okup\u0113t\u0101s Ukrainas&#8221;.<\/p>\n<p>Ar\u012b Ukrainas armija pla\u0161i izmanto &#8220;Starlink&#8221; saviem sakariem, t\u0101p\u0113c visp\u0101r\u0113ja \u0161o sakaru p\u0101rtrauk\u0161ana \u0161aj\u0101 teritorij\u0101 b\u016btu problem\u0101tiska.<\/p>\n<p>Krievija p\u0113d\u0113jos m\u0113ne\u0161os ir pastiprin\u0101jusi ikdienas dronu uzbrukumus Ukrainas karav\u012briem front\u0113, k\u0101 ar\u012b Ukrainas elektrostacij\u0101m un transporta infrastrukt\u016brai vis\u0101 valst\u012b. Uzbrukumos nakt\u012b uz pirmdienu tika palaisti apm\u0113ram 165 droni.<\/p>\n","protected":false},"excerpt":{"rendered":"Sikorskis, kur\u0161 ir ar\u012b Polijas vicepremjers, pauda \u0161o aicin\u0101jumu p\u0113c ASV b\u0101z\u0113t\u0101 Kara izp\u0113tes instit\u016bta (ISW) atzinuma, ka&hellip;\n","protected":false},"author":2,"featured_media":115849,"comment_status":"","ping_status":"","sticky":false,"template":"","format":"standard","meta":{"footnotes":""},"categories":[14],"tags":[23,57,28,29,32,33,22,79,30,31,35,39,38,36,37,34,40,20,72,26,27,15356,1474,24,25,276,54,55,56,21,58],"class_list":{"0":"post-115848","1":"post","2":"type-post","3":"status-publish","4":"format-standard","5":"has-post-thumbnail","7":"category-zinas-no-arvalstim","8":"tag-aktualitates","9":"tag-arvalstim","10":"tag-breaking-news","11":"tag-breakingnews","12":"tag-featured-news","13":"tag-featurednews","14":"tag-headlines","15":"tag-ilons-masks","16":"tag-latest-news","17":"tag-latestnews","18":"tag-latvia","19":"tag-latvian","20":"tag-latviesu","21":"tag-latviesu-valoda","22":"tag-latviesuvaloda","23":"tag-latvija","24":"tag-lv","25":"tag-news","26":"tag-polija","27":"tag-popularakas-zinas","28":"tag-popularakaszinas","29":"tag-radoslavs-sikorskis","30":"tag-starlink","31":"tag-top-stories","32":"tag-topstories","33":"tag-ukraina","34":"tag-world","35":"tag-world-news","36":"tag-worldnews","37":"tag-zinas","38":"tag-zinas-no-arvalstim"},"share_on_mastodon":{"url":"https:\/\/pubeurope.com\/@lv\/115973078656726410","error":""},"_links":{"self":[{"href":"https:\/\/www.europesays.com\/lv\/wp-json\/wp\/v2\/posts\/115848","targetHints":{"allow":["GET"]}}],"collection":[{"href":"https:\/\/www.europesays.com\/lv\/wp-json\/wp\/v2\/posts"}],"about":[{"href":"https:\/\/www.europesays.com\/lv\/wp-json\/wp\/v2\/types\/post"}],"author":[{"embeddable":true,"href":"https:\/\/www.europesays.com\/lv\/wp-json\/wp\/v2\/users\/2"}],"replies":[{"embeddable":true,"href":"https:\/\/www.europesays.com\/lv\/wp-json\/wp\/v2\/comments?post=115848"}],"version-history":[{"count":0,"href":"https:\/\/www.europesays.com\/lv\/wp-json\/wp\/v2\/posts\/115848\/revisions"}],"wp:featuredmedia":[{"embeddable":true,"href":"https:\/\/www.europesays.com\/lv\/wp-json\/wp\/v2\/media\/115849"}],"wp:attachment":[{"href":"https:\/\/www.europesays.com\/lv\/wp-json\/wp\/v2\/media?parent=115848"}],"wp:term":[{"taxonomy":"category","embeddable":true,"href":"https:\/\/www.europesays.com\/lv\/wp-json\/wp\/v2\/categories?post=115848"},{"taxonomy":"post_tag","embeddable":true,"href":"https:\/\/www.europesays.com\/lv\/wp-json\/wp\/v2\/tags?post=115848"}],"curies":[{"name":"wp","href":"https:\/\/api.w.org\/{rel}","templated":true}]}}