{"id":115850,"date":"2026-01-28T13:58:10","date_gmt":"2026-01-28T13:58:10","guid":{"rendered":"https:\/\/www.europesays.com\/lv\/115850\/"},"modified":"2026-01-28T13:58:10","modified_gmt":"2026-01-28T13:58:10","slug":"tiek-izstradats-detalizets-plans-austrumu-pierobezas-dzelzcelu-un-celu-parrausanai-nepieciesamibas-gadijuma","status":"publish","type":"post","link":"https:\/\/www.europesays.com\/lv\/115850\/","title":{"rendered":"Tiek izstr\u0101d\u0101ts detaliz\u0113ts pl\u0101ns austrumu pierobe\u017eas dzelzce\u013cu un ce\u013cu p\u0101rrau\u0161anai nepiecie\u0161am\u012bbas gad\u012bjum\u0101"},"content":{"rendered":"<p>&#8220;Ja milit\u0101rais apdraud\u0113jums palielin\u0101s, tad m\u0113s ar\u012b neizsl\u0113dzam ce\u013cu un dzelzce\u013cu demont\u0101\u017eu,&#8221; nor\u0101d\u012bja ministrs.<\/p>\n<p>Spr\u016bds skaidroja, ka gan Milit\u0101r\u0101 padome, gan Satiksmes ministrija ir iesniegu\u0161as apkopojumu \u0161aj\u0101 jaut\u0101jum\u0101. &#8220;Skaidrs, ka pamatprincipi ir skaidri. \u0160ie padomi ir j\u0101\u0146em v\u0113r\u0101. Neviens okupantu milit\u0101rais vagons Latvijas teritorij\u0101 nebrauks,&#8221; t\u0101 jaut\u0101jumu, vai austrumu robe\u017eas stiprin\u0101\u0161an\u0101 ietilpst slie\u017eu nojauk\u0161ana pie robe\u017eas ar Krieviju un Baltkrieviju, koment\u0113ja ministrs.<\/p>\n<p>Vaic\u0101ts par V\u0101cijas laikraksta &#8220;Welt&#8221; zi\u0146oto, ka NATO pl\u0101no iev\u0113rojami palielin\u0101t iero\u010du un mun\u012bcijas kr\u0101jumus austrumu flang\u0101 un izveidot jaunu aizsardz\u012bbas zonu, un jaut\u0101ts, vai tas Latvijai paredz kaut ko jaunu, Spr\u016bds skaidroja, ka kop\u012bgi ar sabiedrotajiem notiek virz\u012bba vair\u0101kos lielajos austrumu robe\u017eas stiprin\u0101\u0161anu jaut\u0101jumos. Ministrs sol\u012bja, ka, tikl\u012bdz b\u016bs nepiecie\u0161ams papildu skaidrojums iedz\u012bvot\u0101jiem, dialogs notiks.<\/p>\n<p>K\u0101 v\u0113st\u012bts, Saeima iepriek\u0161 noraid\u012bja opoz\u012bcij\u0101 eso\u0161\u0101s Nacion\u0101l\u0101s apvien\u012bbas l\u0113mumprojektu, kas paredz\u0113ja demont\u0113t Latvijas-Krievijas pierobe\u017eas dzelzce\u013ca infrastrukt\u016bru.<\/p>\n<p>Vienlaikus vair\u0101k\u0101m Latvijas ministrij\u0101m un dro\u0161\u012bbas iest\u0101d\u0113m bija uzdots l\u012bdz 2025. gada beig\u0101m sagatavot atzinumu par to, k\u0101du ietekmi Latvijai rad\u012btu slie\u017eu nojauk\u0161ana Krievijas pierobe\u017e\u0101. Turkl\u0101t Baltijas valstu prezidenti ir uzsv\u0113ru\u0161i, ka \u0161\u0101dam l\u0113mumam j\u0101b\u016bt kop\u012bgam.<\/p>\n<p>K\u0101 iepriek\u0161 nor\u0101d\u012bja Spr\u016bds, ja milit\u0101ro ekspertu un dro\u0161\u012bbas iest\u0101\u017eu atzinum\u0101 b\u016bs nor\u0101d\u012bts, ka pie austrumu robe\u017eas eso\u0161o dzelzce\u013ca slie\u017eu demont\u0101\u017ea ir efekt\u012bv\u0101kais risin\u0101jums Latvijas dro\u0161\u012bbas nosarg\u0101\u0161anai, \u0161is padoms tiks \u0146emts v\u0113r\u0101, koordin\u0113joties starp Baltijas valst\u012bm.<\/p>\n<p>Nacion\u0101lo bru\u0146oto sp\u0113ku komandieris Kaspars Pud\u0101ns decembra s\u0101kum\u0101 intervij\u0101 TV3 sac\u012bja, ka Latvijas armijai jau ir pl\u0101ni, k\u0101 zin\u0101mu apdraud\u0113jumu apst\u0101k\u013cos liegt mobilit\u0101ti pa dzelzce\u013cu.<\/p>\n","protected":false},"excerpt":{"rendered":"&#8220;Ja milit\u0101rais apdraud\u0113jums palielin\u0101s, tad m\u0113s ar\u012b neizsl\u0113dzam ce\u013cu un dzelzce\u013cu demont\u0101\u017eu,&#8221; nor\u0101d\u012bja ministrs. Spr\u016bds skaidroja, ka gan&hellip;\n","protected":false},"author":2,"featured_media":115851,"comment_status":"","ping_status":"","sticky":false,"template":"","format":"standard","meta":{"footnotes":""},"categories":[12],"tags":[23,574,625,28,29,1809,32,33,22,30,31,35,39,38,36,37,34,40,20,26,27,24,25,21],"class_list":{"0":"post-115850","1":"post","2":"type-post","3":"status-publish","4":"format-standard","5":"has-post-thumbnail","7":"category-latvija","8":"tag-aktualitates","9":"tag-andris-spruds","10":"tag-austrumu-robeza","11":"tag-breaking-news","12":"tag-breakingnews","13":"tag-dzelzcels","14":"tag-featured-news","15":"tag-featurednews","16":"tag-headlines","17":"tag-latest-news","18":"tag-latestnews","19":"tag-latvia","20":"tag-latvian","21":"tag-latviesu","22":"tag-latviesu-valoda","23":"tag-latviesuvaloda","24":"tag-latvija","25":"tag-lv","26":"tag-news","27":"tag-popularakas-zinas","28":"tag-popularakaszinas","29":"tag-top-stories","30":"tag-topstories","31":"tag-zinas"},"share_on_mastodon":{"url":"https:\/\/pubeurope.com\/@lv\/115973082459205381","error":""},"_links":{"self":[{"href":"https:\/\/www.europesays.com\/lv\/wp-json\/wp\/v2\/posts\/115850","targetHints":{"allow":["GET"]}}],"collection":[{"href":"https:\/\/www.europesays.com\/lv\/wp-json\/wp\/v2\/posts"}],"about":[{"href":"https:\/\/www.europesays.com\/lv\/wp-json\/wp\/v2\/types\/post"}],"author":[{"embeddable":true,"href":"https:\/\/www.europesays.com\/lv\/wp-json\/wp\/v2\/users\/2"}],"replies":[{"embeddable":true,"href":"https:\/\/www.europesays.com\/lv\/wp-json\/wp\/v2\/comments?post=115850"}],"version-history":[{"count":0,"href":"https:\/\/www.europesays.com\/lv\/wp-json\/wp\/v2\/posts\/115850\/revisions"}],"wp:featuredmedia":[{"embeddable":true,"href":"https:\/\/www.europesays.com\/lv\/wp-json\/wp\/v2\/media\/115851"}],"wp:attachment":[{"href":"https:\/\/www.europesays.com\/lv\/wp-json\/wp\/v2\/media?parent=115850"}],"wp:term":[{"taxonomy":"category","embeddable":true,"href":"https:\/\/www.europesays.com\/lv\/wp-json\/wp\/v2\/categories?post=115850"},{"taxonomy":"post_tag","embeddable":true,"href":"https:\/\/www.europesays.com\/lv\/wp-json\/wp\/v2\/tags?post=115850"}],"curies":[{"name":"wp","href":"https:\/\/api.w.org\/{rel}","templated":true}]}}