{"id":115920,"date":"2026-01-28T15:37:07","date_gmt":"2026-01-28T15:37:07","guid":{"rendered":"https:\/\/www.europesays.com\/lv\/115920\/"},"modified":"2026-01-28T15:37:07","modified_gmt":"2026-01-28T15:37:07","slug":"uefa-maigi-soda-krievu-futzalistu-kurs-eiropas-cempionata-rupji-nolamaja-ukrainus-2","status":"publish","type":"post","link":"https:\/\/www.europesays.com\/lv\/115920\/","title":{"rendered":"UEFA maigi soda krievu futz\u0101listu, kur\u0161 Eiropas \u010dempion\u0101t\u0101 rupji nolam\u0101ja ukrai\u0146us"},"content":{"rendered":"<p>Jau zi\u0146ots, ka pag\u0101ju\u0161aj\u0101 ceturtdien\u0101 Kau\u0146\u0101 notiku\u0161aj\u0101 Eiropas \u010dempion\u0101ta sp\u0113l\u0113 Arm\u0113nija ar rezult\u0101tu 2:1 uzvar\u0113ja Ukrainu. P\u0113c uzvaras \u0145evedrovs telev\u012bzijas kamer\u0101 izkliedza rupjus lamuv\u0101rdus Ukrainas virzien\u0101 un p\u0113c tam ar\u012b sav\u0101 &#8220;Instagram&#8221; profil\u0101 izgaisto\u0161aj\u0101 zi\u0146\u0101 Ukrainas karogam virs\u016b uzlika izsmejo\u0161u emocijz\u012bmi.<\/p>\n<blockquote class=\"twitter-tweet\" data-media-max-width=\"560\">\n<p lang=\"ru\" dir=\"ltr\">\ud83c\uddfa\ud83c\udde6\u041e\u0444\u0438\u0446\u0438\u0430\u043b\u044c\u043d\u043e: \u0423\u043a\u0440\u0430\u0438\u043d\u0441\u043a\u0430\u044f \u0430\u0441\u0441\u043e\u0446\u0438\u0430\u0446\u0438\u044f \u0444\u0443\u0442\u0431\u043e\u043b\u0430 \u043e\u0431\u0440\u0430\u0442\u0438\u043b\u0430\u0441\u044c \u0432 \u0423\u0415\u0424\u0410 \u0432 \u0441\u0432\u044f\u0437\u0438 \u0441 \u0438\u043d\u0446\u0438\u0434\u0435\u043d\u0442\u043e\u043c, \u043f\u0440\u043e\u0438\u0437\u043e\u0448\u0435\u0434\u0448\u0438\u043c \u043f\u043e\u0441\u043b\u0435 \u043c\u0430\u0442\u0447\u0430 \u0410\u0440\u043c\u0435\u043d\u0438\u0438 \u0438 \u0423\u043a\u0440\u0430\u0438\u043d\u044b.<\/p>\n<p>\u041f\u0440\u0438\u0447\u0438\u043d\u043e\u0439 \u0441\u0442\u0430\u043b\u0430 \u044d\u043c\u043e\u0446\u0438\u043e\u043d\u0430\u043b\u044c\u043d\u0430\u044f \u0440\u0435\u0430\u043a\u0446\u0438\u044f \u043f\u043e\u0441\u043b\u0435 \u0444\u0438\u043d\u0430\u043b\u044c\u043d\u043e\u0433\u043e \u0441\u0432\u0438\u0441\u0442\u043a\u0430 \u0432\u044b\u0441\u0442\u0443\u043f\u0430\u044e\u0449\u0435\u0433\u043e \u0437\u0430 \u00ab\u0422\u044e\u043c\u0435\u043d\u044c\u00bb \u0414\u0435\u043d\u0438\u0441\u0430 \u041d\u0435\u0432\u0435\u0434\u0440\u043e\u0432\u0430, \u0430 \u0442\u0430\u043a\u0436\u0435 \u044d\u043c\u043e\u0434\u0437\u0438 \u0432 Instagram. <a target=\"_blank\" rel=\"noopener noreferrer nofollow\" href=\"https:\/\/t.co\/h6JIfXKRcz\">pic.twitter.com\/h6JIfXKRcz<\/a><\/p>\n<p>\u2014 Futsal Legends (@Futsal_Legends) <a target=\"_blank\" rel=\"noopener noreferrer nofollow\" href=\"https:\/\/twitter.com\/Futsal_Legends\/status\/2014744268108128385?ref_src=twsrc%5Etfw\">January 23, 2026<\/a><\/p>\n<\/blockquote>\n<p>K\u0101 medijam &#8220;tribuna.com&#8221; apstiprin\u0101ja Ukrainas Futbola asoci\u0101cij\u0101 (UAF), \u0145evedrovam piespriesta vienas sp\u0113les diskvalifik\u0101cija un viena gada p\u0101rbaudes laiks.<\/p>\n<p>S\u0101kotn\u0113ji sp\u0113l\u0113t\u0101jam tika piespriesta pilnv\u0113rt\u012bga diskvalifik\u0101cija, ta\u010du p\u0113c Arm\u0113nijas izlases apel\u0101cijas t\u0101 m\u012bkstin\u0101ta uz nosac\u012btu sodu. UEFA atk\u0101rtotu UAF apel\u0101ciju neizskat\u012bja.<\/p>\n<p>31 gadu vecais \u0145evedrovs Arm\u0113nijas pilson\u012bbu sa\u0146\u0113ma 2021. gad\u0101. Savulaik Krievijas U-21 izlas\u0113 sp\u0113l\u0113ju\u0161ais futbolists profesion\u0101\u013ca gaitas turpina dzimten\u0113.<\/p>\n<p>Arm\u0113nijas izlase Eiropas \u010dempion\u0101t\u0101 B grup\u0101 ar div\u0101m uzvar\u0101m div\u0101s sp\u0113l\u0113s ie\u0146em pirmo vietu un jau ir garant\u0113jusi vietu ceturtda\u013cfin\u0101l\u0101. Arm\u0113\u0146i teor\u0113tiski var tikties ar Latvijas izlasi R\u012bg\u0101 c\u012b\u0146\u0101 par vietu pusfin\u0101l\u0101, ja latvie\u0161iem izdosies iek\u013c\u016bt izsl\u0113g\u0161anas sp\u0113l\u0113s.<\/p>\n<p><script async src=\"https:\/\/platform.twitter.com\/widgets.js\" charset=\"utf-8\"><\/script><\/p>\n","protected":false},"excerpt":{"rendered":"Jau zi\u0146ots, ka pag\u0101ju\u0161aj\u0101 ceturtdien\u0101 Kau\u0146\u0101 notiku\u0161aj\u0101 Eiropas \u010dempion\u0101ta sp\u0113l\u0113 Arm\u0113nija ar rezult\u0101tu 2:1 uzvar\u0113ja Ukrainu. P\u0113c uzvaras&hellip;\n","protected":false},"author":2,"featured_media":115921,"comment_status":"","ping_status":"","sticky":false,"template":"","format":"standard","meta":{"footnotes":""},"categories":[17],"tags":[714,676,1375,6630,35,39,38,36,37,34,40,67,2313,276],"class_list":{"0":"post-115920","1":"post","2":"type-post","3":"status-publish","4":"format-standard","5":"has-post-thumbnail","7":"category-sports","8":"tag-futbola-jaunumi","9":"tag-futbols","10":"tag-futbols-pasaule","11":"tag-futzals","12":"tag-latvia","13":"tag-latvian","14":"tag-latviesu","15":"tag-latviesu-valoda","16":"tag-latviesuvaloda","17":"tag-latvija","18":"tag-lv","19":"tag-sports","20":"tag-telpu-futbols","21":"tag-ukraina"},"share_on_mastodon":{"url":"https:\/\/pubeurope.com\/@lv\/115973471739834144","error":""},"_links":{"self":[{"href":"https:\/\/www.europesays.com\/lv\/wp-json\/wp\/v2\/posts\/115920","targetHints":{"allow":["GET"]}}],"collection":[{"href":"https:\/\/www.europesays.com\/lv\/wp-json\/wp\/v2\/posts"}],"about":[{"href":"https:\/\/www.europesays.com\/lv\/wp-json\/wp\/v2\/types\/post"}],"author":[{"embeddable":true,"href":"https:\/\/www.europesays.com\/lv\/wp-json\/wp\/v2\/users\/2"}],"replies":[{"embeddable":true,"href":"https:\/\/www.europesays.com\/lv\/wp-json\/wp\/v2\/comments?post=115920"}],"version-history":[{"count":0,"href":"https:\/\/www.europesays.com\/lv\/wp-json\/wp\/v2\/posts\/115920\/revisions"}],"wp:featuredmedia":[{"embeddable":true,"href":"https:\/\/www.europesays.com\/lv\/wp-json\/wp\/v2\/media\/115921"}],"wp:attachment":[{"href":"https:\/\/www.europesays.com\/lv\/wp-json\/wp\/v2\/media?parent=115920"}],"wp:term":[{"taxonomy":"category","embeddable":true,"href":"https:\/\/www.europesays.com\/lv\/wp-json\/wp\/v2\/categories?post=115920"},{"taxonomy":"post_tag","embeddable":true,"href":"https:\/\/www.europesays.com\/lv\/wp-json\/wp\/v2\/tags?post=115920"}],"curies":[{"name":"wp","href":"https:\/\/api.w.org\/{rel}","templated":true}]}}