{"id":115927,"date":"2026-01-28T15:44:07","date_gmt":"2026-01-28T15:44:07","guid":{"rendered":"https:\/\/www.europesays.com\/lv\/115927\/"},"modified":"2026-01-28T15:44:07","modified_gmt":"2026-01-28T15:44:07","slug":"amazon-likvides-vel-16-000-darbavietu","status":"publish","type":"post","link":"https:\/\/www.europesays.com\/lv\/115927\/","title":{"rendered":"&#8220;Amazon&#8221; likvid\u0113s v\u0113l 16 000 darbavietu"},"content":{"rendered":"<p>\u0160\u012b ir v\u0113rien\u012bg\u0101k\u0101 &#8220;Amazon&#8221; darbavietu likvid\u0113\u0161ana kop\u0161 2023. gada, kad uz\u0146\u0113mums str\u0101d\u0101jo\u0161o skaitu samazin\u0101ja par 27 000.<\/p>\n<p>Savuk\u0101rt p\u0113rn komp\u0101nija jau likvid\u0113ja 14 000 darbavietu.<\/p>\n<p>Tre\u0161dien &#8220;Amazon&#8221; nor\u0101d\u012bja, ka jaun\u0101kie restrukturiz\u0101cijas pas\u0101kumi galvenok\u0101rt skars str\u0101d\u0101jo\u0161os ASV.<\/p>\n<p>\u0160ie pl\u0101ni saist\u012bti ar p\u016bli\u0146iem samazin\u0101t izdevumus un str\u0101d\u0101jo\u0161o skaitu, kas tika strauji palielin\u0101ts koronav\u012brusa pand\u0113mijas laik\u0101, kad pat\u0113r\u0113t\u0101ji aizvien vair\u0101k s\u0101ka izmantot iepirk\u0161anos internet\u0101.<\/p>\n<p>T\u0101pat &#8220;Amazon&#8221; vad\u012bt\u0101js Endijs D\u017easijs p\u0113rn deva m\u0101jienus, ka uz\u0146\u0113mums turpm\u0101kajos gados, visticam\u0101k, samazin\u0101s str\u0101d\u0101jo\u0161o skaitu, jo aizvien vair\u0101k da\u017e\u0101du uzdevumu izpildei tiek izmantoti m\u0101ksl\u012bg\u0101 intelekta r\u012bki.<\/p>\n","protected":false},"excerpt":{"rendered":"\u0160\u012b ir v\u0113rien\u012bg\u0101k\u0101 &#8220;Amazon&#8221; darbavietu likvid\u0113\u0161ana kop\u0161 2023. gada, kad uz\u0146\u0113mums str\u0101d\u0101jo\u0161o skaitu samazin\u0101ja par 27 000. Savuk\u0101rt&hellip;\n","protected":false},"author":2,"featured_media":115928,"comment_status":"","ping_status":"","sticky":false,"template":"","format":"standard","meta":{"footnotes":""},"categories":[16],"tags":[4999,77,76,35,39,38,36,37,34,40,4966,733],"class_list":{"0":"post-115927","1":"post","2":"type-post","3":"status-publish","4":"format-standard","5":"has-post-thumbnail","7":"category-bizness","8":"tag-amazon","9":"tag-bizness","10":"tag-business","11":"tag-latvia","12":"tag-latvian","13":"tag-latviesu","14":"tag-latviesu-valoda","15":"tag-latviesuvaloda","16":"tag-latvija","17":"tag-lv","18":"tag-nodarbinatiba","19":"tag-tirdznieciba"},"share_on_mastodon":{"url":"https:\/\/pubeurope.com\/@lv\/115973499299353350","error":""},"_links":{"self":[{"href":"https:\/\/www.europesays.com\/lv\/wp-json\/wp\/v2\/posts\/115927","targetHints":{"allow":["GET"]}}],"collection":[{"href":"https:\/\/www.europesays.com\/lv\/wp-json\/wp\/v2\/posts"}],"about":[{"href":"https:\/\/www.europesays.com\/lv\/wp-json\/wp\/v2\/types\/post"}],"author":[{"embeddable":true,"href":"https:\/\/www.europesays.com\/lv\/wp-json\/wp\/v2\/users\/2"}],"replies":[{"embeddable":true,"href":"https:\/\/www.europesays.com\/lv\/wp-json\/wp\/v2\/comments?post=115927"}],"version-history":[{"count":0,"href":"https:\/\/www.europesays.com\/lv\/wp-json\/wp\/v2\/posts\/115927\/revisions"}],"wp:featuredmedia":[{"embeddable":true,"href":"https:\/\/www.europesays.com\/lv\/wp-json\/wp\/v2\/media\/115928"}],"wp:attachment":[{"href":"https:\/\/www.europesays.com\/lv\/wp-json\/wp\/v2\/media?parent=115927"}],"wp:term":[{"taxonomy":"category","embeddable":true,"href":"https:\/\/www.europesays.com\/lv\/wp-json\/wp\/v2\/categories?post=115927"},{"taxonomy":"post_tag","embeddable":true,"href":"https:\/\/www.europesays.com\/lv\/wp-json\/wp\/v2\/tags?post=115927"}],"curies":[{"name":"wp","href":"https:\/\/api.w.org\/{rel}","templated":true}]}}