{"id":115950,"date":"2026-01-28T16:15:07","date_gmt":"2026-01-28T16:15:07","guid":{"rendered":"https:\/\/www.europesays.com\/lv\/115950\/"},"modified":"2026-01-28T16:15:07","modified_gmt":"2026-01-28T16:15:07","slug":"uz-iranu-dodas-milziga-armada-tramps-ar-draudiem-mudina-iranu-iesaistities-kodolsarunas","status":"publish","type":"post","link":"https:\/\/www.europesays.com\/lv\/115950\/","title":{"rendered":"&#8220;Uz Ir\u0101nu dodas milz\u012bga arm\u0101da.&#8221; Tramps ar draudiem mudina Ir\u0101nu iesaist\u012bties kodolsarun\u0101s"},"content":{"rendered":"<p>&#8220;Cerams, ka <a href=\"https:\/\/www.apollo.lv\/term\/555447\/irana\" class=\"topicLink\" target=\"_blank\" rel=\"nofollow noopener\">Ir\u0101na<\/a> \u0101tri s\u0113d\u012bsies pie sarunu galda un vienosies par god\u012bgu un taisn\u012bgu vieno\u0161anos bez kodoliero\u010diem, kas b\u016btu izdev\u012bga vis\u0101m pus\u0113m. Laiks iet uz beig\u0101m,&#8221; <a href=\"https:\/\/www.apollo.lv\/term\/555410\/asv\" class=\"topicLink\" target=\"_blank\" rel=\"nofollow noopener\">ASV<\/a> prezidents pauda soci\u0101lajos t\u012bklos, nor\u0101dot, ka &#8220;uz Ir\u0101nu dodas milz\u012bga arm\u0101da&#8221;.<\/p>\n<p>&#8220;K\u0101 es jau reiz teicu Ir\u0101nai &#8211; nosl\u0113dziet vieno\u0161anos! Vi\u0146i to nedar\u012bja, un notika oper\u0101cija &#8220;Midnight Hammer&#8221;, nopietni post\u012bjumi Ir\u0101nai. N\u0101kamais uzbrukums b\u016bs daudz smag\u0101ks,&#8221; br\u012bdin\u0101ja Tramps.<\/p>\n<p>Ir\u0101nas \u0101rlietu ministrs Abass Arag\u010di nule pazi\u0146ojis, ka Ir\u0101na nepiedal\u012bsies sarun\u0101s milit\u0101ru draudu apst\u0101k\u013cos.<\/p>\n<p>&#8220;Diplom\u0101tijas \u012bsteno\u0161ana, izmantojot milit\u0101rus draudus, nevar b\u016bt efekt\u012bva vai lietder\u012bga,&#8221; tre\u0161dien telev\u012bzij\u0101 sac\u012bja Arag\u010di.<\/p>\n<p>&#8220;Ja vi\u0146i v\u0113las, lai sarunas notiktu, vi\u0146iem noteikti j\u0101atmet draudi, p\u0101rm\u0113r\u012bgas pras\u012bbas un nelo\u0123isku jaut\u0101jumu izvirz\u012b\u0161ana,&#8221; kl\u0101st\u012bja ministrs.<\/p>\n<p>ASV lidma\u0161\u012bnu b\u0101zes ku\u0123a &#8220;Abraham Lincoln&#8221; vad\u012bt\u0101 trieciengrupa ieradusies Tuvo Austrumu \u016bde\u0146os, pazi\u0146oja ASV Centr\u0101l\u0101 pav\u0113lniec\u012bba, neatkl\u0101jot prec\u012bzu t\u0101s atra\u0161an\u0101s vietu.<\/p>\n","protected":false},"excerpt":{"rendered":"&#8220;Cerams, ka Ir\u0101na \u0101tri s\u0113d\u012bsies pie sarunu galda un vienosies par god\u012bgu un taisn\u012bgu vieno\u0161anos bez kodoliero\u010diem, kas&hellip;\n","protected":false},"author":2,"featured_media":115951,"comment_status":"","ping_status":"","sticky":false,"template":"","format":"standard","meta":{"footnotes":""},"categories":[14],"tags":[23,57,292,28,29,542,32,33,22,2562,9483,30,31,35,39,38,36,37,34,40,20,26,27,23835,24,25,54,55,56,21,58],"class_list":{"0":"post-115950","1":"post","2":"type-post","3":"status-publish","4":"format-standard","5":"has-post-thumbnail","7":"category-zinas-no-arvalstim","8":"tag-aktualitates","9":"tag-arvalstim","10":"tag-asv","11":"tag-breaking-news","12":"tag-breakingnews","13":"tag-donalds-tramps","14":"tag-featured-news","15":"tag-featurednews","16":"tag-headlines","17":"tag-irana","18":"tag-kodolieroci","19":"tag-latest-news","20":"tag-latestnews","21":"tag-latvia","22":"tag-latvian","23":"tag-latviesu","24":"tag-latviesu-valoda","25":"tag-latviesuvaloda","26":"tag-latvija","27":"tag-lv","28":"tag-news","29":"tag-popularakas-zinas","30":"tag-popularakaszinas","31":"tag-saspilejums-asv-un-iranas-attiecibas","32":"tag-top-stories","33":"tag-topstories","34":"tag-world","35":"tag-world-news","36":"tag-worldnews","37":"tag-zinas","38":"tag-zinas-no-arvalstim"},"share_on_mastodon":{"url":"https:\/\/pubeurope.com\/@lv\/115973621206202460","error":""},"_links":{"self":[{"href":"https:\/\/www.europesays.com\/lv\/wp-json\/wp\/v2\/posts\/115950","targetHints":{"allow":["GET"]}}],"collection":[{"href":"https:\/\/www.europesays.com\/lv\/wp-json\/wp\/v2\/posts"}],"about":[{"href":"https:\/\/www.europesays.com\/lv\/wp-json\/wp\/v2\/types\/post"}],"author":[{"embeddable":true,"href":"https:\/\/www.europesays.com\/lv\/wp-json\/wp\/v2\/users\/2"}],"replies":[{"embeddable":true,"href":"https:\/\/www.europesays.com\/lv\/wp-json\/wp\/v2\/comments?post=115950"}],"version-history":[{"count":0,"href":"https:\/\/www.europesays.com\/lv\/wp-json\/wp\/v2\/posts\/115950\/revisions"}],"wp:featuredmedia":[{"embeddable":true,"href":"https:\/\/www.europesays.com\/lv\/wp-json\/wp\/v2\/media\/115951"}],"wp:attachment":[{"href":"https:\/\/www.europesays.com\/lv\/wp-json\/wp\/v2\/media?parent=115950"}],"wp:term":[{"taxonomy":"category","embeddable":true,"href":"https:\/\/www.europesays.com\/lv\/wp-json\/wp\/v2\/categories?post=115950"},{"taxonomy":"post_tag","embeddable":true,"href":"https:\/\/www.europesays.com\/lv\/wp-json\/wp\/v2\/tags?post=115950"}],"curies":[{"name":"wp","href":"https:\/\/api.w.org\/{rel}","templated":true}]}}