{"id":115988,"date":"2026-01-28T17:22:20","date_gmt":"2026-01-28T17:22:20","guid":{"rendered":"https:\/\/www.europesays.com\/lv\/115988\/"},"modified":"2026-01-28T17:22:20","modified_gmt":"2026-01-28T17:22:20","slug":"bendika-un-volfa-neapmierinatas-ar-brica-atstasanu-arpus-olimpiskas-komandas-ziemas-sports-sportacentrs-com-2","status":"publish","type":"post","link":"https:\/\/www.europesays.com\/lv\/115988\/","title":{"rendered":"Bendika un Volfa neapmierin\u0101tas ar Bri\u010da atst\u0101\u0161anu \u0101rpus olimpisk\u0101s komandas \u2013 Ziemas sports \u2013 Sportacentrs.com"},"content":{"rendered":"<p>V\u0113stule adres\u0113ta Latvijas Olimpiskajai komitejai, Latvijas Biatlona feder\u0101cijai, Latvijas Izgl\u012bt\u012bbas un zin\u0101tnes ministrijai, k\u0101 ar\u012b medijiem.<\/p>\n<p>Bendika un Volfa v\u0113stul\u0113 apstiprin\u0101ja, ka LBF valdei l\u016bgu\u0161as Brici olimpiskaj\u0101 komand\u0101 iek\u013caut k\u0101 treneri, nevis atbalsta person\u0101la p\u0101rst\u0101vi. K\u0101 nor\u0101d\u012bja biatlonistes, vi\u0146u iesniegums noraid\u012bts, pamatojoties uz citu sportistu interes\u0113m. Turpin\u0101jum\u0101 Volfas un Bendikas 22. janv\u0101ra iesniegums LBF prezidentam Kasparam Sakni\u0146am:<\/p>\n<p>K\u0101 divas vado\u0161\u0101s Latvijas izlases biatlonistes, es Baiba Bendika un Estere Volfa, l\u016bdzam iek\u013caut Olimpisk\u0101s komandas sast\u0101v\u0101 m\u016bsu treneri Ilm\u0101ru Brici. Apzin\u0101mies, ka \u0161is gads ir bijis sare\u017e\u0123\u012bts un zin\u0101j\u0101m, ka l\u012bdz 18. janv\u0101rim I.Bricim b\u016bs akt\u012bva diskvalifik\u0101cija, kas liedza m\u016bsu treneri iek\u013caut sast\u0101v\u0101 savlaic\u012bgi. M\u016bsu m\u0113r\u0137is Olimpiskaj\u0101s sp\u0113l\u0113s ir c\u012bn\u012bties par augst\u0101m un \u013coti augst\u0101m viet\u0101m, ko esam pier\u0101d\u012bju\u0161as ar savu \u0101trumu tras\u0113 un sp\u0113ju sasniegt augstv\u0113rt\u012bgus rezult\u0101tus ar\u012b \u0161\u012bs sezonas laik\u0101, liekot Latvijas v\u0101rdam izskan\u0113t ska\u013ci jau pirms sp\u0113\u013cu s\u0101k\u0161an\u0101s.<\/p>\n<p>M\u0113s \u013coti labi apzin\u0101mies trenera milz\u012bgo pieredzi un sp\u0113ju sportistus sagatavot tie\u0161i sezonas galvenajiem startiem, t\u0101p\u0113c mums ir svar\u012bgi trenera kl\u0101tb\u016btne un atbalsts, lai pie\u0146emtu pareizos l\u0113mumus un sp\u0113tu tras\u0113 par\u0101d\u012bt m\u016bsu kop\u0113jo ieguld\u012bto darbu. T\u0101pat I.Bricim ir b\u016btiskas zin\u0101\u0161anas m\u016bsu sl\u0113pju izv\u0113l\u0113 un zin\u0101m, ka tie\u0161i sl\u0113pju servisa komanda \u013coti r\u0113\u0137in\u0101j\u0101s ar papildus pal\u012bdz\u012bbu un Ilm\u0101ra zin\u0101\u0161an\u0101m, lai vienm\u0113r pie\u0146emtu pa\u0161us lab\u0101kos l\u0113mumus un kop\u0101 sp\u0113tu veikt b\u016btiski liel\u0101ku darba apjomu sacens\u012bbu dien\u0101s.<\/p>\n<p>L\u016bdzam izskat\u012bt iesp\u0113ju m\u016bsu trenerim pie\u0161\u0137irt akredit\u0101ciju, kas mums dotu b\u016btisku stimulu kop\u012bgam darbam un pozit\u012bvas emocijas sp\u0113\u013cu laik\u0101.<\/p>\n<p>K\u0101 min\u0113ts v\u0113stul\u0113, LOK l\u0113ma Bricim pie\u0161\u0137irt akredit\u0101ciju ar nosac\u012bjumu, ka vi\u0146a uztur\u0113\u0161anos LBF sedz no saviem l\u012bdzek\u013ciem.<\/p>\n<p>\u2033Latvijas Biatlona feder\u0101cijas valde 2026. gada 26. janv\u0101r\u012b valdes s\u0113d\u0113 p\u0113k\u0161\u0146i lemj, ka Ilm\u0101ra Bri\u010da kl\u0101tb\u016btnes nepiecie\u0161am\u012bba olimpiskaj\u0101s sp\u0113l\u0113s nav objekt\u012bvi pier\u0101d\u0101ma. V\u0113lamies v\u0113rst uzman\u012bbu, ka olimpisk\u0101s sp\u0113les mums ir svar\u012bg\u0101k\u0101s sacens\u012bbas \u0161aj\u0101 sezon\u0101. M\u016bsu l\u016bgums iek\u013caut m\u016bsu treneri olimpisk\u0101s komandas sast\u0101v\u0101, balstoties uz m\u016bsu rezult\u0101tiem, ir pamatots,\u2033 rakst\u012bju\u0161as Bendika un Volfa.<\/p>\n","protected":false},"excerpt":{"rendered":"V\u0113stule adres\u0113ta Latvijas Olimpiskajai komitejai, Latvijas Biatlona feder\u0101cijai, Latvijas Izgl\u012bt\u012bbas un zin\u0101tnes ministrijai, k\u0101 ar\u012b medijiem. Bendika un&hellip;\n","protected":false},"author":2,"featured_media":101627,"comment_status":"","ping_status":"","sticky":false,"template":"","format":"standard","meta":{"footnotes":""},"categories":[5],"tags":[23,28,29,32,33,22,30,31,35,39,38,36,37,34,40,20,26,27,24,25,620,21],"class_list":{"0":"post-115988","1":"post","2":"type-post","3":"status-publish","4":"format-standard","5":"has-post-thumbnail","7":"category-aktualitates","8":"tag-aktualitates","9":"tag-breaking-news","10":"tag-breakingnews","11":"tag-featured-news","12":"tag-featurednews","13":"tag-headlines","14":"tag-latest-news","15":"tag-latestnews","16":"tag-latvia","17":"tag-latvian","18":"tag-latviesu","19":"tag-latviesu-valoda","20":"tag-latviesuvaloda","21":"tag-latvija","22":"tag-lv","23":"tag-news","24":"tag-popularakas-zinas","25":"tag-popularakaszinas","26":"tag-top-stories","27":"tag-topstories","28":"tag-ziemas-sports","29":"tag-zinas"},"share_on_mastodon":{"url":"https:\/\/pubeurope.com\/@lv\/115973884656544162","error":""},"_links":{"self":[{"href":"https:\/\/www.europesays.com\/lv\/wp-json\/wp\/v2\/posts\/115988","targetHints":{"allow":["GET"]}}],"collection":[{"href":"https:\/\/www.europesays.com\/lv\/wp-json\/wp\/v2\/posts"}],"about":[{"href":"https:\/\/www.europesays.com\/lv\/wp-json\/wp\/v2\/types\/post"}],"author":[{"embeddable":true,"href":"https:\/\/www.europesays.com\/lv\/wp-json\/wp\/v2\/users\/2"}],"replies":[{"embeddable":true,"href":"https:\/\/www.europesays.com\/lv\/wp-json\/wp\/v2\/comments?post=115988"}],"version-history":[{"count":0,"href":"https:\/\/www.europesays.com\/lv\/wp-json\/wp\/v2\/posts\/115988\/revisions"}],"wp:featuredmedia":[{"embeddable":true,"href":"https:\/\/www.europesays.com\/lv\/wp-json\/wp\/v2\/media\/101627"}],"wp:attachment":[{"href":"https:\/\/www.europesays.com\/lv\/wp-json\/wp\/v2\/media?parent=115988"}],"wp:term":[{"taxonomy":"category","embeddable":true,"href":"https:\/\/www.europesays.com\/lv\/wp-json\/wp\/v2\/categories?post=115988"},{"taxonomy":"post_tag","embeddable":true,"href":"https:\/\/www.europesays.com\/lv\/wp-json\/wp\/v2\/tags?post=115988"}],"curies":[{"name":"wp","href":"https:\/\/api.w.org\/{rel}","templated":true}]}}