{"id":115989,"date":"2026-01-28T17:24:13","date_gmt":"2026-01-28T17:24:13","guid":{"rendered":"https:\/\/www.europesays.com\/lv\/115989\/"},"modified":"2026-01-28T17:24:13","modified_gmt":"2026-01-28T17:24:13","slug":"latvijas-bobslejists-grantins-izcina-vel-vienu-zeltu-pasaules-u-23-cempionata","status":"publish","type":"post","link":"https:\/\/www.europesays.com\/lv\/115989\/","title":{"rendered":"Latvijas bobslejists Granti\u0146\u0161 izc\u012bna v\u0113l vienu zeltu pasaules U-23 \u010dempion\u0101t\u0101"},"content":{"rendered":"<p>Jau zi\u0146ots, ka pirmdien Granti\u0146\u0161 ar st\u016bm\u0113ju Nilu Meijeru uzvar\u0113ja U-23 divnieku ekip\u0101\u017eu sacens\u012bb\u0101s, bet junioru ieskait\u0113 ie\u0146\u0113ma ceturto vietu.<\/p>\n<p>Ar\u012b \u010detrinieku sacens\u012bb\u0101s Granti\u0146a pilot\u0113tais \u010detrinieks junioru \u010dempion\u0101t\u0101 ie\u0146\u0113ma ceturto vietu, bet pirmais trijnieks bija t\u0101ds pats k\u0101 divniekos.<\/p>\n<p>Glu\u017ei k\u0101 divnieku sacens\u012bb\u0101s, ar\u012b \u010detriniekos uzvar\u0113ja v\u0101cie\u0161a Laurina Cerna ekip\u0101\u017ea, kas divu braucienu summ\u0101 uzr\u0101d\u012bja rezult\u0101tu divas min\u016btes un 11,78 sekundes.<\/p>\n<p>Otr\u0101 fini\u0161\u0113ja vi\u0146a tautie\u0161a Tobiasa Dosthallera ekip\u0101\u017ea, kura atpalika tikai 0,77 sekundes, bet uz goda pjedest\u0101la tre\u0161\u0101 pak\u0101piena ar 1,25 sekun\u017eu defic\u012btu st\u0101j\u0101s v\u0113l viena v\u0101cie\u0161a Aleksandra \u010cudaja \u010detrinieks.<\/p>\n<p>Granti\u0146\u0161 ar st\u016bm\u0113jiem Nilu Meijeru, Mat\u012bsu Gulbi un Andri Skadi\u0146u junioru ieskait\u0113 no uzvar\u0113t\u0101jiem atpalika 1,92 sekundes, bet bija lab\u0101kie U-23 grup\u0101, par 1,61 sekundi apsteidzot vien\u012bg\u0101 konkurenta \u0161veicie\u0161a Svena Lukas Rengli \u010detrinieku.<\/p>\n<p>Junioru sacens\u012bb\u0101s piedal\u012bj\u0101s desmit ekip\u0101\u017eas, bet U-23 ieskait\u0113 &#8211; divas.<\/p>\n","protected":false},"excerpt":{"rendered":"Jau zi\u0146ots, ka pirmdien Granti\u0146\u0161 ar st\u016bm\u0113ju Nilu Meijeru uzvar\u0113ja U-23 divnieku ekip\u0101\u017eu sacens\u012bb\u0101s, bet junioru ieskait\u0113 ie\u0146\u0113ma&hellip;\n","protected":false},"author":2,"featured_media":115990,"comment_status":"","ping_status":"","sticky":false,"template":"","format":"standard","meta":{"footnotes":""},"categories":[17],"tags":[2158,35,39,38,36,37,34,40,67],"class_list":{"0":"post-115989","1":"post","2":"type-post","3":"status-publish","4":"format-standard","5":"has-post-thumbnail","7":"category-sports","8":"tag-bobslejs","9":"tag-latvia","10":"tag-latvian","11":"tag-latviesu","12":"tag-latviesu-valoda","13":"tag-latviesuvaloda","14":"tag-latvija","15":"tag-lv","16":"tag-sports"},"share_on_mastodon":{"url":"https:\/\/pubeurope.com\/@lv\/115973892531353010","error":""},"_links":{"self":[{"href":"https:\/\/www.europesays.com\/lv\/wp-json\/wp\/v2\/posts\/115989","targetHints":{"allow":["GET"]}}],"collection":[{"href":"https:\/\/www.europesays.com\/lv\/wp-json\/wp\/v2\/posts"}],"about":[{"href":"https:\/\/www.europesays.com\/lv\/wp-json\/wp\/v2\/types\/post"}],"author":[{"embeddable":true,"href":"https:\/\/www.europesays.com\/lv\/wp-json\/wp\/v2\/users\/2"}],"replies":[{"embeddable":true,"href":"https:\/\/www.europesays.com\/lv\/wp-json\/wp\/v2\/comments?post=115989"}],"version-history":[{"count":0,"href":"https:\/\/www.europesays.com\/lv\/wp-json\/wp\/v2\/posts\/115989\/revisions"}],"wp:featuredmedia":[{"embeddable":true,"href":"https:\/\/www.europesays.com\/lv\/wp-json\/wp\/v2\/media\/115990"}],"wp:attachment":[{"href":"https:\/\/www.europesays.com\/lv\/wp-json\/wp\/v2\/media?parent=115989"}],"wp:term":[{"taxonomy":"category","embeddable":true,"href":"https:\/\/www.europesays.com\/lv\/wp-json\/wp\/v2\/categories?post=115989"},{"taxonomy":"post_tag","embeddable":true,"href":"https:\/\/www.europesays.com\/lv\/wp-json\/wp\/v2\/tags?post=115989"}],"curies":[{"name":"wp","href":"https:\/\/api.w.org\/{rel}","templated":true}]}}