{"id":115999,"date":"2026-01-28T17:44:12","date_gmt":"2026-01-28T17:44:12","guid":{"rendered":"https:\/\/www.europesays.com\/lv\/115999\/"},"modified":"2026-01-28T17:44:12","modified_gmt":"2026-01-28T17:44:12","slug":"austrijas-eksministrei-kneislai-rosina-atnemt-pilsonibu-2","status":"publish","type":"post","link":"https:\/\/www.europesays.com\/lv\/115999\/","title":{"rendered":"Austrijas eksministrei Kneislai rosina at\u0146emt pilson\u012bbu"},"content":{"rendered":"<p>Kneisla ministra amatu ie\u0146\u0113ma no 2017. l\u012bdz 2019. gadam, bet kop\u0161 2023. gada dz\u012bvo Krievij\u0101. Ierosin\u0101jums par pilson\u012bbas at\u0146em\u0161anu pieteikts p\u0113c Kneislas negat\u012bvajiem izteikumiem par savu dzimteni.<\/p>\n<p>NEOS \u0161oned\u0113\u013c pazi\u0146oja, ka partija gatavo juridisku s\u016bdz\u012bbu, lai s\u0101ktu pilson\u012bbas at\u0146em\u0161anas proced\u016bru.<\/p>\n<p>Kneisla &#8220;izplata apmaks\u0101tu propagandu Krievijas prezidenta Vladimira Putina un vi\u0146am l\u012bdz\u012bgo interes\u0113s&#8221;, nor\u0101da NEOS.<\/p>\n<blockquote class=\"quote ck-widget\" contenteditable=\"false\">\n<p>&#8220;Putina dienest\u0101 Kneisla simboliski izplata tikai vienu v\u0113st\u012bjumu &#8211; <a href=\"https:\/\/www.tvnet.lv\/term\/555460\/austrija\" class=\"topicLink\" target=\"_blank\" rel=\"nofollow noopener\">Austrija<\/a> ir v\u0101rti uz elli, Putina <a href=\"https:\/\/www.tvnet.lv\/term\/555452\/krievija\" class=\"topicLink\" target=\"_blank\" rel=\"nofollow noopener\">Krievija<\/a> &#8211; parad\u012bzes d\u0101rzs,&#8221; nor\u0101d\u012bja parlamenta deput\u0101ts Janniks \u0160eti, kas p\u0101rst\u0101v NEOS.<\/p>\n<\/blockquote>\n<p>\u0160eti ar\u012b kritiz\u0113ja Kneislu par to, ka vi\u0146a k\u0101 bijus\u012b Austrijas \u0101rlietu ministre izmanto savu statusu komerci\u0101los nol\u016bkos.<\/p>\n<p>Kneisla bija \u0101rlietu ministre kanclera Sebastiana Kurca centriski lab\u0113j\u0101s koal\u012bcijas vald\u012bb\u0101. Amatam vi\u0146u izvirz\u012bja eiroskepti\u0137u Br\u012bv\u012bbas partija.<\/p>\n<p>2021. gad\u0101 Kneisla pievienoj\u0101s Krievijas valsts uz\u0146\u0113muma &#8220;Ros\u0146eftj&#8221; direktoru padomei. Vi\u0146a no t\u0101s atk\u0101p\u0101s 2022. gada maij\u0101.<\/p>\n<p>Eksministre ar\u012b rakst\u012bjusi publik\u0101cijas Krievijas propagandas medijam RT.<\/p>\n<p>2023. gada august\u0101 tika zi\u0146ots, ka Kneisla apmetusies uz dz\u012bvi ciemat\u0101 Rjaza\u0146as apgabal\u0101 un ka vi\u0146ai pied\u0101v\u0101ts sadarboties ar Sanktp\u0113terburgas universit\u0101tes Krievijas att\u012bst\u012bbas galveno probl\u0113mu \u0123eopolitisko observatoriju (G.O.R.K.I.). \u0160obr\u012bd vi\u0146a ir \u0161\u012b centra vad\u012bt\u0101ja.<\/p>\n","protected":false},"excerpt":{"rendered":"Kneisla ministra amatu ie\u0146\u0113ma no 2017. l\u012bdz 2019. gadam, bet kop\u0161 2023. gada dz\u012bvo Krievij\u0101. Ierosin\u0101jums par pilson\u012bbas&hellip;\n","protected":false},"author":2,"featured_media":116000,"comment_status":"","ping_status":"","sticky":false,"template":"","format":"standard","meta":{"footnotes":""},"categories":[14],"tags":[23,57,623,28,29,32,33,22,26849,234,30,31,35,39,38,36,37,34,40,20,26,27,2550,24,25,235,54,55,56,21,58],"class_list":{"0":"post-115999","1":"post","2":"type-post","3":"status-publish","4":"format-standard","5":"has-post-thumbnail","7":"category-zinas-no-arvalstim","8":"tag-aktualitates","9":"tag-arvalstim","10":"tag-austrija","11":"tag-breaking-news","12":"tag-breakingnews","13":"tag-featured-news","14":"tag-featurednews","15":"tag-headlines","16":"tag-karina-kneisla","17":"tag-krievija","18":"tag-latest-news","19":"tag-latestnews","20":"tag-latvia","21":"tag-latvian","22":"tag-latviesu","23":"tag-latviesu-valoda","24":"tag-latviesuvaloda","25":"tag-latvija","26":"tag-lv","27":"tag-news","28":"tag-popularakas-zinas","29":"tag-popularakaszinas","30":"tag-propaganda","31":"tag-top-stories","32":"tag-topstories","33":"tag-vladimirs-putins","34":"tag-world","35":"tag-world-news","36":"tag-worldnews","37":"tag-zinas","38":"tag-zinas-no-arvalstim"},"share_on_mastodon":{"url":"https:\/\/pubeurope.com\/@lv\/115973971146158297","error":""},"_links":{"self":[{"href":"https:\/\/www.europesays.com\/lv\/wp-json\/wp\/v2\/posts\/115999","targetHints":{"allow":["GET"]}}],"collection":[{"href":"https:\/\/www.europesays.com\/lv\/wp-json\/wp\/v2\/posts"}],"about":[{"href":"https:\/\/www.europesays.com\/lv\/wp-json\/wp\/v2\/types\/post"}],"author":[{"embeddable":true,"href":"https:\/\/www.europesays.com\/lv\/wp-json\/wp\/v2\/users\/2"}],"replies":[{"embeddable":true,"href":"https:\/\/www.europesays.com\/lv\/wp-json\/wp\/v2\/comments?post=115999"}],"version-history":[{"count":0,"href":"https:\/\/www.europesays.com\/lv\/wp-json\/wp\/v2\/posts\/115999\/revisions"}],"wp:featuredmedia":[{"embeddable":true,"href":"https:\/\/www.europesays.com\/lv\/wp-json\/wp\/v2\/media\/116000"}],"wp:attachment":[{"href":"https:\/\/www.europesays.com\/lv\/wp-json\/wp\/v2\/media?parent=115999"}],"wp:term":[{"taxonomy":"category","embeddable":true,"href":"https:\/\/www.europesays.com\/lv\/wp-json\/wp\/v2\/categories?post=115999"},{"taxonomy":"post_tag","embeddable":true,"href":"https:\/\/www.europesays.com\/lv\/wp-json\/wp\/v2\/tags?post=115999"}],"curies":[{"name":"wp","href":"https:\/\/api.w.org\/{rel}","templated":true}]}}