{"id":116003,"date":"2026-01-28T17:50:22","date_gmt":"2026-01-28T17:50:22","guid":{"rendered":"https:\/\/www.europesays.com\/lv\/116003\/"},"modified":"2026-01-28T17:50:22","modified_gmt":"2026-01-28T17:50:22","slug":"vai-krievija-var-uzbrukt-nato-nbs-komandieris-sniedz-atbild","status":"publish","type":"post","link":"https:\/\/www.europesays.com\/lv\/116003\/","title":{"rendered":"Vai Krievija var uzbrukt NATO? NBS komandieris sniedz atbild &#8211;"},"content":{"rendered":"<p style=\"text-align: justify;\">Patlaban nav ticams Krievijas milit\u0101rs apdraud\u0113jums NATO n\u0101kamajos gados, ta\u010du daudz ko noteiks \u0161\u012b gada notikumi Ukrain\u0101, intervij\u0101 a\u0123ent\u016brai LETA sac\u012bja Nacion\u0101lo bru\u0146oto sp\u0113ku (NBS) komandieris Kaspars Pud\u0101ns.<\/p>\n<p style=\"text-align: justify;\">Koment\u0113jot da\u017e\u0101du Rietumu amatpersonu publiskaj\u0101 telp\u0101 paustos izteikumus par aptuvenu termi\u0146u Krievijas potenci\u0101lam uzbrukumam NATO, Pud\u0101ns nor\u0101d\u012bja, ka vi\u0146\u0161 nev\u0113rt\u0113s uzbrukuma iesp\u0113jas k\u0101d\u0101 noteikt\u0101 gad\u0101, jo uzbrukuma iesp\u0113ja var past\u0101v\u0113t ar\u012b \u0161odien.<\/p>\n<p style=\"text-align: justify;\">Ja sal\u012bdzina agresorvalsts Krievijas milit\u0101r\u0101s sp\u0113jas, tad nevar apgalvot, ka \u0161ogad t\u0101s ir b\u016btiski main\u012bju\u0161\u0101s, sal\u012bdzinot ar pag\u0101ju\u0161o gadu, v\u0113rt\u0113ja Latvijas armijas komandieris. Vi\u0146\u0161 nor\u0101d\u012bja, ka Krievijas karav\u012bri joproj\u0101m iet boj\u0101 kar\u0101 Ukrain\u0101 un ar\u012b visas atjaunot\u0101s sp\u0113jas liel\u0101koties tom\u0113r non\u0101k atpaka\u013c kar\u0101 Ukrain\u0101.<\/p>\n<blockquote>\n<p style=\"text-align: center;\">Pud\u0101ns v\u0113rsa uzman\u012bbu, ka svar\u012bgs ir ar\u012b m\u0113r\u0137is, ko Krievija grib\u0113tu pan\u0101kt. Rietumi, tostarp Baltijas valstis, jau gadiem ilgi esot biju\u0161i \u201csod\u0101mo sarakst\u0101\u201d.<\/p>\n<\/blockquote>\n<p style=\"text-align: justify;\">Vi\u0146\u0161 sac\u012bja, ka, raugoties n\u0101kotn\u0113, daudz ko noteiks tas, kas \u0161ogad notiks Ukrain\u0101. Kara darb\u012bbas apst\u0101\u0161an\u0101s vai piebremz\u0113\u0161an\u0101s \u013cautu Krievijai \u0101tr\u0101k sakopot savus sp\u0113kus, tostarp saist\u012bb\u0101 ar iesp\u0113jamu jaunu lielu mobiliz\u0101ciju un to, kas notiks ar karav\u012briem, kurus var\u0113s atbr\u012bvot no karadarb\u012bbas Ukrain\u0101.<\/p>\n<p style=\"text-align: justify;\">T\u0101pat Krievija v\u0113rojot, ko dara Rietumi, kuri Pud\u0101na v\u0113rt\u0113jum\u0101 k\u013cuvu\u0161i daudz sp\u0113c\u012bg\u0101ki, daudz salied\u0113t\u0101ki milit\u0101ri un daudzos jaut\u0101jumos ar\u012b politiski.<\/p>\n<p style=\"text-align: justify;\">\u201cIr pan\u0101kts, k\u0101 m\u0113s var\u0113tu pie\u0146emt l\u0113mumus par kop\u012bgu r\u012bc\u012bbu. Vi\u0146i jau ar\u012b redz, k\u0101di ir nosprausti m\u0113r\u0137i par bru\u0146o\u0161anos, par milit\u0101r\u0101s industrijas att\u012bst\u012bbu, un, ja valstis pie tiem pietur\u0113sies, tas samazina \u0161\u012bs iesp\u0113jas. T\u0101d\u0113\u013c ar\u012b tie gadskait\u013ci, ko tagad sauc \u2013 2028., 2029., 2030. l\u012bdz pat 2037. gadam -, izskan, jo tad parit\u0101te, \u012bpa\u0161i milit\u0101r\u0101s industrijas jom\u0101, varb\u016bt izl\u012bdzin\u0101sies,\u201d uzsv\u0113ra Pud\u0101ns.<\/p>\n<p style=\"text-align: justify;\">\u0145emot v\u0113r\u0101 to, armijas komandieris uzskata, ka milit\u0101rs \u0101r\u0113js apdraud\u0113jums NATO n\u0101kamajos gados nav ticams, jo Krievija to nevar\u0113tu veikt.<\/p>\n<blockquote>\n<p style=\"text-align: center;\">Vienlaikus past\u0101vot daudz citu iesp\u0113ju, ko Krievija dr\u012bz\u0101k varot izmantot savu m\u0113r\u0137u sasnieg\u0161anai.<\/p>\n<\/blockquote>\n<p style=\"text-align: justify;\">Pud\u0101ns intervij\u0101 v\u0113rsa uzman\u012bbu uz Krievijas hibr\u012bdoper\u0101cij\u0101m vai pat milit\u0101r\u0101m aktivit\u0101t\u0113m, kas var\u0113tu b\u016bt pasl\u0113ptas un glu\u017ei neizskat\u012bties p\u0113c uzbrukumiem NATO telpai vai tie\u0161a uzbrukuma ar m\u0113r\u0137i kaut ko okup\u0113t.<\/p>\n<p style=\"text-align: justify;\">\u201cM\u0113r\u0137is ir, lai m\u0113s s\u0101ktu dom\u0101t: n\u0113, n\u0113, mums vajag bru\u0146oties vair\u0101k pa\u0161iem, ko m\u0113s ar\u012b dar\u0101m, un nov\u0113rst m\u016bsu uzman\u012bbu no Ukrainas. Tom\u0113r tas ir dar\u012bts jau teju visus kara gadus, bet rezult\u0101ta tam nav,\u201d sprieda Pud\u0101ns.<\/p>\n<p style=\"text-align: justify;\">Lai ar\u012b ko, apst\u0101joties karam un pan\u0101kot pamieru, Krievija teiktu savai sabiedr\u012bbai un p\u0101r\u0113jai pasaulei par sasniegtajiem m\u0113r\u0137iem un uzvar\u0101m, liel\u0101k\u0101 b\u012bstam\u012bba esot taj\u0101, ka Krievijas diktator\u0101 Vladimir\u0101 Putin\u0101 paliks revan\u0161a v\u0113lme. Saprotot, ka Krievija vair\u0101kus gadus ir moc\u012bjusies, cietusi zaud\u0113jumus un ar t\u0101du mantojumu aiziet v\u0113stur\u0113, Putins, iesp\u0113jams, grib\u0113s k\u0101du sp\u012bdo\u0161u uzvaru vai pan\u0101kumu, sprieda NBS komandieris. \u201cTas ir potenci\u0101ls risks. Vai tam ir nepiecie\u0161amais pamats? \u0160obr\u012bd t\u0101da, lai atnestu \u0161\u0101du uzvaru, nav,\u201d v\u0113rt\u0113ja Pud\u0101ns.<\/p>\n<p>Lasiet ar\u012b: <a style=\"color: #800000;\" href=\"https:\/\/bnn.lv\/labakais-laiks-krievijai-lai-uzbruktu-baltijai-bridina-eksperti-nosaucot-galvenas-pazimes-69984\" target=\"_blank\" rel=\"noopener nofollow\">Lab\u0101kais laiks Krievijai, lai uzbruktu Baltijai: br\u012bdina eksperti, nosaucot galven\u0101s paz\u012bmes<\/a><\/p>\n","protected":false},"excerpt":{"rendered":"Patlaban nav ticams Krievijas milit\u0101rs apdraud\u0113jums NATO n\u0101kamajos gados, ta\u010du daudz ko noteiks \u0161\u012b gada notikumi Ukrain\u0101, intervij\u0101&hellip;\n","protected":false},"author":2,"featured_media":116004,"comment_status":"","ping_status":"","sticky":false,"template":"","format":"standard","meta":{"footnotes":""},"categories":[14],"tags":[23,57,28,29,32,33,22,26851,26852,19685,26853,30,31,35,39,38,36,37,34,729,13296,40,26854,26855,26856,20,26,27,25884,24,25,54,55,56,21,58],"class_list":{"0":"post-116003","1":"post","2":"type-post","3":"status-publish","4":"format-standard","5":"has-post-thumbnail","7":"category-zinas-no-arvalstim","8":"tag-aktualitates","9":"tag-arvalstim","10":"tag-breaking-news","11":"tag-breakingnews","12":"tag-featured-news","13":"tag-featurednews","14":"tag-headlines","15":"tag-krievija-un-nato","16":"tag-krievijas-draudi-nato","17":"tag-krievijas-kars-ukraina","18":"tag-krievijas-militarais-apdraudejums","19":"tag-latest-news","20":"tag-latestnews","21":"tag-latvia","22":"tag-latvian","23":"tag-latviesu","24":"tag-latviesu-valoda","25":"tag-latviesuvaloda","26":"tag-latvija","27":"tag-latvijas-armija","28":"tag-latvijas-drosiba","29":"tag-lv","30":"tag-militarie-draudi","31":"tag-nato-drosiba","32":"tag-nbs-komandieris-kaspars-pudans","33":"tag-news","34":"tag-popularakas-zinas","35":"tag-popularakaszinas","36":"tag-svarigi","37":"tag-top-stories","38":"tag-topstories","39":"tag-world","40":"tag-world-news","41":"tag-worldnews","42":"tag-zinas","43":"tag-zinas-no-arvalstim"},"share_on_mastodon":{"url":"","error":"Validation failed: Text character limit of 500 exceeded"},"_links":{"self":[{"href":"https:\/\/www.europesays.com\/lv\/wp-json\/wp\/v2\/posts\/116003","targetHints":{"allow":["GET"]}}],"collection":[{"href":"https:\/\/www.europesays.com\/lv\/wp-json\/wp\/v2\/posts"}],"about":[{"href":"https:\/\/www.europesays.com\/lv\/wp-json\/wp\/v2\/types\/post"}],"author":[{"embeddable":true,"href":"https:\/\/www.europesays.com\/lv\/wp-json\/wp\/v2\/users\/2"}],"replies":[{"embeddable":true,"href":"https:\/\/www.europesays.com\/lv\/wp-json\/wp\/v2\/comments?post=116003"}],"version-history":[{"count":0,"href":"https:\/\/www.europesays.com\/lv\/wp-json\/wp\/v2\/posts\/116003\/revisions"}],"wp:featuredmedia":[{"embeddable":true,"href":"https:\/\/www.europesays.com\/lv\/wp-json\/wp\/v2\/media\/116004"}],"wp:attachment":[{"href":"https:\/\/www.europesays.com\/lv\/wp-json\/wp\/v2\/media?parent=116003"}],"wp:term":[{"taxonomy":"category","embeddable":true,"href":"https:\/\/www.europesays.com\/lv\/wp-json\/wp\/v2\/categories?post=116003"},{"taxonomy":"post_tag","embeddable":true,"href":"https:\/\/www.europesays.com\/lv\/wp-json\/wp\/v2\/tags?post=116003"}],"curies":[{"name":"wp","href":"https:\/\/api.w.org\/{rel}","templated":true}]}}