{"id":116035,"date":"2026-01-28T18:57:17","date_gmt":"2026-01-28T18:57:17","guid":{"rendered":"https:\/\/www.europesays.com\/lv\/116035\/"},"modified":"2026-01-28T18:57:17","modified_gmt":"2026-01-28T18:57:17","slug":"tresdienas-rita-lvc-bridina-par-ipasi-apgrutinosiem-brauksanas-apstakliem-saldus-apkartne","status":"publish","type":"post","link":"https:\/\/www.europesays.com\/lv\/116035\/","title":{"rendered":"Tre\u0161dienas r\u012bt\u0101 LVC br\u012bdina par \u012bpa\u0161i apgr\u016btino\u0161iem brauk\u0161anas apst\u0101k\u013ciem Saldus apk\u0101rtn\u0113"},"content":{"rendered":"<p>K\u0101 nov\u0113roja LETA, R\u012bg\u0101 l\u012bdz plkst. 7.30 ce\u013cu t\u012br\u012bt\u0101ji nebija sp\u0113ju\u0161i izt\u012br\u012bt visas ma\u0123istr\u0101l\u0101s ielas, brauk\u0161ana pa iel\u0101m notika pa automa\u0161\u012bnu iebraukt\u0101m slied\u0113m, bet daudzviet nebija pat to.<\/p>\n<p>Daudzviet bija izveidojusies pamat\u012bga sniega un s\u0101ls putra, kas veicin\u0101ja automa\u0161\u012bnu sl\u012bd\u0113\u0161anu. Piem\u0113ram, automa\u0161\u012bnas s\u0101nsl\u012bd\u0113 bija redzamas ar\u012b vien\u0101 no liel\u0101kajiem R\u012bgas krustojumiem &#8211; 13. janv\u0101ra ielas un Benjami\u0146as ielas krustojum\u0101, kur automa\u0161\u012bnas sl\u012bd\u0113ja un to p\u0101rvieto\u0161an\u0101s bija apgr\u016btin\u0101ta.<\/p>\n<p>Daudzviet satiksme kav\u0113j\u0101s, jo automa\u0161\u012bnas nesp\u0113ja laikus uzs\u0101kt kust\u012bbu &#8211; rite\u0146iem grie\u017eoties, t\u0101s st\u0101v\u0113ja uz vietas un kust\u012bbu s\u0101ka \u013coti l\u0113n\u0101m.<\/p>\n<p>Ar\u012b ietves, pieturas un g\u0101j\u0113ju celi\u0146i R\u012bg\u0101 \u0161or\u012bt ir sniegoti un g\u0101j\u0113jiem p\u0101rvieto\u0161an\u0101s pils\u0113t\u0101 ir apgr\u016btin\u0101ta.<\/p>\n<p>Nedaudz lab\u0101ka situ\u0101cija bija uz R\u012bgas tiltiem un p\u0101rvadiem, kur sniegs bija t\u012br\u012bts un brauk\u0161ana viegl\u0101ka.<\/p>\n<p>\u0145emot v\u0113r\u0101 brauk\u0161anas apst\u0101k\u013cus, jau p\u0113c plkst. 7 galvaspils\u0113t\u0101 s\u0101ka veidoties sastr\u0113gumi, piem\u0113ram. K\u0101 nov\u0113roja LETA, uz Van\u0161u tilta centra virzien\u0101 automa\u0161\u012bnu virz\u012b\u0161an\u0101s bija \u013coti l\u0113na.<\/p>\n<p>Ce\u013cu uztur\u0113t\u0101ji aicina pl\u0101not papildu laiku ce\u013cam un r\u0113\u0137in\u0101ties, ka maz\u0101ks noz\u012bmes autoce\u013ci patlaban var b\u016bt gr\u016bti izbraucami. Lai uzlabotu brauk\u0161anas apst\u0101k\u013cus, ce\u013cu uztur\u0113\u0161anas darbos iesaist\u012btas 134 ziemas dienesta tehnikas vien\u012bbas.<\/p>\n","protected":false},"excerpt":{"rendered":"K\u0101 nov\u0113roja LETA, R\u012bg\u0101 l\u012bdz plkst. 7.30 ce\u013cu t\u012br\u012bt\u0101ji nebija sp\u0113ju\u0161i izt\u012br\u012bt visas ma\u0123istr\u0101l\u0101s ielas, brauk\u0161ana pa iel\u0101m&hellip;\n","protected":false},"author":2,"featured_media":96798,"comment_status":"","ping_status":"","sticky":false,"template":"","format":"standard","meta":{"footnotes":""},"categories":[12],"tags":[5869,23,28,29,32,33,22,30,31,35,39,38,36,37,34,2857,40,20,26,27,13239,24,25,21],"class_list":{"0":"post-116035","1":"post","2":"type-post","3":"status-publish","4":"format-standard","5":"has-post-thumbnail","7":"category-latvija","8":"tag-ziema","9":"tag-aktualitates","10":"tag-breaking-news","11":"tag-breakingnews","12":"tag-featured-news","13":"tag-featurednews","14":"tag-headlines","15":"tag-latest-news","16":"tag-latestnews","17":"tag-latvia","18":"tag-latvian","19":"tag-latviesu","20":"tag-latviesu-valoda","21":"tag-latviesuvaloda","22":"tag-latvija","23":"tag-latvijas-valsts-celi","24":"tag-lv","25":"tag-news","26":"tag-popularakas-zinas","27":"tag-popularakaszinas","28":"tag-saldus","29":"tag-top-stories","30":"tag-topstories","31":"tag-zinas"},"share_on_mastodon":{"url":"https:\/\/pubeurope.com\/@lv\/115974258207330884","error":""},"_links":{"self":[{"href":"https:\/\/www.europesays.com\/lv\/wp-json\/wp\/v2\/posts\/116035","targetHints":{"allow":["GET"]}}],"collection":[{"href":"https:\/\/www.europesays.com\/lv\/wp-json\/wp\/v2\/posts"}],"about":[{"href":"https:\/\/www.europesays.com\/lv\/wp-json\/wp\/v2\/types\/post"}],"author":[{"embeddable":true,"href":"https:\/\/www.europesays.com\/lv\/wp-json\/wp\/v2\/users\/2"}],"replies":[{"embeddable":true,"href":"https:\/\/www.europesays.com\/lv\/wp-json\/wp\/v2\/comments?post=116035"}],"version-history":[{"count":0,"href":"https:\/\/www.europesays.com\/lv\/wp-json\/wp\/v2\/posts\/116035\/revisions"}],"wp:featuredmedia":[{"embeddable":true,"href":"https:\/\/www.europesays.com\/lv\/wp-json\/wp\/v2\/media\/96798"}],"wp:attachment":[{"href":"https:\/\/www.europesays.com\/lv\/wp-json\/wp\/v2\/media?parent=116035"}],"wp:term":[{"taxonomy":"category","embeddable":true,"href":"https:\/\/www.europesays.com\/lv\/wp-json\/wp\/v2\/categories?post=116035"},{"taxonomy":"post_tag","embeddable":true,"href":"https:\/\/www.europesays.com\/lv\/wp-json\/wp\/v2\/tags?post=116035"}],"curies":[{"name":"wp","href":"https:\/\/api.w.org\/{rel}","templated":true}]}}