{"id":116037,"date":"2026-01-28T19:00:03","date_gmt":"2026-01-28T19:00:03","guid":{"rendered":"https:\/\/www.europesays.com\/lv\/116037\/"},"modified":"2026-01-28T19:00:03","modified_gmt":"2026-01-28T19:00:03","slug":"oliver-solbergs-parliecinosi-uzvar-montekarlo-rallija-sarezgitos-laika-apstaklos-lente-lv","status":"publish","type":"post","link":"https:\/\/www.europesays.com\/lv\/116037\/","title":{"rendered":"Oliver Solbergs p\u0101rliecino\u0161i uzvar Montekarlo rallij\u0101 sare\u017e\u0123\u012btos laika apst\u0101k\u013cos\u00a0\u2014\u00a0Lente.lv"},"content":{"rendered":"<p>Solbergs demonstr\u0113 meistar\u012bbu main\u012bgos apst\u0101k\u013cos<\/p>\n<p>Oliveram Solbergam, braucot ar Toyota GR Yaris Rally1 automa\u0161\u012bnu, izdevies notur\u0113t pirmo vietu un p\u0101rliecino\u0161i uzvar\u0113t presti\u017eaj\u0101 Montekarlo rallij\u0101. Sacens\u012bbas, kas norisin\u0101j\u0101s no 22. l\u012bdz 25. janv\u0101rim, tika aizvad\u012btas ekstrem\u0101los laika apst\u0101k\u013cos, kur brauc\u0113jiem n\u0101c\u0101s saskarties ar sniegu, ledu, lietu un dub\u013ciem. Solbergs demonstr\u0113ja gan \u0101trumu, gan piesardz\u012bbu, nodro\u0161inot sev uzvaru ar 51,8 sekun\u017eu p\u0101rsvaru p\u0101r komandas biedru Elfynu Evansu . \u0160\u012b ir noz\u012bm\u012bga uzvara gan Solbergam, gan Toyota komandai, jo t\u0101 nodro\u0161in\u0101ja pirmo reizi kop\u0161 2015. gada vienas markas pilotu trijnieku uz goda pjedest\u0101la \u0161aj\u0101 rallij\u0101 .<\/p>\n<p>Jauns rekords un iespaid\u012bgs sniegums<\/p>\n<p>24 gadus vecais Solbergs, kur\u0161 ir slaven\u0101 P\u0113tera Solberga d\u0113ls, k\u013cuvis par jaun\u0101ko uzvar\u0113t\u0101ju Montekarlo rallija v\u0113stur\u0113 m\u016bsdienu \u0113ras laik\u0101 . Vi\u0146\u0161 p\u0101rsp\u0113ja ar\u012b savu t\u0113vu, kuram \u0161is sasniegums nekad nav padevies . Solbergs savu pirmo vietu ie\u0146\u0113ma jau kop\u0161 otr\u0101 \u0101trumposma ceturtdienas vakar\u0101 un sp\u0113ja notur\u0113t vad\u012bbu l\u012bdz pat rallija beig\u0101m, neskatoties uz da\u017eiem sare\u017e\u0123\u012btiem br\u012b\u017eiem, \u012bpa\u0161i p\u0113d\u0113j\u0101 dien\u0101, kad vi\u0146a priek\u0161roc\u012bbas gandr\u012bz izdzisa .<\/p>\n<p>Sare\u017e\u0123\u012btais rallijs un ce\u013ca apst\u0101k\u013ci<\/p>\n<p>\u0160\u012b gada Montekarlo rallijs tika rakturots k\u0101 viens no gr\u016bt\u0101kajiem p\u0113d\u0113jos gados . Daudzas \u0101trumposmu sekcijas bija kl\u0101tas ar sniega, ledus, lietus un dub\u013cu mais\u012bjumu, atst\u0101jot \u013coti maz sausu asfalta posmu . Sacens\u012bbas s\u0101k\u0101s ar nakts un miglas apst\u0101k\u013ciem, liekot r\u012bkot\u0101jiem aptur\u0113t vienu no posmiem dro\u0161\u012bbas apsv\u0113rumu d\u0113\u013c . T\u0101pat brauc\u0113jiem n\u0101c\u0101s saskarties ar negaid\u012btu meln\u0101 ledus par\u0101d\u012b\u0161anos uz ce\u013ciem . Pat pieredz\u0113ju\u0161ie piloti, k\u0101 devi\u0146k\u0101rt\u0113jais pasaules \u010dempions Sebastjans O\u017ej\u0113, atzina ce\u013ca apst\u0101k\u013cu sare\u017e\u0123\u012bt\u012bbu un nepiecie\u0161am\u012bbu b\u016bt \u012bpa\u0161i uzman\u012bgiem, \u012bpa\u0161i izv\u0113loties riepas .<\/p>\n<p>Toyota domin\u0113 un Hyundai izaicin\u0101jumi<\/p>\n<p>Toyota Gazoo Racing WRT komanda demonstr\u0113ja sp\u0113c\u012bgu sniegumu, aizpildot visu pirmo trijnieku uz goda pjedest\u0101la. Oliveram Solbergam uzvara, Elfynam Evansam otr\u0101 vieta un Sebastjanam O\u017ej\u0113 tre\u0161\u0101 vieta. Kopum\u0101 Toyota piloti uzvar\u0113ja 13 no 17 \u0101trumposmiem . Savuk\u0101rt Hyundai Shell Mobis World Rally Team pilotiem, tostarp Adrienam Furmo un Tjer\u012b Nevilam, rallijs izr\u0101d\u012bj\u0101s sare\u017e\u0123\u012bt\u0101ks, vi\u0146i sp\u0113ja ierindoties attiec\u012bgi ceturtaj\u0101 un piektaj\u0101 viet\u0101, c\u012bnoties ar automa\u0161\u012bnas piel\u0101go\u0161anu main\u012bgajiem ce\u013ca apst\u0101k\u013ciem un riepu izv\u0113li .<\/p>\n<p>Latvie\u0161u p\u0101rst\u0101vniec\u012bba un n\u0101kotnes perspekt\u012bvas<\/p>\n<p>Lai gan M\u0101rti\u0146\u0161 Sesks Montekarlo rallij\u0101 nepiedal\u012bj\u0101s, vi\u0146\u0161 gatavojas start\u0113t Zviedrijas rallij\u0101, kas ir n\u0101kamais WRC kalend\u0101ra posms. Vi\u0146\u0161 pl\u0101no piedal\u012bties septi\u0146os WRC posmos ar M-Sport Ford Puma Rally1 automa\u0161\u012bnu . Solberga uzvara Montekarlo ir sp\u0113c\u012bgs pieteikums c\u012b\u0146\u0101 par pasaules \u010dempiona titulu, un vi\u0146a sniegums ir atzin\u012bgi nov\u0113rt\u0113ts k\u0101 WRC jaun\u0101s paaudzes talants . N\u0101kamais WRC posms &#8211; Zviedrijas rallijs notiks no 12. l\u012bdz 15. febru\u0101rim, un tas sol\u0101s b\u016bt pirmais pilnv\u0113rt\u012bgais ziemas pas\u0101kums ar sniegu un ledu .<\/p>\n","protected":false},"excerpt":{"rendered":"Solbergs demonstr\u0113 meistar\u012bbu main\u012bgos apst\u0101k\u013cos Oliveram Solbergam, braucot ar Toyota GR Yaris Rally1 automa\u0161\u012bnu, izdevies notur\u0113t pirmo vietu&hellip;\n","protected":false},"author":2,"featured_media":116038,"comment_status":"","ping_status":"","sticky":false,"template":"","format":"standard","meta":{"footnotes":""},"categories":[17],"tags":[35,39,38,36,37,34,10287,40,21722,26736,4807,67,5675],"class_list":{"0":"post-116037","1":"post","2":"type-post","3":"status-publish","4":"format-standard","5":"has-post-thumbnail","7":"category-sports","8":"tag-latvia","9":"tag-latvian","10":"tag-latviesu","11":"tag-latviesu-valoda","12":"tag-latviesuvaloda","13":"tag-latvija","14":"tag-ledus","15":"tag-lv","16":"tag-montekarlo-rallijs","17":"tag-oliver-solbergs","18":"tag-sniegs","19":"tag-sports","20":"tag-wrc"},"share_on_mastodon":{"url":"https:\/\/pubeurope.com\/@lv\/115974270015565702","error":""},"_links":{"self":[{"href":"https:\/\/www.europesays.com\/lv\/wp-json\/wp\/v2\/posts\/116037","targetHints":{"allow":["GET"]}}],"collection":[{"href":"https:\/\/www.europesays.com\/lv\/wp-json\/wp\/v2\/posts"}],"about":[{"href":"https:\/\/www.europesays.com\/lv\/wp-json\/wp\/v2\/types\/post"}],"author":[{"embeddable":true,"href":"https:\/\/www.europesays.com\/lv\/wp-json\/wp\/v2\/users\/2"}],"replies":[{"embeddable":true,"href":"https:\/\/www.europesays.com\/lv\/wp-json\/wp\/v2\/comments?post=116037"}],"version-history":[{"count":0,"href":"https:\/\/www.europesays.com\/lv\/wp-json\/wp\/v2\/posts\/116037\/revisions"}],"wp:featuredmedia":[{"embeddable":true,"href":"https:\/\/www.europesays.com\/lv\/wp-json\/wp\/v2\/media\/116038"}],"wp:attachment":[{"href":"https:\/\/www.europesays.com\/lv\/wp-json\/wp\/v2\/media?parent=116037"}],"wp:term":[{"taxonomy":"category","embeddable":true,"href":"https:\/\/www.europesays.com\/lv\/wp-json\/wp\/v2\/categories?post=116037"},{"taxonomy":"post_tag","embeddable":true,"href":"https:\/\/www.europesays.com\/lv\/wp-json\/wp\/v2\/tags?post=116037"}],"curies":[{"name":"wp","href":"https:\/\/api.w.org\/{rel}","templated":true}]}}