{"id":116215,"date":"2026-01-29T05:07:10","date_gmt":"2026-01-29T05:07:10","guid":{"rendered":"https:\/\/www.europesays.com\/lv\/116215\/"},"modified":"2026-01-29T05:07:10","modified_gmt":"2026-01-29T05:07:10","slug":"amazon-likvides-vel-16-000-darbavietu-2","status":"publish","type":"post","link":"https:\/\/www.europesays.com\/lv\/116215\/","title":{"rendered":"&#8220;Amazon&#8221; likvid\u0113s v\u0113l 16 000 darbavietu"},"content":{"rendered":"<p class=\"lead\">\n                                ASV interneta tirdzniec\u012bbas uz\u0146\u0113mums &#8220;Amazon&#8221; tre\u0161dien pazi\u0146oja, ka pasaul\u0113 likvid\u0113s 16 000 darbavietu, lai vienk\u0101r\u0161otu komp\u0101nijas darb\u012bbu un samazin\u0101tu birokr\u0101tiju t\u0101s iek\u0161ien\u0113.\n                            <\/p>\n<p style=\"margin-left:0px;\">\u0160\u012b ir v\u0113rien\u012bg\u0101k\u0101 &#8220;Amazon&#8221; darbavietu likvid\u0113\u0161ana kop\u0161 2023. gada, kad uz\u0146\u0113mums str\u0101d\u0101jo\u0161o skaitu samazin\u0101ja par 27 000.<\/p>\n<p style=\"margin-left:0px;\">Savuk\u0101rt p\u0113rn komp\u0101nija jau likvid\u0113ja 14 000 darbavietu.<\/p>\n<p style=\"margin-left:0px;\">Tre\u0161dien &#8220;Amazon&#8221; nor\u0101d\u012bja, ka jaun\u0101kie restrukturiz\u0101cijas pas\u0101kumi galvenok\u0101rt skars str\u0101d\u0101jo\u0161os ASV.<\/p>\n<p style=\"margin-left:0px;\">\u0160ie pl\u0101ni saist\u012bti ar p\u016bli\u0146iem samazin\u0101t izdevumus un str\u0101d\u0101jo\u0161o skaitu, kas tika strauji palielin\u0101ts koronav\u012brusa pand\u0113mijas laik\u0101, kad pat\u0113r\u0113t\u0101ji aizvien vair\u0101k s\u0101ka izmantot iepirk\u0161anos internet\u0101.<\/p>\n<p style=\"margin-left:0px;\">T\u0101pat &#8220;Amazon&#8221; vad\u012bt\u0101js Endijs D\u017easijs p\u0113rn deva m\u0101jienus, ka uz\u0146\u0113mums turpm\u0101kajos gados, visticam\u0101k, samazin\u0101s str\u0101d\u0101jo\u0161o skaitu, jo aizvien vair\u0101k da\u017e\u0101du uzdevumu izpildei tiek izmantoti m\u0101ksl\u012bg\u0101 intelekta r\u012bki.<\/p>\n<p> Aptauja <\/p>\n<p> Cik liels ir j\u016bsu ikm\u0113ne\u0161a hipotek\u0101r\u0101 kred\u012bta maks\u0101jums? <\/p>\n","protected":false},"excerpt":{"rendered":"ASV interneta tirdzniec\u012bbas uz\u0146\u0113mums &#8220;Amazon&#8221; tre\u0161dien pazi\u0146oja, ka pasaul\u0113 likvid\u0113s 16 000 darbavietu, lai vienk\u0101r\u0161otu komp\u0101nijas darb\u012bbu un&hellip;\n","protected":false},"author":2,"featured_media":34145,"comment_status":"","ping_status":"","sticky":false,"template":"","format":"standard","meta":{"footnotes":""},"categories":[16],"tags":[77,76,35,39,38,36,37,34,40],"class_list":{"0":"post-116215","1":"post","2":"type-post","3":"status-publish","4":"format-standard","5":"has-post-thumbnail","7":"category-bizness","8":"tag-bizness","9":"tag-business","10":"tag-latvia","11":"tag-latvian","12":"tag-latviesu","13":"tag-latviesu-valoda","14":"tag-latviesuvaloda","15":"tag-latvija","16":"tag-lv"},"share_on_mastodon":{"url":"https:\/\/pubeurope.com\/@lv\/115976656842683458","error":""},"_links":{"self":[{"href":"https:\/\/www.europesays.com\/lv\/wp-json\/wp\/v2\/posts\/116215","targetHints":{"allow":["GET"]}}],"collection":[{"href":"https:\/\/www.europesays.com\/lv\/wp-json\/wp\/v2\/posts"}],"about":[{"href":"https:\/\/www.europesays.com\/lv\/wp-json\/wp\/v2\/types\/post"}],"author":[{"embeddable":true,"href":"https:\/\/www.europesays.com\/lv\/wp-json\/wp\/v2\/users\/2"}],"replies":[{"embeddable":true,"href":"https:\/\/www.europesays.com\/lv\/wp-json\/wp\/v2\/comments?post=116215"}],"version-history":[{"count":0,"href":"https:\/\/www.europesays.com\/lv\/wp-json\/wp\/v2\/posts\/116215\/revisions"}],"wp:featuredmedia":[{"embeddable":true,"href":"https:\/\/www.europesays.com\/lv\/wp-json\/wp\/v2\/media\/34145"}],"wp:attachment":[{"href":"https:\/\/www.europesays.com\/lv\/wp-json\/wp\/v2\/media?parent=116215"}],"wp:term":[{"taxonomy":"category","embeddable":true,"href":"https:\/\/www.europesays.com\/lv\/wp-json\/wp\/v2\/categories?post=116215"},{"taxonomy":"post_tag","embeddable":true,"href":"https:\/\/www.europesays.com\/lv\/wp-json\/wp\/v2\/tags?post=116215"}],"curies":[{"name":"wp","href":"https:\/\/api.w.org\/{rel}","templated":true}]}}