{"id":116218,"date":"2026-01-29T05:16:07","date_gmt":"2026-01-29T05:16:07","guid":{"rendered":"https:\/\/www.europesays.com\/lv\/116218\/"},"modified":"2026-01-29T05:16:07","modified_gmt":"2026-01-29T05:16:07","slug":"slimnicu-tikla-sakartosana-nav-izvele-bet-gan-nepieciesamiba","status":"publish","type":"post","link":"https:\/\/www.europesays.com\/lv\/116218\/","title":{"rendered":"Slimn\u012bcu t\u012bkla sak\u0101rto\u0161ana nav izv\u0113le, bet gan nepiecie\u0161am\u012bba"},"content":{"rendered":"<p>\u0160\u012b viz\u012bte turpina l\u012bdz\u0161in\u0113j\u0101s re\u0123ion\u0101l\u0101s tik\u0161an\u0101s, un t\u0101s m\u0113r\u0137is ir nodro\u0161in\u0101t, ka vesel\u012bbas apr\u016bpes politikas l\u0113mumi tiek balst\u012bti re\u0101laj\u0101 situ\u0101cij\u0101 \u0101rstniec\u012bbas iest\u0101d\u0113s, skaidro VM.<\/p>\n<p>Jau zi\u0146ots, ka \u0161ogad vesel\u012bbas nozar\u0113 pl\u0101nots stiprin\u0101t m\u0101tes un b\u0113rna vesel\u012bbas apr\u016bpi, pilnveidot slimn\u012bcu t\u012bklu un stacion\u0101ro pakalpojumu kvalit\u0101tes att\u012bst\u012bbu, mazin\u0101t pacientu rindas, uzlabot z\u0101\u013cu pieejam\u012bbu un ieviest jaunus digitaliz\u0101cijas risin\u0101jumus.<\/p>\n<p>VM atg\u0101dina, ka slimn\u012bcu t\u012bkla att\u012bst\u012bbas m\u0113r\u0137is ir ilgtsp\u0113j\u012bga, dro\u0161a pacientiem un pieejama stacion\u0101r\u0101 apr\u016bpe vis\u0101 Latvij\u0101. Ministrija uzsver, ka visas slimn\u012bcas turpin\u0101s sniegt pakalpojumus saviem iedz\u012bvot\u0101jiem.<\/p>\n<p>VM inform\u0113, ka ar katru slimn\u012bcu notiks atsevi\u0161\u0137as sarunas, katra <a href=\"https:\/\/www.tvnet.lv\/term\/565134\/slimnica\" class=\"topicLink\" target=\"_blank\" rel=\"nofollow noopener\">slimn\u012bca<\/a> tiks v\u0113rt\u0113ta individu\u0101li, \u0146emot v\u0113r\u0101 gan viet\u0113jo kopienu vajadz\u012bbas, gan re\u0123ion\u0101l\u0101s \u012bpatn\u012bbas, gan ar\u012b demogr\u0101fisko situ\u0101ciju, \u012bpa\u0161i pierobe\u017eas teritorij\u0101s, kas ir svar\u012bgi valsts dro\u0161\u012bbai.<\/p>\n<p>Pl\u0101not\u0101 p\u0101reja no pieciem uz trim slimn\u012bcu l\u012bme\u0146iem pal\u012bdz\u0113s skaidr\u0101k zin\u0101t un saprast ar\u012b pacientiem, k\u0101dus pakalpojumus var sa\u0146emt tuv\u0101k m\u0101j\u0101m un k\u0101dos gad\u012bjumos specializ\u0113ta pal\u012bdz\u012bba tiks nodro\u0161in\u0101ta augst\u0101ka l\u012bme\u0146a \u0101rstniec\u012bbas iest\u0101d\u0113. Pacientu dro\u0161\u012bba un pakalpojumu kvalit\u0101te ir vieni no galvenajiem aspektiem p\u0101rmai\u0146\u0101m, uzsver VM.<\/p>\n","protected":false},"excerpt":{"rendered":"\u0160\u012b viz\u012bte turpina l\u012bdz\u0161in\u0113j\u0101s re\u0123ion\u0101l\u0101s tik\u0161an\u0101s, un t\u0101s m\u0113r\u0137is ir nodro\u0161in\u0101t, ka vesel\u012bbas apr\u016bpes politikas l\u0113mumi tiek balst\u012bti&hellip;\n","protected":false},"author":2,"featured_media":116219,"comment_status":"","ping_status":"","sticky":false,"template":"","format":"standard","meta":{"footnotes":""},"categories":[5],"tags":[23,28,29,32,33,22,256,30,31,35,39,38,36,37,34,40,20,26,27,183,24,25,21],"class_list":{"0":"post-116218","1":"post","2":"type-post","3":"status-publish","4":"format-standard","5":"has-post-thumbnail","7":"category-aktualitates","8":"tag-aktualitates","9":"tag-breaking-news","10":"tag-breakingnews","11":"tag-featured-news","12":"tag-featurednews","13":"tag-headlines","14":"tag-hosams-abu-meri","15":"tag-latest-news","16":"tag-latestnews","17":"tag-latvia","18":"tag-latvian","19":"tag-latviesu","20":"tag-latviesu-valoda","21":"tag-latviesuvaloda","22":"tag-latvija","23":"tag-lv","24":"tag-news","25":"tag-popularakas-zinas","26":"tag-popularakaszinas","27":"tag-slimnica","28":"tag-top-stories","29":"tag-topstories","30":"tag-zinas"},"share_on_mastodon":{"url":"https:\/\/pubeurope.com\/@lv\/115976692221047156","error":""},"_links":{"self":[{"href":"https:\/\/www.europesays.com\/lv\/wp-json\/wp\/v2\/posts\/116218","targetHints":{"allow":["GET"]}}],"collection":[{"href":"https:\/\/www.europesays.com\/lv\/wp-json\/wp\/v2\/posts"}],"about":[{"href":"https:\/\/www.europesays.com\/lv\/wp-json\/wp\/v2\/types\/post"}],"author":[{"embeddable":true,"href":"https:\/\/www.europesays.com\/lv\/wp-json\/wp\/v2\/users\/2"}],"replies":[{"embeddable":true,"href":"https:\/\/www.europesays.com\/lv\/wp-json\/wp\/v2\/comments?post=116218"}],"version-history":[{"count":0,"href":"https:\/\/www.europesays.com\/lv\/wp-json\/wp\/v2\/posts\/116218\/revisions"}],"wp:featuredmedia":[{"embeddable":true,"href":"https:\/\/www.europesays.com\/lv\/wp-json\/wp\/v2\/media\/116219"}],"wp:attachment":[{"href":"https:\/\/www.europesays.com\/lv\/wp-json\/wp\/v2\/media?parent=116218"}],"wp:term":[{"taxonomy":"category","embeddable":true,"href":"https:\/\/www.europesays.com\/lv\/wp-json\/wp\/v2\/categories?post=116218"},{"taxonomy":"post_tag","embeddable":true,"href":"https:\/\/www.europesays.com\/lv\/wp-json\/wp\/v2\/tags?post=116218"}],"curies":[{"name":"wp","href":"https:\/\/api.w.org\/{rel}","templated":true}]}}