{"id":116230,"date":"2026-01-29T05:29:03","date_gmt":"2026-01-29T05:29:03","guid":{"rendered":"https:\/\/www.europesays.com\/lv\/116230\/"},"modified":"2026-01-29T05:29:03","modified_gmt":"2026-01-29T05:29:03","slug":"pildi-testu-un-uzzini-kadas-ir-tavas-zinasanas-par-pasmaju-sovbiznesu-un-zurnalu-kas-jauns","status":"publish","type":"post","link":"https:\/\/www.europesays.com\/lv\/116230\/","title":{"rendered":"Pildi testu un uzzini, k\u0101das ir tavas zin\u0101\u0161anas par pa\u0161m\u0101ju \u0161ovbiznesu un \u017eurn\u0101lu &#8220;Kas Jauns&#8221;!"},"content":{"rendered":"<p>2006. gada janv\u0101ris\u00a0\u2013 t\u0101tad tie\u0161i pirms diviem gadu desmitiem\u00a0\u2013 bija tas laiks, kad preses tirdzniec\u012bbas plauktos non\u0101ca jauns izdevums, kas v\u0113st\u012bja par pa\u0161m\u0101ju slaven\u012bbu dz\u012bvi, notikumiem taj\u0101, \u0161\u0137ir\u0161anos un prec\u0113\u0161anos, b\u0113rniem un k\u0101z\u0101m, aktu\u0101l\u0101m noris\u0113m sabiedr\u012bb\u0101. Smalko aprindu hronikas, fotoreport\u0101\u017eas, pikanti notikumi, tendences modes un stila pasaul\u0113, saisto\u0161as zi\u0146as un aizraujo\u0161as intervijas \u2013 l\u016bk, \u0161o visu \u017eurn\u0101ls\u00a0 &#8220;Kas Jauns&#8221; 20 gadu garum\u0101 pied\u0101v\u0101jis saviem las\u012bt\u0101jiem, pa\u0161am iekarojot stabilu vietu Latvijas \u0161ovbiznesa pasaul\u0113.<\/p>\n","protected":false},"excerpt":{"rendered":"2006. gada janv\u0101ris\u00a0\u2013 t\u0101tad tie\u0161i pirms diviem gadu desmitiem\u00a0\u2013 bija tas laiks, kad preses tirdzniec\u012bbas plauktos non\u0101ca jauns&hellip;\n","protected":false},"author":2,"featured_media":116231,"comment_status":"","ping_status":"","sticky":false,"template":"","format":"standard","meta":{"footnotes":""},"categories":[19],"tags":[89,90,35,39,38,36,37,34,40],"class_list":{"0":"post-116230","1":"post","2":"type-post","3":"status-publish","4":"format-standard","5":"has-post-thumbnail","7":"category-izklaide","8":"tag-entertainment","9":"tag-izklaide","10":"tag-latvia","11":"tag-latvian","12":"tag-latviesu","13":"tag-latviesu-valoda","14":"tag-latviesuvaloda","15":"tag-latvija","16":"tag-lv"},"share_on_mastodon":{"url":"https:\/\/pubeurope.com\/@lv\/115976743356862871","error":""},"_links":{"self":[{"href":"https:\/\/www.europesays.com\/lv\/wp-json\/wp\/v2\/posts\/116230","targetHints":{"allow":["GET"]}}],"collection":[{"href":"https:\/\/www.europesays.com\/lv\/wp-json\/wp\/v2\/posts"}],"about":[{"href":"https:\/\/www.europesays.com\/lv\/wp-json\/wp\/v2\/types\/post"}],"author":[{"embeddable":true,"href":"https:\/\/www.europesays.com\/lv\/wp-json\/wp\/v2\/users\/2"}],"replies":[{"embeddable":true,"href":"https:\/\/www.europesays.com\/lv\/wp-json\/wp\/v2\/comments?post=116230"}],"version-history":[{"count":0,"href":"https:\/\/www.europesays.com\/lv\/wp-json\/wp\/v2\/posts\/116230\/revisions"}],"wp:featuredmedia":[{"embeddable":true,"href":"https:\/\/www.europesays.com\/lv\/wp-json\/wp\/v2\/media\/116231"}],"wp:attachment":[{"href":"https:\/\/www.europesays.com\/lv\/wp-json\/wp\/v2\/media?parent=116230"}],"wp:term":[{"taxonomy":"category","embeddable":true,"href":"https:\/\/www.europesays.com\/lv\/wp-json\/wp\/v2\/categories?post=116230"},{"taxonomy":"post_tag","embeddable":true,"href":"https:\/\/www.europesays.com\/lv\/wp-json\/wp\/v2\/tags?post=116230"}],"curies":[{"name":"wp","href":"https:\/\/api.w.org\/{rel}","templated":true}]}}