{"id":116250,"date":"2026-01-29T05:42:07","date_gmt":"2026-01-29T05:42:07","guid":{"rendered":"https:\/\/www.europesays.com\/lv\/116250\/"},"modified":"2026-01-29T05:42:07","modified_gmt":"2026-01-29T05:42:07","slug":"latvijas-telpu-futbolisti-zaude-horvatijai-un-nosledz-eiropas-cempionatu-1188-lv","status":"publish","type":"post","link":"https:\/\/www.europesays.com\/lv\/116250\/","title":{"rendered":"Latvijas telpu futbolisti zaud\u0113 Horv\u0101tijai un nosl\u0113dz Eiropas \u010dempion\u0101tu &#8211; 1188.lv"},"content":{"rendered":"<ol>\n<li><a href=\"https:\/\/news.google.com\/rss\/articles\/CBMiqgFBVV95cUxOU0hucG5pZE5NcDc3NUplcE9ENWVGcWVyV1cwTlFGV3otVkRsOHdzWmFaS2tSb2oteTZKRFVyZ1E5bnJMa19tZUtScUdrWklXVV9TUksxZFpsQ2JpeTNkSUJsSFJOd0ZDZFEzQnZWYVlqZ0JKSnIwOFJqUDBuZlJhb005V3Q0Rk5iTDQzTmRVVFJlY2hpM0kxTUt0WW14VGc5Y1oxUzV5UTNjUQ?oc=5\" target=\"_blank\" rel=\"nofollow noopener\">Latvijas telpu futbolisti zaud\u0113 Horv\u0101tijai un nosl\u0113dz Eiropas \u010dempion\u0101tu<\/a>&nbsp;&nbsp;1188.lv<\/li>\n<li><a href=\"https:\/\/news.google.com\/rss\/articles\/CBMi7gFBVV95cUxNa3BTZDVTR0tXMVhldERXOTBMaDNTdEtPTkNpeldaZC1SOHg0ZFhLVmw3OExqOU9SZ1NGeWxpN3BaNXFfRUNvQzJZMTdCdVFIbHNpMXFFdDdIRnF2eEZXeVBfODdjMGN2U29jQ3FLaTU3RzdiUkYzWjlqNDhJOG1LZHVwUEl1VGJBU2E3TXpqZEQ2ZzR6a3ZnTDVrTUtWVDVYWEZRbWRTcmhQZGdWTWZaNFN5RjRiZE9HN3ZLY3VfZXREZ2NwbDhCQnBtMjFDdzFHRDR6MGtnLWUxT1AyWEF0eEtibE5yUE9fSXhreklB?oc=5\" target=\"_blank\" rel=\"nofollow noopener\">Latvijas telpu futbola izlase iesit pirm\u0101, bet zaud\u0113 Horv\u0101tijai un izst\u0101jas no Eiropas \u010dempion\u0101ta<\/a>&nbsp;&nbsp;LSM<\/li>\n<li><a href=\"https:\/\/news.google.com\/rss\/articles\/CBMi2wFBVV95cUxQRzhmNkhKTDVTSUxwR1JkWEJGb3N1NDJzci04YUNqVXBHbEduQVNSdWxTQ2M5Wm9mb24xREJoLTk1c0FneXhkd0hFZHNyczJIRHNoM2RET3dzWmwwTlJCY0E0dGtYZzV3RFlURm1GeWRiNGJVYTVWU1d1VFhWVFMzSFY4b3dybWpwSE90NDVVWEFlUG4tVnJoUFJqVjhldURIcXUzYUxmMEdDa0t2TElUTDhUUTRGcWpnLV9lRkgwVGV4WS16UVFodEFiMmlWU0x4bGtnTk1GRldVcFU?oc=5\" target=\"_blank\" rel=\"nofollow noopener\">Latvijas telpu futbolisti nenotur vad\u012bbu un neiek\u013c\u016bst Eiropas \u010dempion\u0101ta ceturtda\u013cfin\u0101l\u0101<\/a>&nbsp;&nbsp;Delfi<\/li>\n<li><a href=\"https:\/\/news.google.com\/rss\/articles\/CBMilgFBVV95cUxQT3BDdTZ2dnZEOXRPYkFpTlJxV0hFb0NacHowNlFtM3hCcWdkejJ0R2hqVXhvZ1ZhVFNjMHRSd08yb2dLd2VfbS1pa25EcjFlYlZnVG8waHVrQ1JQbjBmT1hlOVdyWUdwak53dV9Vak9QbW50MXp1bnBHTkVucDdldDEwa080RnhwNDNSQ2IwYXFYTnprSlE?oc=5\" target=\"_blank\" rel=\"nofollow noopener\">Kapteinis Matju\u0161enko: &#8220;\u0160ai izlasei ir liels potenci\u0101ls \u2013 varam kvalific\u0113ties ar\u012b pa\u0161i&#8221; \u2013 Futbols<\/a>&nbsp;&nbsp;Sportacentrs.com<\/li>\n<li><a href=\"https:\/\/news.google.com\/rss\/articles\/CBMimwFBVV95cUxQQ0hSWFh5cndHZDFYSjVPZ0g1cFlGRzZmamdVaXkyVUNHSkhFZWkySTg1ekZFNEl6MWtVUUZsZmk2eVE3aUpZM1hpekVHYWlPb3A1YjZIWEVTLWFOVkNFV0JiZnZ2R2dwRV8yM3E1QWZVQnQwR3I0ZHdHVmVQZkxvc1R5aUNxVE1xT2Y4ZWxtdEhrTzRzZURMQ05Kdw?oc=5\" target=\"_blank\" rel=\"nofollow noopener\">Bellarte: Latvijai vajadz\u0113tu lepoties ar \u0161\u012bs izlases sp\u0113l\u0113t\u0101jiem<\/a>&nbsp;&nbsp;TVNET Sports<\/li>\n<\/ol>\n","protected":false},"excerpt":{"rendered":"Latvijas telpu futbolisti zaud\u0113 Horv\u0101tijai un nosl\u0113dz Eiropas \u010dempion\u0101tu&nbsp;&nbsp;1188.lv Latvijas telpu futbola izlase iesit pirm\u0101, bet zaud\u0113 Horv\u0101tijai&hellip;\n","protected":false},"author":2,"featured_media":116251,"comment_status":"","ping_status":"","sticky":false,"template":"","format":"standard","meta":{"footnotes":""},"categories":[17],"tags":[129,2064,126,35,39,38,36,37,34,40,2065,127,67,2066,128],"class_list":{"0":"post-116250","1":"post","2":"type-post","3":"status-publish","4":"format-standard","5":"has-post-thumbnail","7":"category-sports","8":"tag-__typenameadvicekeyword","9":"tag-id381","10":"tag-id770","11":"tag-latvia","12":"tag-latvian","13":"tag-latviesu","14":"tag-latviesu-valoda","15":"tag-latviesuvaloda","16":"tag-latvija","17":"tag-lv","18":"tag-slugfootball","19":"tag-slugsports","20":"tag-sports","21":"tag-titlefootball","22":"tag-titlesports"},"share_on_mastodon":{"url":"https:\/\/pubeurope.com\/@lv\/115976794407070085","error":""},"_links":{"self":[{"href":"https:\/\/www.europesays.com\/lv\/wp-json\/wp\/v2\/posts\/116250","targetHints":{"allow":["GET"]}}],"collection":[{"href":"https:\/\/www.europesays.com\/lv\/wp-json\/wp\/v2\/posts"}],"about":[{"href":"https:\/\/www.europesays.com\/lv\/wp-json\/wp\/v2\/types\/post"}],"author":[{"embeddable":true,"href":"https:\/\/www.europesays.com\/lv\/wp-json\/wp\/v2\/users\/2"}],"replies":[{"embeddable":true,"href":"https:\/\/www.europesays.com\/lv\/wp-json\/wp\/v2\/comments?post=116250"}],"version-history":[{"count":0,"href":"https:\/\/www.europesays.com\/lv\/wp-json\/wp\/v2\/posts\/116250\/revisions"}],"wp:featuredmedia":[{"embeddable":true,"href":"https:\/\/www.europesays.com\/lv\/wp-json\/wp\/v2\/media\/116251"}],"wp:attachment":[{"href":"https:\/\/www.europesays.com\/lv\/wp-json\/wp\/v2\/media?parent=116250"}],"wp:term":[{"taxonomy":"category","embeddable":true,"href":"https:\/\/www.europesays.com\/lv\/wp-json\/wp\/v2\/categories?post=116250"},{"taxonomy":"post_tag","embeddable":true,"href":"https:\/\/www.europesays.com\/lv\/wp-json\/wp\/v2\/tags?post=116250"}],"curies":[{"name":"wp","href":"https:\/\/api.w.org\/{rel}","templated":true}]}}