{"id":116256,"date":"2026-01-29T05:48:09","date_gmt":"2026-01-29T05:48:09","guid":{"rendered":"https:\/\/www.europesays.com\/lv\/116256\/"},"modified":"2026-01-29T05:48:09","modified_gmt":"2026-01-29T05:48:09","slug":"renars-grantins-triumfe-u-23-pasaules-cempionata-cetriniekos-ari-amelija-kotane-izcina-medalu-lente-lv","status":"publish","type":"post","link":"https:\/\/www.europesays.com\/lv\/116256\/","title":{"rendered":"Ren\u0101rs Granti\u0146\u0161 triumf\u0113 U-23 Pasaules \u010dempion\u0101t\u0101 \u010detriniekos, ar\u012b Am\u0113lija Kot\u0101ne izc\u012bna meda\u013cu\u00a0\u2014\u00a0Lente.lv"},"content":{"rendered":"<p>Granti\u0146\u0161 ie\u0146em pirmo vietu U-23 pasaules \u010dempion\u0101t\u0101 \u010detriniekos<\/p>\n<p>Latvijas bobsleja pilots Ren\u0101rs Granti\u0146\u0161, pilot\u0113jot \u010detrinieku ekip\u0101\u017eu, Sanktmoric\u0101, \u0160veic\u0113, ir izc\u012bn\u012bjis uzvaru U-23 Pasaules \u010dempion\u0101t\u0101. \u0160is ir otrs zelta meda\u013cu komplekts Granti\u0146am \u0161aj\u0101s sacens\u012bb\u0101s, apliecinot vi\u0146a dominanci jaunie\u0161u konkurenc\u0113. K\u0101 inform\u0113 port\u0101ls jauns.lv, Granti\u0146a ekip\u0101\u017ea, kur\u0101 start\u0113ja ar\u012b st\u016bm\u0113ji Nils Meijers, Mat\u012bss Gulbis un Andris Skadi\u0146\u0161, junioru ieskait\u0113 ie\u0146\u0113ma ceturto vietu. Tom\u0113r U-23 v\u0113rt\u0113jum\u0101 latvie\u0161i bija nep\u0101rsp\u0113ti, par 1,61 sekundi apsteidzot vien\u012bgo konkurentu \u2013 \u0161veicieti Svenu Luku Rengli.<\/p>\n<p>Sacens\u012bb\u0101s \u010detrinieku konkurenc\u0113 uzvar\u0113ja v\u0101cie\u0161a Laurina Cerna ekip\u0101\u017ea, kuras divu braucienu summ\u0101 uzr\u0101d\u012btais rezult\u0101ts bija 2 min\u016btes un 11,78 sekundes. Granti\u0146\u0161 junioru ieskait\u0113 no uzvar\u0113t\u0101jiem atpalika 1,92 sekundes. Otro vietu \u010detrinieku sacens\u012bb\u0101s ie\u0146\u0113ma v\u0113l viena v\u0101cie\u0161a Tobiasa Dosthallera ekip\u0101\u017ea, atpaliekot 0,77 sekundes, bet tre\u0161aj\u0101 viet\u0101 ierindoj\u0101s v\u0113l viena V\u0101cijas ekip\u0101\u017ea ar pilotu Aleksandru \u010cudaju, kurai bija 1,25 sekun\u017eu defic\u012bts.<\/p>\n<p>Granti\u0146am otro zelta meda\u013cu ned\u0113\u013cas nogal\u0113<\/p>\n<p>\u0160is pan\u0101kums ir Granti\u0146a otrais zelts U-23 Pasaules \u010dempion\u0101t\u0101 \u0161aj\u0101 ned\u0113\u013cas nogal\u0113. Jau iepriek\u0161 vi\u0146\u0161 kop\u0101 ar st\u016bm\u0113ju Nilu Meijeru uzvar\u0113ja U-23 divnieku ekip\u0101\u017eu sacens\u012bb\u0101s, savuk\u0101rt junioru ieskait\u0113 \u0161aj\u0101s sacens\u012bb\u0101s ie\u0146\u0113ma ceturto vietu. Granti\u0146a\/Meijera divnieku ekip\u0101\u017ea junioru ieskait\u0113 no uzvar\u0113t\u0101jiem atpalika 0,99 sekundes, ta\u010du U-23 v\u0113rt\u0113jum\u0101 bija lab\u0101kie, par 0,28 sekund\u0113m p\u0101rsp\u0113jot Martinu Krancu un Timu Keseleru no Lihten\u0161teinas.<\/p>\n<p>Am\u0113lija Kot\u0101ne izc\u012bna bronzas meda\u013cu divnieku sacens\u012bb\u0101s<\/p>\n<p>Pie meda\u013cas U-23 Pasaules \u010dempion\u0101t\u0101 tika ar\u012b Latvijas bobsleja p\u0101rst\u0101ve Am\u0113lija Kot\u0101ne. Vi\u0146as divnieku ekip\u0101\u017ea, start\u0113jot kop\u0101 ar st\u016bm\u0113ju Just\u012bni B\u0113rzi\u0146u, junioru ieskait\u0113 desmit ekip\u0101\u017eu konkurenc\u0113 ie\u0146\u0113ma astoto vietu. Tom\u0113r U-23 v\u0113rt\u0113jum\u0101 Kot\u0101nes ekip\u0101\u017ea izc\u012bn\u012bja bronzas meda\u013cu, \u010detru divnieku konkurenc\u0113 ierindojoties tre\u0161aj\u0101 viet\u0101. Par pasaules junioru \u010dempion\u0113m k\u013cuva v\u0101ciete \u0160arlote Kandriksa ar st\u016bm\u0113ju L\u0113nu Brunh\u0113bneri, uzr\u0101dot laiku 2 min\u016btes un 19,18 sekundes. Sudraba godalgu ieguva \u0161veiciete Debora Annenas divnieks, kas atpalika 0,39 sekundes. Kot\u0101ne \u010dempionei zaud\u0113ja 2,47 sekundes.<\/p>\n<p>Cit\u0101m Latvijas sportist\u0113m ar\u012b starti U-23 \u010dempion\u0101t\u0101<\/p>\n<p>Am\u0113lija Kot\u0101ne junioru monoboba sacens\u012bb\u0101s ie\u0146\u0113ma 11. vietu, bet U-23 ieskait\u0113 vi\u0146ai sept\u012bt\u0101 poz\u012bcija. U-23 ieskait\u0113 par \u010dempioni k\u013cuva v\u0101ciete Di\u0101na Filipskas ekip\u0101\u017ea, bet sudrabs tika v\u0113l vienai v\u0101cietei Jilai Kempai. Kot\u0101ni vi\u0146as apsteidza attiec\u012bgi par 1,16 sekund\u0113m un 0,82 sekund\u0113m.<\/p>\n","protected":false},"excerpt":{"rendered":"Granti\u0146\u0161 ie\u0146em pirmo vietu U-23 pasaules \u010dempion\u0101t\u0101 \u010detriniekos Latvijas bobsleja pilots Ren\u0101rs Granti\u0146\u0161, pilot\u0113jot \u010detrinieku ekip\u0101\u017eu, Sanktmoric\u0101, \u0160veic\u0113,&hellip;\n","protected":false},"author":2,"featured_media":116257,"comment_status":"","ping_status":"","sticky":false,"template":"","format":"standard","meta":{"footnotes":""},"categories":[17],"tags":[11557,2158,35,39,38,36,37,34,40,11556,18831,67,26898],"class_list":{"0":"post-116256","1":"post","2":"type-post","3":"status-publish","4":"format-standard","5":"has-post-thumbnail","7":"category-sports","8":"tag-amelija-kotane","9":"tag-bobslejs","10":"tag-latvia","11":"tag-latvian","12":"tag-latviesu","13":"tag-latviesu-valoda","14":"tag-latviesuvaloda","15":"tag-latvija","16":"tag-lv","17":"tag-renars-grantins","18":"tag-sanktmorica","19":"tag-sports","20":"tag-u-23-pasaules-cempionats"},"share_on_mastodon":{"url":"https:\/\/pubeurope.com\/@lv\/115976818046913224","error":""},"_links":{"self":[{"href":"https:\/\/www.europesays.com\/lv\/wp-json\/wp\/v2\/posts\/116256","targetHints":{"allow":["GET"]}}],"collection":[{"href":"https:\/\/www.europesays.com\/lv\/wp-json\/wp\/v2\/posts"}],"about":[{"href":"https:\/\/www.europesays.com\/lv\/wp-json\/wp\/v2\/types\/post"}],"author":[{"embeddable":true,"href":"https:\/\/www.europesays.com\/lv\/wp-json\/wp\/v2\/users\/2"}],"replies":[{"embeddable":true,"href":"https:\/\/www.europesays.com\/lv\/wp-json\/wp\/v2\/comments?post=116256"}],"version-history":[{"count":0,"href":"https:\/\/www.europesays.com\/lv\/wp-json\/wp\/v2\/posts\/116256\/revisions"}],"wp:featuredmedia":[{"embeddable":true,"href":"https:\/\/www.europesays.com\/lv\/wp-json\/wp\/v2\/media\/116257"}],"wp:attachment":[{"href":"https:\/\/www.europesays.com\/lv\/wp-json\/wp\/v2\/media?parent=116256"}],"wp:term":[{"taxonomy":"category","embeddable":true,"href":"https:\/\/www.europesays.com\/lv\/wp-json\/wp\/v2\/categories?post=116256"},{"taxonomy":"post_tag","embeddable":true,"href":"https:\/\/www.europesays.com\/lv\/wp-json\/wp\/v2\/tags?post=116256"}],"curies":[{"name":"wp","href":"https:\/\/api.w.org\/{rel}","templated":true}]}}