{"id":116260,"date":"2026-01-29T05:52:09","date_gmt":"2026-01-29T05:52:09","guid":{"rendered":"https:\/\/www.europesays.com\/lv\/116260\/"},"modified":"2026-01-29T05:52:09","modified_gmt":"2026-01-29T05:52:09","slug":"sai-izlasei-ir-liels-potencials-varam-kvalificeties-ari-pasi-futbols-sportacentrs-com","status":"publish","type":"post","link":"https:\/\/www.europesays.com\/lv\/116260\/","title":{"rendered":"&#8220;\u0160ai izlasei ir liels potenci\u0101ls \u2013 varam kvalific\u0113ties ar\u012b pa\u0161i&#8221; \u2013 Futbols \u2013 Sportacentrs.com"},"content":{"rendered":"<p>Germans Matju\u0161enko: &#8220;Pirmais puslaiks, protams, bija lab\u0101ks, jo nosp\u0113l\u0113j\u0101m neiz\u0161\u0137irti, ta\u010du ar\u012b otrais puslaiks, dom\u0101ju, bija diezgan labs \u2013 neuzskatu, ka mums nepietika sp\u0113ka k\u0101 pret fran\u010diem. Vienk\u0101r\u0161i vi\u0146i iesita savus momenti\u0146us. Un tie pat nebija supermomenti \u2013 ar savu fin\u0101lturn\u012bru pieredzi izspieda maksimumu un iesita ar\u012b pusmomentus, kurus m\u0113s savuk\u0101rt neiesit\u0101m. \u0160aur\u0101 rot\u0101cij\u0101 sp\u0113l\u0113t ir gr\u016bt\u0101k, bet labi, ka starp sp\u0113l\u0113m bija vair\u0101ku dienu atp\u016bta. Konkr\u0113ti man \u0161ovakar sp\u0113ka pat bija vair\u0101k nek\u0101 pret Franciju. Fiziski bij\u0101m gatavi lab\u0101k nek\u0101 iepriek\u0161\u0113jai sp\u0113lei, bet visu iz\u0161\u0137\u012bra pusmomentu realiz\u0101cija.<\/p>\n<p>Horv\u0101tijas otrie v\u0101rti? Izsit\u0101m bumbu aiz vi\u0146u v\u0101rtiem, un es skr\u0113ju paka\u013c vi\u0146u stabam. Trenera nor\u0101des bija t\u0101das, lai pret stabiem sp\u0113l\u0113tu tikai es vai Baklanovs. Skr\u0113ju vi\u0146am [Peri\u010dam] l\u012bdzi, bet v\u0101rtsargs \u013coti prec\u012bzi iemeta, un vi\u0146\u0161 vien\u0101 piesk\u0101rien\u0101 apstr\u0101d\u0101ja un iesita. Tie\u0161i par to ar\u012b iepriek\u0161 run\u0101ju \u2013 tas pat \u012bsti nebija moments, vi\u0146\u0161 skr\u0113ja, v\u0101rtsargs meta p\u0101ri visam laukumam, un vi\u0146i t\u0101d\u0101 veid\u0101 guva v\u0101rtus. Tas pat nebija pusmoments \u2013 t\u0101 bija sakrit\u012bba. Un pieredze!<\/p>\n<p>Treneris m\u016bs \u013coti labi sagatavoja tam, ka vi\u0146i b\u016bt\u012bb\u0101 sp\u0113l\u0113 tikai caur lielajiem stabiem. Bij\u0101m tam gatavi, un man \u0161\u0137iet, ka vi\u0146i t\u0101d\u0101 veid\u0101 neko \u012bsti ar\u012b neizveidoja \u2013 varb\u016bt p\u0101ris rei\u017eu, kad vi\u0146i pie\u0146\u0113ma, apgriez\u0101s un uzsita, bet ar\u012b tie bija tikai pusmomenti. M\u0113\u0123in\u0101j\u0101m sp\u0113l\u0113t vi\u0146iem priek\u0161\u0101, lai vi\u0146i nesa\u0146emtu bumbu vai sa\u0146emtu tikai tuvu auta l\u012bnijai, no kurienes vi\u0146i vairs neb\u016btu tik b\u012bstami. Dom\u0101ju, ka ar\u012b ar vi\u0146u \u0101trajiem sp\u0113l\u0113t\u0101jiem tik\u0101m gal\u0101 diezgan labi, tom\u0113r, k\u0101 jau teicu, beig\u0101s iz\u0161\u0137\u012bra vi\u0146u pieredze un m\u0101ka visu sp\u0113li aizvad\u012bt vien\u0101 l\u012bmen\u012b, visp\u0101r nestresot. Mums savuk\u0101rt bija lab\u0101ki un slikt\u0101ki posmi \u2013 k\u0101 pa kalni\u0146iem.<\/p>\n<p>Turn\u012bra p\u0113cgar\u0161a ir slikta, jo netik\u0101m t\u0101l\u0101k. M\u0113s noteikti tic\u0113j\u0101m, ka tas ir iesp\u0113jams, un pirms sp\u0113les visi bij\u0101m p\u0101rliecin\u0101ti, ka varam to paveikt un tiksim t\u0101l\u0101k. Turkl\u0101t zin\u0101j\u0101m, ka 1\/4 fin\u0101l\u0101 visdr\u012bz\u0101k pret\u012b n\u0101ktu Arm\u0113nija, kur ar\u012b b\u016btu visas iesp\u0113jas so\u013cot v\u0113l t\u0101l\u0101k. Ta\u010du Horv\u0101tija \u0161odien bija sp\u0113c\u012bg\u0101ka, t\u0101d\u0113\u013c esmu b\u0113d\u012bgs un p\u0113cgar\u0161a ir slikta. Sav\u0101 starp\u0101 jau bij\u0101m run\u0101ju\u0161i, ka \u0161ai izlasei n\u0101kotn\u0113 ir liels potenci\u0101ls. Izlases kodols kop\u0101 var sp\u0113l\u0113t v\u0113l 10-12 gadu, t\u0101d\u0113\u013c \u0161is turn\u012brs vi\u0146iem ir tikai pluss, kas dod pieredzi un tic\u012bbu, ka ar\u012b pa\u0161i var kvalific\u0113ties n\u0101kamajam Eiropas \u010dempion\u0101tam. Ar\u012b es v\u0113l ceru \u010detrus gadus pasp\u0113l\u0113t. Vismaz \u010detrus \u2013 visi apk\u0101rt te jau smaida (smejas). P\u0113c \u0161\u0101d\u0101m sp\u0113l\u0113m, kad turkl\u0101t atn\u0101k atbalst\u012bt\u0101ji \u2013 milz\u012bgs vi\u0146iem paldies! -, negribas to visu pamest.<\/p>\n<p>Dom\u0101ju, ka noteikti sp\u0113jam kvalific\u0113ties ar\u012b pa\u0161i. \u0160is pusotrs gads ir par\u0101d\u012bjis, ka varam c\u012bn\u012bties ar t\u0101m izlas\u0113m, kuras tiek pa\u0161as, un varam t\u0101s apsp\u0113l\u0113t. Tos pa\u0161us ung\u0101rus \u2013 nosp\u0113l\u0113j\u0101m neiz\u0161\u0137irti [4:4] un uzvar\u0113j\u0101m [2:1]. Tas nav vienk\u0101r\u0161i, bet tas ir izdar\u0101ms \u2013 ar pareizu treni\u0146procesu, ar gr\u016bdienu jaunatnei, ka \u0161is \u010dempion\u0101ts var vi\u0146us mudin\u0101t braukt sp\u0113l\u0113t uz \u0101rzem\u0113m, kur pieredzi iekr\u0101t var daudz \u0101tr\u0101k. Un tad ar\u012b \u0161\u0101d\u0101s sp\u0113l\u0113s kl\u0101sies viegl\u0101k. Nerun\u0101sim varb\u016bt v\u0113l par Top 10, bet ar tiem pa\u0161iem horv\u0101tiem \u2013 ja nosp\u0113l\u0113tu ar vi\u0146iem v\u0113l piecreiz, dom\u0101ju, ka noteikti k\u0101d\u0101 sp\u0113l\u0113 ar\u012b uzvar\u0113tu vai dab\u016btu punktu. Ir j\u0101sp\u0113l\u0113 \u0161\u0101da l\u012bme\u0146a sp\u0113les, un tad tas viss ar\u012b b\u016bs \u2013 kvalific\u0113ties ir \u013coti re\u0101li.&#8221;<\/p>\n","protected":false},"excerpt":{"rendered":"Germans Matju\u0161enko: &#8220;Pirmais puslaiks, protams, bija lab\u0101ks, jo nosp\u0113l\u0113j\u0101m neiz\u0161\u0137irti, ta\u010du ar\u012b otrais puslaiks, dom\u0101ju, bija diezgan labs&hellip;\n","protected":false},"author":2,"featured_media":116261,"comment_status":"","ping_status":"","sticky":false,"template":"","format":"standard","meta":{"footnotes":""},"categories":[5],"tags":[23,28,29,32,33,676,22,30,31,35,39,38,36,37,34,40,20,26,27,24,25,21],"class_list":{"0":"post-116260","1":"post","2":"type-post","3":"status-publish","4":"format-standard","5":"has-post-thumbnail","7":"category-aktualitates","8":"tag-aktualitates","9":"tag-breaking-news","10":"tag-breakingnews","11":"tag-featured-news","12":"tag-featurednews","13":"tag-futbols","14":"tag-headlines","15":"tag-latest-news","16":"tag-latestnews","17":"tag-latvia","18":"tag-latvian","19":"tag-latviesu","20":"tag-latviesu-valoda","21":"tag-latviesuvaloda","22":"tag-latvija","23":"tag-lv","24":"tag-news","25":"tag-popularakas-zinas","26":"tag-popularakaszinas","27":"tag-top-stories","28":"tag-topstories","29":"tag-zinas"},"share_on_mastodon":{"url":"https:\/\/pubeurope.com\/@lv\/115976833749164254","error":""},"_links":{"self":[{"href":"https:\/\/www.europesays.com\/lv\/wp-json\/wp\/v2\/posts\/116260","targetHints":{"allow":["GET"]}}],"collection":[{"href":"https:\/\/www.europesays.com\/lv\/wp-json\/wp\/v2\/posts"}],"about":[{"href":"https:\/\/www.europesays.com\/lv\/wp-json\/wp\/v2\/types\/post"}],"author":[{"embeddable":true,"href":"https:\/\/www.europesays.com\/lv\/wp-json\/wp\/v2\/users\/2"}],"replies":[{"embeddable":true,"href":"https:\/\/www.europesays.com\/lv\/wp-json\/wp\/v2\/comments?post=116260"}],"version-history":[{"count":0,"href":"https:\/\/www.europesays.com\/lv\/wp-json\/wp\/v2\/posts\/116260\/revisions"}],"wp:featuredmedia":[{"embeddable":true,"href":"https:\/\/www.europesays.com\/lv\/wp-json\/wp\/v2\/media\/116261"}],"wp:attachment":[{"href":"https:\/\/www.europesays.com\/lv\/wp-json\/wp\/v2\/media?parent=116260"}],"wp:term":[{"taxonomy":"category","embeddable":true,"href":"https:\/\/www.europesays.com\/lv\/wp-json\/wp\/v2\/categories?post=116260"},{"taxonomy":"post_tag","embeddable":true,"href":"https:\/\/www.europesays.com\/lv\/wp-json\/wp\/v2\/tags?post=116260"}],"curies":[{"name":"wp","href":"https:\/\/api.w.org\/{rel}","templated":true}]}}