{"id":116280,"date":"2026-01-29T06:14:07","date_gmt":"2026-01-29T06:14:07","guid":{"rendered":"https:\/\/www.europesays.com\/lv\/116280\/"},"modified":"2026-01-29T06:14:07","modified_gmt":"2026-01-29T06:14:07","slug":"saeimas-velesanas-tramps-ka-politiskais-tests","status":"publish","type":"post","link":"https:\/\/www.europesays.com\/lv\/116280\/","title":{"rendered":"Saeimas v\u0113l\u0113\u0161anas: Tramps k\u0101 politiskais tests"},"content":{"rendered":"<p class=\"descr\">\u0160odien Saeima lems par ASV prezidenta Donalda Trampa kandidat\u016bras atbalst\u012b\u0161anu Nobela miera pr\u0113mijas pie\u0161\u0137ir\u0161anai. Uzreiz j\u0101nor\u0101da, ka \u0161is ir izteikts iek\u0161politisks balsojums. Tam nav nek\u0101da sakara ar re\u0101lo Nobela miera pr\u0113miju, par kuras do\u0161anu vai nedo\u0161anu \u0161obr\u012bd pat netiek run\u0101ts.<\/p>\n<p>L\u012bdz ar to runas par Saeimas deput\u0101tu nekompetenci, kuri it k\u0101 pat nesp\u0113jot noskaidrot, k\u0101da ir Nobela pr\u0113mijas nomin\u0113\u0161anas k\u0101rt\u012bba, ir neviet\u0101. Visi visu lieliski saprot un zina. Vienk\u0101r\u0161i m\u0113r\u0137i ir citi. Ne tie, kuri formul\u0113ti l\u0113mumprojekt\u0101. <\/p>\n<p><a href=\"https:\/\/nra.lv\/birka\/donalds-tramps\/\" target=\"_blank\" rel=\"noopener nofollow\">Tramps<\/a> ir t\u0113ls, kur\u0161 ir t\u0101 politiski uzbl\u012bdis, ka no glob\u0101l\u0101s publisk\u0101s telpas ir izspiedis gandr\u012bz visus citus. Vi\u0146a atpaz\u012bstam\u012bba ir milz\u012bga. K\u0101 tas bie\u017ei gad\u0101s ar \u0161\u0101d\u0101m visp\u0101rzin\u0101m\u0101m person\u0101m, cilv\u0113ku apzi\u0146\u0101 veidojas pa pusei m\u012btisks t\u0113ls, kuram katrs sav\u0101s iedom\u0101s piez\u012bm\u0113 kl\u0101t savas v\u0113lmes, cer\u012bbas, bailes un ba\u017eas. Ko nu katrs. <\/p>\n<p>Latvija nav iz\u0146\u0113mums. Daudzi uz Trampu raug\u0101s caur \u0161o cer\u012bbu vai ba\u017eu prizmu. Turkl\u0101t, jo cilv\u0113ks ir vair\u0101k ideolo\u0123iski indoktrin\u0113ts, jo melnbalt\u0101ks ir \u0161is redz\u0113jums. Daudziem attieksmi pret Trampu nosaka kaut k\u0101da vi\u0146a t\u0113lu raksturojo\u0161a iez\u012bme. T\u0101 var b\u016bt gan vi\u0146a pretst\u0101ve ierastajai, vecajai k\u0101rt\u012bbai, gan pielaid\u012bg\u0101 attieksme pret Krievijas diktatoru Putinu vai kaut kas pavisam cits. Pa\u0161u politi\u0137u attieksmi p\u0101rsvar\u0101 nosaka vi\u0146u politiskais izdev\u012bgums. Gan elektor\u0101lais, gan t\u012bri praktiskais (piem\u0113ram, iesp\u0113ja b\u016bt deleg\u0101cijas sast\u0101v\u0101 viz\u012bt\u0113 ASV). <\/p>\n<p>Tramps k\u0101 karogs <\/p>\n<p>Latvij\u0101 par visiem 100% absol\u016bti nekritiskiem Trampa atbalst\u012bt\u0101jiem pozicion\u0113jas vien\u012bgi \u201c<a href=\"https:\/\/nra.lv\/birka\/latvija-pirmaja-vieta\/\" target=\"_blank\" rel=\"noopener nofollow\">Latvija pirmaj\u0101 viet\u0101<\/a>\u201d (LPV). Vi\u0146i \u0161o savu politisko poz\u012bciju nesl\u0113pj un ar to atkl\u0101ti lepojas. Tramps ir vi\u0146u visaugst\u0101k paceltais politiskais karogs. T\u0101 k\u0101 Latvij\u0101 vair\u0101k vai maz\u0101k atkl\u0101tu\/sl\u0113ptu trampistu ir krietni vair\u0101k nek\u0101 LVP elektor\u0101lie griesti, tad skaidrs, ka ar\u012b citas partijas \u0161aj\u0101 balsu mak\u0161\u0137er\u0113\u0161anas d\u012b\u0137\u012b ir spiestas izmantot oran\u017ei iekr\u0101sotu \u017eibuli ar garo sarkano \u0161lipsi un pl\u0101nu mate\u013cu cirtu p\u0101r pieri. <\/p>\n<p>Taj\u0101 pa\u0161\u0101 laik\u0101 Tramps ir visai riskants iek\u0161politiskais akt\u012bvs. Vienu dienu vi\u0146\u0161 arest\u0113 Venecu\u0113las pa\u0161pasludin\u0101to prezidentu Maduro (kas liek uzgavil\u0113t vieniem, bet sa\u0161ust citiem), bet jau n\u0101kamaj\u0101 dien\u0101 vi\u0146\u0161 sazvan\u0101s ar Putinu un sprie\u017e par pasaules p\u0101rdales pl\u0101niem, kas izsauc jau citas emocijas. Kur\u0161 var garant\u0113t, ka \u012bsi pirms 15. Saeimas v\u0113l\u0113\u0161an\u0101m 3. oktobr\u012b Tramps nesav\u0101ra k\u0101das lielas ziepes un no gaisa balona, kas ce\u013c vi\u0146a atbalst\u012bt\u0101jus, nep\u0101rv\u0113r\u0161as par smagu cirvi, kas gremd\u0113? <\/p>\n<p>Tai pa\u0161ai LPV der\u0113tu bie\u017e\u0101k atcer\u0113ties Ros\u013cikova izg\u0101jienu da\u017eas dienas pirms pa\u0161vald\u012bbu v\u0113l\u0113\u0161an\u0101m. Nav \u0161aubu, ka pats Ros\u013cikovs bija p\u0101rliecin\u0101ts, ka vi\u0146am \u0161\u0101ds spilgts izl\u0113ciens dos papildu balsis R\u012bgas domes v\u0113l\u0113\u0161an\u0101s. Rezult\u0101t\u0101 tas nedeva balsis ne tikai pa\u0161a partijai &#8211; \u201cStabilit\u0101tei!\u201d, bet nor\u0101va balsis ar\u012b savas iecer\u0113t\u0101s koal\u012bcijas partnerim &#8211; \u0160lesera LPV. P\u0101rlieka aizraut\u012bba Latvij\u0101 nav mod\u0113. <\/p>\n<p>\u201cJaun\u0101 vienot\u012bba\u201d (JV) \u0161obr\u012bd ir galvenais LPV politiskais antagonists. JV frakcijas vad\u012bt\u0101js un \u201cVienot\u012bbas\u201d valdes priek\u0161s\u0113d\u0113t\u0101js Edmunds Jurevics vis\u0101s iesp\u0113jamaj\u0101s viet\u0101s atk\u0101rto, ka \u0160lesera sp\u0113l\u012bt\u0113s piedal\u012bties netais\u0101s un JV frakcijai esot sava taktika, k\u0101 \u0161os LPV g\u0101jienus neitraliz\u0113t. Vienlaikus vi\u0146\u0161 nesaka ne j\u0101, ne n\u0113 par pa\u0161u l\u0113mumprojektu un gatav\u012bbu atbalst\u012bt Trampu k\u0101 Nobela pr\u0113mijas kandid\u0101tu. Visticam\u0101k, visa \u0161\u012b \u201ctaktika\u201d b\u016bs balsojums \u201catturas\u201d vai nebalso\u0161ana visp\u0101r. L\u012bdz\u012bgu taktiku pl\u0101no piekopt \u201cProgres\u012bvie\u201d, kuri \u0161o jaut\u0101jumu uztver k\u0101 nenopietnu un Saeimas necien\u012bgu. <\/p>\n<p>J\u0101atbalsta strat\u0113\u0123iskais partneris <\/p>\n<p>Nav gr\u016bti prognoz\u0113t, ka galvenais LPV arguments par labu Trampam, b\u016bs st\u0101sti par m\u016bsu galveno strat\u0113\u0123isko sabiedroto, ar kuru mums Latvijas dro\u0161\u012bbas v\u0101rd\u0101 j\u0101uztur maksim\u0101li draudz\u012bgas attiec\u012bbas. Proti, j\u0101bu\u010do Trampa paka\u013ca, k\u0101 pats Tramps izteic\u0101s 2025. gada 8. apr\u012bl\u012b p\u0113c izslav\u0113to tarifu izsludin\u0101\u0161anas: \u201c\u0160\u012bs valstis mums zvana. Bu\u010do man paka\u013cu. Vi\u0146i mirst, cik \u013coti grib nosl\u0113gt dar\u012bjumu.\u201d <\/p>\n<p>J\u0101saka uzreiz, ka Trampa paka\u013cas bu\u010do\u0161anai ar Latvijas dro\u0161\u012bbu tikpat k\u0101 nav nek\u0101da sakara. Kad ASV bija cits prezidents, tad tai pa\u0161ai LPV ASV nebija nek\u0101ds strat\u0113\u0123iskais partneris, bet gan \u201cbrauc\u0113js bezdiben\u012b\u201d (\u0160lesers, 2024. gada \u0101rpolitikas debates). Vienalga, ko dar\u012btu Tramps, LPV to atbalst\u012btu uz urr\u0101, jo visa \u0161\u012bs partijas politika b\u0101z\u0113ta uz trampismu k\u0101 t\u0101s ideolo\u0123isko b\u0101zi. <\/p>\n<p>Visticam\u0101k, ar\u012b citas partijas, ja piedal\u012bsies \u0161\u012b jaut\u0101juma debat\u0113s, attaisnos savu poz\u012bciju ar \u0161o strat\u0113\u0123isko partner\u012bbu. Te oblig\u0101ta piebilde &#8211; ja piedal\u012bsies debat\u0113s, jo citas partijas izj\u016bt LPV k\u0101 politiskos konkurentus un \u012bpa\u0161i nealkst piedal\u012bties vi\u0146u r\u012bkot\u0101 ball\u012bt\u0113. L\u012bdz ar to t\u0101s var\u0113tu piebiedroties tiem, kas LPV aktivit\u0101tes grib\u0113tu ignor\u0113t. Te gan par\u0101d\u0101s n\u0101kamais smagais jaut\u0101jums: ar ko katra partija grib\u0113tu b\u016bt kop\u0101 &#8211; vai vien\u0101 komp\u0101nij\u0101 ar tiem, kuri danco p\u0113c JV un \u201cProgres\u012bvo\u201d stabules, vai ar tiem, kuri kop\u0101 ar \u0160leseru vicina slotas un m\u0113slu dak\u0161as? <\/p>\n<p>Atbilde uz \u0161o jaut\u0101jumu sol\u0101s b\u016bt gr\u016bta, jo ar\u012b katras partijas iek\u0161ien\u0113 ir cilv\u0113ki ar visai at\u0161\u0137ir\u012bgiem viedok\u013ciem attiec\u012bb\u0101 uz \u0161o jaut\u0101jumu. It \u012bpa\u0161i saist\u012bb\u0101 ar Trampu, jo ne viens vien var\u0113tu savas politisk\u0101s cer\u012bbas likt tie\u0161i uz to, ka tie\u0161i uz vi\u0146a muguras iej\u0101s Saeim\u0101. Atcer\u0113simies, ka lab\u0113ji centrisko sp\u0113ku ni\u0161\u0101 jau\u0161ama paliela dr\u016bzm\u0113\u0161an\u0101s, kur katram b\u016bs j\u0101atrod sava \u201croz\u012bn\u012bte\u201d, ar ko piesaist\u012bt v\u0113l\u0113t\u0101jus. \u0145emot v\u0113r\u0101 jau min\u0113to Trampa atpaz\u012bstam\u012bbu, \u0161\u012b fig\u016bra v\u0113l\u0113\u0161an\u0101s var nosp\u0113l\u0113t krietni noz\u012bm\u012bg\u0101ku lomu, nek\u0101 t\u0101 b\u016btu iek\u0161politiski peln\u012bjusi. Gan partiju sarakstu l\u012bmen\u012b, gan individu\u0101lo plusi\u0146u un sv\u012btrojumu sadal\u012bjum\u0101. <\/p>\n<p>Politi\u0137u liel\u0101ku aktivit\u0101ti \u0161aj\u0101 virzien\u0101 sare\u017e\u0123\u012b nopietnas sociolo\u0123ijas tr\u016bkums. Latvij\u0101 nav bijusi neviena v\u0113r\u0101 \u0146emama sabiedrisk\u0101s domas aptauja par attieksmi pret Trampu un vi\u0146a politiku. Var jau teikt, ka nav j\u0113gas aptauj\u0101t cilv\u0113kus par sve\u0161as valsts politi\u0137i un vi\u0146a politiku, ta\u010du atk\u0101rtoju: Tramps Latvijai jau sen vairs nav tikai \u0101rpolitiska kategorija. Tramps iemieso \u013coti konkr\u0113tu glob\u0101la m\u0113roga ideolo\u0123isko doktr\u012bnu, kuru nevar skat\u012bt tikai ASV politiskaj\u0101 kontekst\u0101. Ja reiz pieminu sabiedrisko domu, tad, izmantojot izdev\u012bbu, piebild\u012b\u0161u: stiprin\u0101t sociolo\u0123isko p\u0113t\u012bjumu nozari Latvij\u0101 b\u016btu daudz v\u0113rt\u012bg\u0101k nek\u0101, teiksim, izmest miljonus pa tuk\u0161o Sabiedr\u012bbas integr\u0101cijas fondam. <\/p>\n<p>\u0112dienkartes mai\u0146a <\/p>\n<p>Cits paral\u0113ls st\u0101sts b\u016bs par to, ka \u0161is ir starpparlament\u0101rs balsojums. Tiks teikts, ka \u0161\u012bs debates neesot pat tik daudz par attieksmi pret Trampu, cik par attieksmi pret ASV Kongresu, kura P\u0101rst\u0101vju pal\u0101tas sp\u012bkers <a href=\"https:\/\/nra.lv\/birka\/maiks-dzonsons\/\" target=\"_blank\" rel=\"noopener nofollow\">Maiks D\u017eonsons<\/a> esot da\u017e\u0101du valstu parlamentiem izs\u016bt\u012bjis \u0161\u0101dus aicin\u0101jumus. Vienu t\u0101du nupat parakst\u012bja m\u016bsu Saeimas priek\u0161s\u0113d\u0113t\u0101ja Daiga Mieri\u0146a. Tie\u0161i \u0161aj\u0101 parlament\u0101risma gultn\u0113 tiks v\u0113rt\u0113ti ASV Kongresa p\u0113rn pie\u0161\u0137irtais 231 miljons ASV dol\u0101ru Baltijas dro\u0161\u012bbas iniciat\u012bvai un 350 miljoni dol\u0101ru 2026. gadam, par kuriem gan balso\u0161ana v\u0113l priek\u0161\u0101. <\/p>\n<p>Ta\u010du tie\u0161i t\u0101pat k\u0101 gad\u012bjum\u0101 ar \u201cstrat\u0113\u0123isko partneri\u201d ar\u012b \u0161\u012b \u201cpal\u012bdz\u012bba\u201d ir tikai iegansts, lai var\u0113tu ie\u0146emt poz\u012bciju, kur\u0101 gan vilks pa\u0113dis, gan kaza dz\u012bva. Par Trampa izk\u0101rto bildi Baltaj\u0101 nam\u0101 pie sienas, kur\u0101 vi\u0146\u0161 redzams kop\u0101 ar Putinu; par Trampa Grenlandes t\u012bkojumiem; par vi\u0146a minimiz\u0113to pal\u012bdz\u012bbu Ukrainai; par vi\u0146a attieksmi pret Eiropu nerun\u0101jam, bet viss uzsvars uz to ASV pal\u012bdz\u012bbu, ko no Va\u0161ingtonas sa\u0146emam. Pateic\u012bb\u0101 dzi\u013ci noliecam galvas un sak\u0101m ska\u013cu: Paldies! <\/p>\n<p>Neatkar\u012bgi no Saeimas \u0161odienas balso\u0161anas rezult\u0101tiem \u201cTrampa jaut\u0101jums\u201d nekur nepazud\u012bs. Tas b\u016bs viens no visa priek\u0161v\u0113l\u0113\u0161anu (un, iesp\u0113jams, ar\u012b p\u0113cv\u0113l\u0113\u0161anu) posma centr\u0101lajiem \u201cugunskuriem\u201d, ap kuriem notiks politisk\u0101s ri\u0146\u0137a dejas. Galvenok\u0101rt pastarpin\u0101ti. Piem\u0113ram, partij\u0101m atbildot uz t\u0101da veida jaut\u0101jumiem k\u0101: ar kuru politisko sp\u0113ku j\u016bsu partija labpr\u0101t\u0101k ietu koal\u012bcij\u0101 &#8211; ar \u201cProgres\u012bvajiem\u201d (variants \u201cVienot\u012bbu\u201d) vai ar LPV? <\/p>\n<p>Pie\u013cauju, ka vair\u0101k\u0101m partij\u0101m tie\u0161i pirms (ne tik daudz p\u0113c) v\u0113l\u0113\u0161an\u0101m uz \u0161\u0101da veida jaut\u0101jumiem b\u016bs \u013coti gr\u016bti atbild\u0113t, bet laipo\u0161ana priek\u0161v\u0113l\u0113\u0161anu posm\u0101 vienm\u0113r izskat\u0101s aizdom\u012bgi. V\u0113l\u0113t\u0101jiem lab\u0101k pat\u012bk skaidri defin\u0113ta poz\u012bcija, nevis ne cepts, ne v\u0101r\u012bts. <\/p>\n<p>Viens no Trampa politisk\u0101s modes jaunievedumiem ir &#8211; asa, piparota politisk\u0101 \u0113dienkarte. Ar treknu, saldu, s\u0101\u013cu, ceptu un citu vakar v\u0113l par nevesel\u012bgiem atz\u012btu \u0113dienu p\u0101rbag\u0101t\u012bbu. Vakardienas \u0113dienkarte ar tvaic\u0113tajiem d\u0101rze\u0146iem bez s\u0101ls un taukviel\u0101m \u0161odien vairs nav piepras\u012bta. Lai gan tas t\u0101 var likties ar\u012b mald\u012bgi un 3. oktobra p\u0113cv\u0113l\u0113\u0161anu nakt\u012b atkl\u0101ties &#8211; st\u0101sts par jauno pasaules k\u0101rt\u012bbu izr\u0101d\u012bjies briesmo\u0146u pasaci\u0146a b\u0113rniem. <\/p>\n","protected":false},"excerpt":{"rendered":"\u0160odien Saeima lems par ASV prezidenta Donalda Trampa kandidat\u016bras atbalst\u012b\u0161anu Nobela miera pr\u0113mijas pie\u0161\u0137ir\u0161anai. Uzreiz j\u0101nor\u0101da, ka \u0161is&hellip;\n","protected":false},"author":2,"featured_media":116281,"comment_status":"","ping_status":"","sticky":false,"template":"","format":"standard","meta":{"footnotes":""},"categories":[14],"tags":[23,57,28,29,32,33,22,30,31,35,39,38,36,37,34,40,20,26,27,24,25,54,55,56,21,58],"class_list":{"0":"post-116280","1":"post","2":"type-post","3":"status-publish","4":"format-standard","5":"has-post-thumbnail","7":"category-zinas-no-arvalstim","8":"tag-aktualitates","9":"tag-arvalstim","10":"tag-breaking-news","11":"tag-breakingnews","12":"tag-featured-news","13":"tag-featurednews","14":"tag-headlines","15":"tag-latest-news","16":"tag-latestnews","17":"tag-latvia","18":"tag-latvian","19":"tag-latviesu","20":"tag-latviesu-valoda","21":"tag-latviesuvaloda","22":"tag-latvija","23":"tag-lv","24":"tag-news","25":"tag-popularakas-zinas","26":"tag-popularakaszinas","27":"tag-top-stories","28":"tag-topstories","29":"tag-world","30":"tag-world-news","31":"tag-worldnews","32":"tag-zinas","33":"tag-zinas-no-arvalstim"},"share_on_mastodon":{"url":"https:\/\/pubeurope.com\/@lv\/115976920329154219","error":""},"_links":{"self":[{"href":"https:\/\/www.europesays.com\/lv\/wp-json\/wp\/v2\/posts\/116280","targetHints":{"allow":["GET"]}}],"collection":[{"href":"https:\/\/www.europesays.com\/lv\/wp-json\/wp\/v2\/posts"}],"about":[{"href":"https:\/\/www.europesays.com\/lv\/wp-json\/wp\/v2\/types\/post"}],"author":[{"embeddable":true,"href":"https:\/\/www.europesays.com\/lv\/wp-json\/wp\/v2\/users\/2"}],"replies":[{"embeddable":true,"href":"https:\/\/www.europesays.com\/lv\/wp-json\/wp\/v2\/comments?post=116280"}],"version-history":[{"count":0,"href":"https:\/\/www.europesays.com\/lv\/wp-json\/wp\/v2\/posts\/116280\/revisions"}],"wp:featuredmedia":[{"embeddable":true,"href":"https:\/\/www.europesays.com\/lv\/wp-json\/wp\/v2\/media\/116281"}],"wp:attachment":[{"href":"https:\/\/www.europesays.com\/lv\/wp-json\/wp\/v2\/media?parent=116280"}],"wp:term":[{"taxonomy":"category","embeddable":true,"href":"https:\/\/www.europesays.com\/lv\/wp-json\/wp\/v2\/categories?post=116280"},{"taxonomy":"post_tag","embeddable":true,"href":"https:\/\/www.europesays.com\/lv\/wp-json\/wp\/v2\/tags?post=116280"}],"curies":[{"name":"wp","href":"https:\/\/api.w.org\/{rel}","templated":true}]}}