{"id":116301,"date":"2026-01-29T06:40:11","date_gmt":"2026-01-29T06:40:11","guid":{"rendered":"https:\/\/www.europesays.com\/lv\/116301\/"},"modified":"2026-01-29T06:40:11","modified_gmt":"2026-01-29T06:40:11","slug":"regionalo-pasazieru-parvadataju-problemas-latvija-turpinas-risinajums-nav-skaidrs-lente-lv","status":"publish","type":"post","link":"https:\/\/www.europesays.com\/lv\/116301\/","title":{"rendered":"Re\u0123ion\u0101lo pasa\u017eieru p\u0101rvad\u0101t\u0101ju probl\u0113mas Latvij\u0101 turpin\u0101s, risin\u0101jums nav skaidrs\u00a0\u2014\u00a0Lente.lv"},"content":{"rendered":"<p>Samilzu\u0161\u0101s probl\u0113mas bez \u0101tra risin\u0101juma<\/p>\n<p>Situ\u0101cija ar re\u0123ion\u0101lajiem pasa\u017eieru p\u0101rvad\u0101t\u0101jiem Latvij\u0101 joproj\u0101m ir sare\u017e\u0123\u012bta, un \u0101tri risin\u0101jumi, lai atrisin\u0101tu samilzu\u0161\u0101s probl\u0113mas, nav saskat\u0101mi. K\u0101 otrdien Satiksmes ministrijas s\u0113d\u0113 atzina Autotransporta direkcija (ATD), galven\u0101 probl\u0113ma ir daudzgadu l\u012bgumi, kas daudziem p\u0101rvad\u0101t\u0101jiem vairs nav izdev\u012bgi pie pa\u0161reiz\u0113j\u0101m izmaks\u0101m. K\u0101 inform\u0113 Latvijas Sabiedriskie Mediji, valsts sola mekl\u0113t risin\u0101jumus, lai nodro\u0161in\u0101tu pasa\u017eieru p\u0101rvad\u0101jumu nep\u0101rtraukt\u012bbu, ta\u010du konkr\u0113ts termi\u0146\u0161 nav noteikts.<\/p>\n<p>Daudzgadu l\u012bgumu neatbilst\u012bba realit\u0101tei<\/p>\n<p>Starppils\u0113tu autobusu p\u0101rvad\u0101t\u0101ji jau ilgsto\u0161i nor\u0101da uz gr\u016bt\u012bb\u0101m nozar\u0113. Daudzi no vi\u0146u ilgtermi\u0146a l\u012bgumiem ar valsti tika nosl\u0113gti laik\u0101, kad izmaksas bija iev\u0113rojami zem\u0101kas. Tagad \u0161ie l\u012bgumi vairs neatspogu\u013co pa\u0161reiz\u0113jo ekonomisko situ\u0101ciju, radot zaud\u0113jumus uz\u0146\u0113mumiem. Lai gan notiku\u0161as vair\u0101kas sarunas starp nozari un amatperson\u0101m, b\u016btiskas vieno\u0161an\u0101s nav pan\u0101ktas. Iepriek\u0161\u0113jos gad\u012bjumos p\u0101rvad\u0101t\u0101ji pat izteiku\u0161i neapmierin\u0101t\u012bbu ar valsts puses nesp\u0113ju pied\u0101v\u0101t re\u0101lus risin\u0101jumus, demonstrat\u012bvi pametot s\u0113des.<\/p>\n<p>Autotransporta direkcijas un IUB nost\u0101ja<\/p>\n<p>Autotransporta direkcija ir inform\u0113jusi p\u0101rvad\u0101t\u0101jus, ka Iepirkumu uzraudz\u012bbas birojs (IUB) nepiekr\u012bt vi\u0146u pras\u012bbai par viena kilometra cenas izmai\u0146u un papildu indeks\u0101ciju nosl\u0113gtajos l\u012bgumos k\u0101 tiesisku risin\u0101jumu. IUB skaidrojums, kas ATD sa\u0146emts janv\u0101r\u012b, nor\u0101da, ka \u0161\u0101das izmai\u0146as nav likum\u012bgas. ATD uzsver, ka nozare rada spiedienu uz direkciju un politikas veidot\u0101jiem, ta\u010du tie cen\u0161as pie\u0146emt tiesiskus l\u0113mumus. P\u0101rvad\u0101t\u0101jiem ir iesp\u0113ja pier\u0101d\u012bt radu\u0161os zaud\u0113jumus, pamatojot tos atbilsto\u0161i IUB un Publisko iepirkumu likuma norm\u0101m.<\/p>\n<p>P\u0101rvad\u0101t\u0101ju draudi un n\u0101kotnes perspekt\u012bvas<\/p>\n<p>Pasa\u017eieru p\u0101rvad\u0101t\u0101ju asoci\u0101cija jau atk\u0101rtoti draud ar piketu r\u012bko\u0161anu, kuru laik\u0101 pasa\u017eieru p\u0101rvad\u0101jumi tiktu p\u0101rtraukti. K\u0101 nor\u0101da asoci\u0101cijas prezidents Ivo O\u0161enieks, \u0161ogad pl\u0101not\u0101 protesta akcija var\u0113tu b\u016bt v\u0113l pla\u0161\u0101ka nek\u0101 iepriek\u0161\u0113j\u0101 gad\u0101. \u0160obr\u012bd tiek izstr\u0101d\u0101ts akcijas form\u0101ts, un t\u0101s norise b\u016bs atkar\u012bga ar\u012b no gaid\u0101m\u0101s 10. febru\u0101ra san\u0101ksmes izn\u0101kuma, \u012bpa\u0161i attiec\u012bb\u0101 uz \u0161oferu algu jaut\u0101jumu. P\u0101rvad\u0101t\u0101ji ar\u012b apsver iesp\u0113ju v\u0113rsties ties\u0101, lai segtu radu\u0161os zaud\u0113jumus, kas radu\u0161ies neparedz\u0113tu apst\u0101k\u013cu d\u0113\u013c l\u012bgumu nosl\u0113g\u0161anas br\u012bd\u012b.<\/p>\n<p>Satiksmes ministra un asoci\u0101cijas viedok\u013ci<\/p>\n<p>Neskatoties uz konstrukt\u012bvu dialogu, kas noticis tik\u0161an\u0101s laik\u0101 ar satiksmes ministru Ati \u0160vinku, p\u0101rvad\u0101t\u0101ji neatsak\u0101s no protesta ieceres, jo tr\u016bkst konkr\u0113tu risin\u0101jumu. Tikm\u0113r Satiksmes ministrija cer sa\u0146emt 9,2 miljonus eiro no neparedz\u0113tiem gad\u012bjumiem, lai risin\u0101tu probl\u0113mas. Tom\u0113r asoci\u0101cijas ieskat\u0101 ministrs apzin\u0101ti izv\u0113las d\u0101rg\u0101ku scen\u0101riju, pie\u013caujot eso\u0161o uz\u0146\u0113mumu maks\u0101tnesp\u0113ju, t\u0101p\u0113c asoci\u0101cija ir v\u0113rsusies pie Ministru prezidentes ar l\u016bgumu atsaukt ministru no amata.<\/p>\n","protected":false},"excerpt":{"rendered":"Samilzu\u0161\u0101s probl\u0113mas bez \u0101tra risin\u0101juma Situ\u0101cija ar re\u0123ion\u0101lajiem pasa\u017eieru p\u0101rvad\u0101t\u0101jiem Latvij\u0101 joproj\u0101m ir sare\u017e\u0123\u012bta, un \u0101tri risin\u0101jumi, lai&hellip;\n","protected":false},"author":2,"featured_media":116302,"comment_status":"","ping_status":"","sticky":false,"template":"","format":"standard","meta":{"footnotes":""},"categories":[5],"tags":[23,1953,28,29,32,33,22,30,31,35,39,38,36,37,34,26901,40,20,15323,26,27,4204,956,24,25,21],"class_list":{"0":"post-116301","1":"post","2":"type-post","3":"status-publish","4":"format-standard","5":"has-post-thumbnail","7":"category-aktualitates","8":"tag-aktualitates","9":"tag-autotransporta-direkcija","10":"tag-breaking-news","11":"tag-breakingnews","12":"tag-featured-news","13":"tag-featurednews","14":"tag-headlines","15":"tag-latest-news","16":"tag-latestnews","17":"tag-latvia","18":"tag-latvian","19":"tag-latviesu","20":"tag-latviesu-valoda","21":"tag-latviesuvaloda","22":"tag-latvija","23":"tag-ligumi","24":"tag-lv","25":"tag-news","26":"tag-pasazieru-parvadataji","27":"tag-popularakas-zinas","28":"tag-popularakaszinas","29":"tag-protesti","30":"tag-satiksmes-ministrija","31":"tag-top-stories","32":"tag-topstories","33":"tag-zinas"},"share_on_mastodon":{"url":"https:\/\/pubeurope.com\/@lv\/115977022530735187","error":""},"_links":{"self":[{"href":"https:\/\/www.europesays.com\/lv\/wp-json\/wp\/v2\/posts\/116301","targetHints":{"allow":["GET"]}}],"collection":[{"href":"https:\/\/www.europesays.com\/lv\/wp-json\/wp\/v2\/posts"}],"about":[{"href":"https:\/\/www.europesays.com\/lv\/wp-json\/wp\/v2\/types\/post"}],"author":[{"embeddable":true,"href":"https:\/\/www.europesays.com\/lv\/wp-json\/wp\/v2\/users\/2"}],"replies":[{"embeddable":true,"href":"https:\/\/www.europesays.com\/lv\/wp-json\/wp\/v2\/comments?post=116301"}],"version-history":[{"count":0,"href":"https:\/\/www.europesays.com\/lv\/wp-json\/wp\/v2\/posts\/116301\/revisions"}],"wp:featuredmedia":[{"embeddable":true,"href":"https:\/\/www.europesays.com\/lv\/wp-json\/wp\/v2\/media\/116302"}],"wp:attachment":[{"href":"https:\/\/www.europesays.com\/lv\/wp-json\/wp\/v2\/media?parent=116301"}],"wp:term":[{"taxonomy":"category","embeddable":true,"href":"https:\/\/www.europesays.com\/lv\/wp-json\/wp\/v2\/categories?post=116301"},{"taxonomy":"post_tag","embeddable":true,"href":"https:\/\/www.europesays.com\/lv\/wp-json\/wp\/v2\/tags?post=116301"}],"curies":[{"name":"wp","href":"https:\/\/api.w.org\/{rel}","templated":true}]}}