{"id":116326,"date":"2026-01-29T07:02:07","date_gmt":"2026-01-29T07:02:07","guid":{"rendered":"https:\/\/www.europesays.com\/lv\/116326\/"},"modified":"2026-01-29T07:02:07","modified_gmt":"2026-01-29T07:02:07","slug":"asv-velas-atcelt-visus-ierobezojumus-to-militarajai-klatbutnei-grenlande-raksts","status":"publish","type":"post","link":"https:\/\/www.europesays.com\/lv\/116326\/","title":{"rendered":"ASV v\u0113las atcelt visus ierobe\u017eojumus to milit\u0101rajai kl\u0101tb\u016btnei Grenland\u0113 \/ Raksts"},"content":{"rendered":"<p>Spriedze\u00a0saist\u012bb\u0101 ar Grenlandi starp ASV un Eiropu ir mazin\u0101jusies, un \u0161\u0137ietami ir\u00a0s\u0101cies praktisks darbs pie t\u0101, lai risin\u0101tu jaut\u0101jumu par sadarb\u012bbu ar ASV. D\u0101nijas, Grenlandes un ASV amatpersonas tre\u0161dien\u00a0tik\u0101s un apsprieda jaunu ietvarl\u012bgumu par Grenlandi, m\u0113\u0123inot apmierin\u0101t prezidenta DonaldaTrampa v\u0113lmi redz\u0113t liel\u0101ku ASV kl\u0101tb\u016btni Arktikas sal\u0101.<\/p>\n<p>A\u0123ent\u016bra &#8220;Bloomberg&#8221;\u00a0v\u0113sta, ka ASV amatpersonas sarunu ietvaros izskata iesp\u0113ju p\u0101rskat\u012bt valsts aizsardz\u012bbas l\u012bgumu ar D\u0101niju, lai atceltu jebk\u0101dus ierobe\u017eojumus to\u00a0milit\u0101rajai kl\u0101tb\u016btnei Grenland\u0113.<\/p>\n<p>S\u0101kotn\u0113j\u0101 l\u012bgum\u0101, kas parakst\u012bts 1951. gad\u0101 un groz\u012bts 2004. gad\u0101, teikts, ka ASV ir &#8220;j\u0101konsult\u0113jas ar un j\u0101inform\u0113&#8221; D\u0101nija un Grenlande, pirms amerik\u0101\u0146i veic &#8220;jebk\u0101das b\u016btiskas izmai\u0146as ASV milit\u0101raj\u0101s oper\u0101cij\u0101s vai objektos Grenland\u0113&#8221;.<\/p>\n<p>D\u0101nijas un Grenlandes l\u012bderi \u0161oned\u0113\u013c atrodas Berl\u012bn\u0113 un Par\u012bz\u0113, lai nostiprin\u0101tu Eiropas atbalstu sarunu laik\u0101 ar amerik\u0101\u0146iem.<\/p>\n<p>ASV Valsts sekret\u0101rs Marko Rubio Sen\u0101ta \u0100rlietu komitejas deput\u0101tiem sac\u012bja, ka Grenlandes jaut\u0101jum\u0101 &#8220;m\u0113s \u0161obr\u012bd esam lab\u0101 situ\u0101cij\u0101&#8221;, kam\u0113r demokr\u0101tu likumdev\u0113ji kritiz\u0113ja Trampa administr\u0101ciju par NATO sabiedroto atsve\u0161in\u0101\u0161anu.<\/p>\n<p>KONTEKSTS:<\/p>\n<p>Grenlande p\u0113c plat\u012bbas ir liel\u0101k\u0101 sala pasaul\u0113, bet uz t\u0101s ir tikai aptuveni 56 000 iedz\u012bvot\u0101ju. T\u0101 pieder D\u0101nijai, bet salai ir pla\u0161as autonomijas ties\u012bbas.<\/p>\n<p>Grenlandes galvaspils\u0113ta N\u016bka \u0123eogr\u0101fiski ir tuv\u0101k \u0145ujorkai nek\u0101 Kopenh\u0101genai, un ASV vald\u012bba jau vair\u0101kk\u0101rt izr\u0101d\u012bjusi interesi par Grenlandes ieg\u0101d\u0101\u0161anos. Grenland\u0113 ir izvietota ASV milit\u0101r\u0101 b\u0101ze.<\/p>\n<p>ASV dr\u012bz p\u0113c Otr\u0101 pasaules kara pied\u0101v\u0101ja nopirkt Grenlandi par 100 miljoniem dol\u0101ru, bet D\u0101nija noraid\u012bja \u0161o pied\u0101v\u0101jumu.<\/p>\n<p>ASV prezidents Donalds Tramps jau sava pirm\u0101 prezident\u016bras termi\u0146a laik\u0101 <a href=\"https:\/\/www.lsm.lv\/raksts\/zinas\/arzemes\/mediji-tramps-interesejies-par-grenlandes-iegadi-danija-to-uztver-ka-joku.a328990\/\" class=\"lsm-link\" data-type=\"article\" data-id=\"328990\" rel=\"nofollow noopener\" target=\"_blank\">atdz\u012bvin\u0101ja ideju<\/a> par Grenlandes pirk\u0161anu, bet tagad p\u0113c atgrie\u0161an\u0101s Balt\u0101 nama saimnieka amat\u0101 vi\u0146\u0161 ar jaunu sparu <a href=\"https:\/\/www.lsm.lv\/raksts\/zinas\/arzemes\/07.01.2025-tramps-pirms-stasanas-amata-signalize-par-ekspansionisma-tieksmem.a582653\/\" class=\"lsm-link\" data-type=\"article\" data-id=\"582653\" rel=\"nofollow noopener\" target=\"_blank\">\u0137\u0113ries<\/a> pie \u0161\u012bs idejas populariz\u0113\u0161anas.<\/p>\n<p>Starptautisk\u0101s politikas eksperti <a href=\"https:\/\/www.lsm.lv\/raksts\/zinas\/arzemes\/08.01.2025-lsm-skaidro-kapec-tramps-tik-loti-velas-iegadaties-grenlandi.a582674\/\" class=\"lsm-link\" data-type=\"article\" data-id=\"582674\" rel=\"nofollow noopener\" target=\"_blank\">sprie\u017e<\/a>, ka ASV interes\u0113 Grenlandes strat\u0113\u0123iski svar\u012bgais izvietojums un pieeja Arktikai, k\u0101 ar\u012b der\u012bgo izrakte\u0146u kr\u0101jumi.<\/p>\n<p>D\u0101nijas un Grenlandes amatpersonas gan <a href=\"https:\/\/www.lsm.lv\/raksts\/zinas\/arzemes\/08.01.2025-grenlandes-deputate-par-trampa-velmi-nopirkt-salu-ne-jau-asv-izlems-musu-nakotni.a582821\/\" class=\"lsm-link\" data-type=\"article\" data-id=\"582821\" rel=\"nofollow noopener\" target=\"_blank\">uzsv\u0113ru\u0161as<\/a>, ka Grenlande netiek p\u0101rdota.<\/p>\n<p>2026. gada janv\u0101r\u012b Baltais nams <a href=\"https:\/\/www.lsm.lv\/raksts\/zinas\/arzemes\/06.01.2026-tramps-apsver-vairakus-variantus-grenlandes-iegusanai-neizsledz-militaru-ricibu.a628859\/\" class=\"lsm-link\" data-type=\"article\" data-id=\"628859\" rel=\"nofollow noopener\" target=\"_blank\">pav\u0113st\u012bja<\/a>, ka Tramps izskata da\u017e\u0101das iesp\u0113jas, k\u0101 p\u0101r\u0146emt Grenlandi sav\u0101 kontrol\u0113, tai skait\u0101 netiek izsl\u0113gts ar\u012b milit\u0101rs risin\u0101jums. \u0160\u0101ds scen\u0101rijs izrais\u012btu smagu kr\u012bzi NATO, jo gan D\u0101nija, gan ASV ir NATO dal\u012bbvalstis.<\/p>\n<p>17. janv\u0101r\u012b Tramps pazi\u0146oja, ka pl\u0101no noteikt D\u0101nijai, Francijai, Lielbrit\u0101nijai, N\u012bderlandei, Norv\u0113\u0123ijai, Somijai, Zviedrijai un V\u0101cijai papildu <a href=\"https:\/\/www.lsm.lv\/raksts\/zinas\/ekonomika\/17.01.2026-tramps-izzino-10-tarifu-vairakam-eiropas-valstim-grenlandes-jautajuma-del.a630419\/\" class=\"lsm-link\" data-type=\"article\" data-id=\"630419\" rel=\"nofollow noopener\" target=\"_blank\">10 % muitas tarifus<\/a>, s\u0101kot ar 1. febru\u0101ri.<\/p>\n<p>2026. gada 21. janv\u0101r\u012b Tramps <a href=\"https:\/\/www.lsm.lv\/raksts\/zinas\/ekonomika\/21.01.2026-tramps-atsakas-no-nodoma-noteikt-jaunus-muitas-tarifus-eiropas-valstim.a631032\/?utm_source=lsm&amp;utm_medium=theme&amp;utm_campaign=theme\" class=\"lsm-link\" data-type=\"article\" data-id=\"631032\" rel=\"nofollow noopener\" target=\"_blank\">m\u012bkstin\u0101ja <\/a>savu retoriku p\u0113c \u0160veices pils\u0113t\u0101 Davos\u0101 notiku\u0161\u0101m sarun\u0101m ar NATO l\u012bderi Marku Ruti. Vi\u0146\u0161 ar\u012b atc\u0113la sol\u012btos tarifus ES valst\u012bm.<\/p>\n<p>Lai ar\u012b nav zin\u0101ms, par ko vienoj\u0101s ASV un NATO, sarun\u0101m pietuvin\u0101ti avoti <a href=\"https:\/\/www.lsm.lv\/raksts\/zinas\/arzemes\/22.01.2026-avoti-asv-un-nato-apspriestajos-priekslikumos-par-grenlandi-cienita-salas-un-danijas-suverenitate.a631059\/?utm_source=lsm&amp;utm_medium=theme&amp;utm_campaign=theme\" class=\"lsm-link\" data-type=\"article\" data-id=\"631059\" rel=\"nofollow noopener\" target=\"_blank\">atz\u012bm\u0113ja<\/a>, ka priek\u0161likumos cien\u012bta D\u0101nijas un salas suverenit\u0101te.<\/p>\n<p>                    Valodas k\u013c\u016bda rakst\u0101?<\/p>\n<p class=\"d-none d-md-block\">Iez\u012bm\u0113jiet tekstu un spiediet Ctrl+Enter, lai nos\u016bt\u012btu labojamo teksta fragmentu redaktoram! Par faktu k\u013c\u016bd\u0101m l\u016bdzam zi\u0146ot e-past\u0101 <a href=\"https:\/\/www.lsm.lv\/cdn-cgi\/l\/email-protection\" class=\"__cf_email__\" data-cfemail=\"2d5f48494c464e44474c6d415e4003415b\" rel=\"nofollow noopener\" target=\"_blank\">[email\u00a0protected]<\/a>.<\/p>\n<p class=\"d-md-none\">Iez\u012bm\u0113jiet tekstu un spiediet uz Zi\u0146ot par k\u013c\u016bdu pogas, lai nos\u016bt\u012btu labojamo teksta fragmentu redaktoram!<\/p>\n<p>\n                    Zi\u0146ot par k\u013c\u016bdu\n                <\/p>\n","protected":false},"excerpt":{"rendered":"Spriedze\u00a0saist\u012bb\u0101 ar Grenlandi starp ASV un Eiropu ir mazin\u0101jusies, un \u0161\u0137ietami ir\u00a0s\u0101cies praktisks darbs pie t\u0101, lai risin\u0101tu&hellip;\n","protected":false},"author":2,"featured_media":116327,"comment_status":"","ping_status":"","sticky":false,"template":"","format":"standard","meta":{"footnotes":""},"categories":[14],"tags":[23,57,28,29,32,33,22,30,31,35,39,38,36,37,34,40,20,26,27,24,25,54,55,56,21,58],"class_list":{"0":"post-116326","1":"post","2":"type-post","3":"status-publish","4":"format-standard","5":"has-post-thumbnail","7":"category-zinas-no-arvalstim","8":"tag-aktualitates","9":"tag-arvalstim","10":"tag-breaking-news","11":"tag-breakingnews","12":"tag-featured-news","13":"tag-featurednews","14":"tag-headlines","15":"tag-latest-news","16":"tag-latestnews","17":"tag-latvia","18":"tag-latvian","19":"tag-latviesu","20":"tag-latviesu-valoda","21":"tag-latviesuvaloda","22":"tag-latvija","23":"tag-lv","24":"tag-news","25":"tag-popularakas-zinas","26":"tag-popularakaszinas","27":"tag-top-stories","28":"tag-topstories","29":"tag-world","30":"tag-world-news","31":"tag-worldnews","32":"tag-zinas","33":"tag-zinas-no-arvalstim"},"share_on_mastodon":{"url":"https:\/\/pubeurope.com\/@lv\/115977109026884558","error":""},"_links":{"self":[{"href":"https:\/\/www.europesays.com\/lv\/wp-json\/wp\/v2\/posts\/116326","targetHints":{"allow":["GET"]}}],"collection":[{"href":"https:\/\/www.europesays.com\/lv\/wp-json\/wp\/v2\/posts"}],"about":[{"href":"https:\/\/www.europesays.com\/lv\/wp-json\/wp\/v2\/types\/post"}],"author":[{"embeddable":true,"href":"https:\/\/www.europesays.com\/lv\/wp-json\/wp\/v2\/users\/2"}],"replies":[{"embeddable":true,"href":"https:\/\/www.europesays.com\/lv\/wp-json\/wp\/v2\/comments?post=116326"}],"version-history":[{"count":0,"href":"https:\/\/www.europesays.com\/lv\/wp-json\/wp\/v2\/posts\/116326\/revisions"}],"wp:featuredmedia":[{"embeddable":true,"href":"https:\/\/www.europesays.com\/lv\/wp-json\/wp\/v2\/media\/116327"}],"wp:attachment":[{"href":"https:\/\/www.europesays.com\/lv\/wp-json\/wp\/v2\/media?parent=116326"}],"wp:term":[{"taxonomy":"category","embeddable":true,"href":"https:\/\/www.europesays.com\/lv\/wp-json\/wp\/v2\/categories?post=116326"},{"taxonomy":"post_tag","embeddable":true,"href":"https:\/\/www.europesays.com\/lv\/wp-json\/wp\/v2\/tags?post=116326"}],"curies":[{"name":"wp","href":"https:\/\/api.w.org\/{rel}","templated":true}]}}