{"id":116328,"date":"2026-01-29T07:04:03","date_gmt":"2026-01-29T07:04:03","guid":{"rendered":"https:\/\/www.europesays.com\/lv\/116328\/"},"modified":"2026-01-29T07:04:03","modified_gmt":"2026-01-29T07:04:03","slug":"nato-izpratne-par-galvenajiem-draudiem-saglabajas-vienota","status":"publish","type":"post","link":"https:\/\/www.europesays.com\/lv\/116328\/","title":{"rendered":"NATO izpratne par galvenajiem draudiem saglab\u0101jas vienota"},"content":{"rendered":"<p>Vi\u0146\u0161 skaidroja, ka alianse regul\u0101ri v\u0113rt\u0113, k\u0101di draudi past\u0101v t\u0101s un t\u0101s dal\u012bbvalstu dro\u0161\u012bbai. &#8220;Un joproj\u0101m visu 32 dal\u012bbvalstu ieskat\u0101 past\u0101v divi galvenie draudi &#8211; tas ir starptautiskais terorisms un agres\u012bv\u0101 Krievija,&#8221; vi\u0146\u0161 uzsv\u0113ra, piebilstot, ka \u0161\u012b kop\u012bg\u0101 poz\u012bcija ir deklar\u0113ta nevis vienk\u0101r\u0161i lozungu l\u012bmen\u012b, bet par to pie\u0146emts vienbals\u012bgs l\u0113mums. Savuk\u0101rt, pamatojoties uz to, tiek veidoti aizsardz\u012bbas pl\u0101ni un str\u0101d\u0101ts pie nepiecie\u0161amo aizsardz\u012bbas sp\u0113ju pilnveido\u0161anas, nepiecie\u0161am\u012bbas gad\u012bjum\u0101 bru\u0146ojuma priorit\u0101\u0161u kori\u0123\u0113\u0161anas un karasp\u0113ka vai karav\u012bru izvieto\u0161anas.<\/p>\n<p>&#8220;T\u0101d\u0101 zi\u0146\u0101 vienot\u012bba past\u0101v un es dom\u0101ju, ka tas ir \u013coti svar\u012bgi,&#8221; v\u0113lreiz nor\u0101d\u012bja v\u0113stnieks.<\/p>\n<p>Sprie\u017eot par ASV prezidenta Donalda Trampa pieeju da\u017e\u0101du jaut\u0101jumu risin\u0101\u0161anai, Rieksti\u0146\u0161 uzsv\u0113ra, ka daudz ir diskut\u0113ts par to, k\u0101 vi\u0146a piekoptais veids da\u017e\u0101du t\u0113mu uzrun\u0101\u0161anai citiem pat\u012bk vai nepat\u012bk.<\/p>\n<p>&#8220;Es neesmu studij\u0101, lai b\u016btu ASV administr\u0101cijas advok\u0101ta lom\u0101, bet nevar neatz\u012bt, ka liel\u0101 m\u0113r\u0101 varb\u016bt t\u0101dai \u013coti agres\u012bvai jaut\u0101jumu nolik\u0161anai uz diskusiju galda, kas bijusi no ASV puses, ir ar\u012b pozit\u012bvi rezult\u0101ti,&#8221; vi\u0146\u0161 nor\u0101d\u012bja, k\u0101 piem\u0113ru minot p\u0113rn\u0101 gada <a href=\"https:\/\/www.tvnet.lv\/term\/9898\/nato\" class=\"topicLink\" target=\"_blank\" rel=\"nofollow noopener\">NATO<\/a> H\u0101gas samitu, kur\u0101 tika pie\u0146emti l\u0113mumi attiec\u012bb\u0101 uz aizsardz\u012bbas izdevumu palielin\u0101\u0161anu vis\u0101s NATO dal\u012bbvalst\u012bs. Vi\u0146apr\u0101t, tas neb\u016btu bijis iesp\u0113jams, ja Tramps \u0161o jaut\u0101jumu &#8220;tie\u0161i t\u0101d\u0101 \u013coti agres\u012bv\u0101 veid\u0101 nolicis uz diskusiju galda&#8221;.<\/p>\n","protected":false},"excerpt":{"rendered":"Vi\u0146\u0161 skaidroja, ka alianse regul\u0101ri v\u0113rt\u0113, k\u0101di draudi past\u0101v t\u0101s un t\u0101s dal\u012bbvalstu dro\u0161\u012bbai. &#8220;Un joproj\u0101m visu 32&hellip;\n","protected":false},"author":2,"featured_media":116329,"comment_status":"","ping_status":"","sticky":false,"template":"","format":"standard","meta":{"footnotes":""},"categories":[5],"tags":[23,28,29,334,32,33,22,30,31,35,39,38,36,37,34,40,71,20,26,27,24,25,21],"class_list":{"0":"post-116328","1":"post","2":"type-post","3":"status-publish","4":"format-standard","5":"has-post-thumbnail","7":"category-aktualitates","8":"tag-aktualitates","9":"tag-breaking-news","10":"tag-breakingnews","11":"tag-drosiba","12":"tag-featured-news","13":"tag-featurednews","14":"tag-headlines","15":"tag-latest-news","16":"tag-latestnews","17":"tag-latvia","18":"tag-latvian","19":"tag-latviesu","20":"tag-latviesu-valoda","21":"tag-latviesuvaloda","22":"tag-latvija","23":"tag-lv","24":"tag-nato","25":"tag-news","26":"tag-popularakas-zinas","27":"tag-popularakaszinas","28":"tag-top-stories","29":"tag-topstories","30":"tag-zinas"},"share_on_mastodon":{"url":"https:\/\/pubeurope.com\/@lv\/115977116872272248","error":""},"_links":{"self":[{"href":"https:\/\/www.europesays.com\/lv\/wp-json\/wp\/v2\/posts\/116328","targetHints":{"allow":["GET"]}}],"collection":[{"href":"https:\/\/www.europesays.com\/lv\/wp-json\/wp\/v2\/posts"}],"about":[{"href":"https:\/\/www.europesays.com\/lv\/wp-json\/wp\/v2\/types\/post"}],"author":[{"embeddable":true,"href":"https:\/\/www.europesays.com\/lv\/wp-json\/wp\/v2\/users\/2"}],"replies":[{"embeddable":true,"href":"https:\/\/www.europesays.com\/lv\/wp-json\/wp\/v2\/comments?post=116328"}],"version-history":[{"count":0,"href":"https:\/\/www.europesays.com\/lv\/wp-json\/wp\/v2\/posts\/116328\/revisions"}],"wp:featuredmedia":[{"embeddable":true,"href":"https:\/\/www.europesays.com\/lv\/wp-json\/wp\/v2\/media\/116329"}],"wp:attachment":[{"href":"https:\/\/www.europesays.com\/lv\/wp-json\/wp\/v2\/media?parent=116328"}],"wp:term":[{"taxonomy":"category","embeddable":true,"href":"https:\/\/www.europesays.com\/lv\/wp-json\/wp\/v2\/categories?post=116328"},{"taxonomy":"post_tag","embeddable":true,"href":"https:\/\/www.europesays.com\/lv\/wp-json\/wp\/v2\/tags?post=116328"}],"curies":[{"name":"wp","href":"https:\/\/api.w.org\/{rel}","templated":true}]}}