{"id":116340,"date":"2026-01-29T07:14:07","date_gmt":"2026-01-29T07:14:07","guid":{"rendered":"https:\/\/www.europesays.com\/lv\/116340\/"},"modified":"2026-01-29T07:14:07","modified_gmt":"2026-01-29T07:14:07","slug":"mekles-es-finansejumu-latvijas-aizsardzibas-industrijas-parstavniecibas-nodrosinasanai-es-un-nato-limeni","status":"publish","type":"post","link":"https:\/\/www.europesays.com\/lv\/116340\/","title":{"rendered":"Mekl\u0113s ES finans\u0113jumu Latvijas aizsardz\u012bbas industrijas p\u0101rst\u0101vniec\u012bbas nodro\u0161in\u0101\u0161anai ES un NATO l\u012bmen\u012b"},"content":{"rendered":"<p>Saeimas Aizsardz\u012bbas, iek\u0161lietu un korupcijas nov\u0113r\u0161anas komisija un atbild\u012bgo ministriju p\u0101rst\u0101vji v\u0113las atrast k\u0101du Eiropas Savien\u012bbas finan\u0161u instrumentu, lai nodro\u0161in\u0101tu past\u0101v\u012bgu Latvijas aizsardz\u012bbas industrijas p\u0101rst\u0101vniec\u012bbu ES un NATO l\u012bme\u0146a instit\u016bcij\u0101s un sadarb\u012bbas platform\u0101s.<\/p>\n<p>Komisijas uzman\u012bbu uz \u0161\u0101da finans\u0113juma nepiecie\u0161am\u012bbu v\u0113rsa Latvijas Dro\u0161\u012bbas un aizsardz\u012bbas industriju feder\u0101cija (DAIF Latvija). Organiz\u0101cijas p\u0101rst\u0101vji pauda, ka \u0161\u0101da finans\u0113juma m\u0113r\u0137is b\u016btu segt izmaksas, kas saist\u012btas ar Latvijas aizsardz\u012bbas un dro\u0161\u012bbas industrijas intere\u0161u sistem\u0101tisku p\u0101rst\u0101v\u012bbu, inform\u0101cijas aprites nodro\u0161in\u0101\u0161anu, sadarb\u012bbas veido\u0161anu un Latvijas uz\u0146\u0113mumu un p\u0113tniec\u012bbas iest\u0101\u017eu savlaic\u012bgu iesaisti starptautiskajos sp\u0113ju att\u012bst\u012bbas un iepirkumu procesos.<\/p>\n<p>Ar \u0161\u0101du finans\u0113jumu iecer\u0113ts nodro\u0161in\u0101t Latvijas aizsardz\u012bbas industrijas p\u0101rst\u0101vniec\u012bbu ES un NATO l\u012bme\u0146a instit\u016bcij\u0101s, tostarp v\u0101cot inform\u0101ciju par ES un NATO l\u012bme\u0146a politikas iniciat\u012bv\u0101m, sp\u0113ju att\u012bst\u012bbas projektiem un iepirkumiem, kuros Latvijas industrijas p\u0101rst\u0101vji var\u0113tu piedal\u012bties.<\/p>\n<p>T\u0101pat tiktu veicin\u0101ta sadarb\u012bba ar \u0101rvalstu nozares organiz\u0101cij\u0101m, nacion\u0101laj\u0101m aizsardz\u012bbas un dro\u0161\u012bbas industriju asoci\u0101cij\u0101m ES un NATO dal\u012bbvalst\u012bs, k\u0101 ar\u012b ar sabiedroto valstu p\u0101rst\u0101vniec\u012bb\u0101m, k\u0101 ar\u012b nodro\u0161in\u0101ta regul\u0101ra atskait\u012b\u0161an\u0101s un anal\u012btiska inform\u0101cijas apkopo\u0161ana par nozares att\u012bst\u012bbas tendenc\u0113m, sadarb\u012bbas iesp\u0113j\u0101m un Latvijas iesaistes potenci\u0101lu ES un NATO l\u012bme\u0146a iniciat\u012bv\u0101s, iecer\u0113jusi &#8220;DAIF Latvija&#8221;.<\/p>\n<p>Aktivit\u0101tes tiktu \u012bstenotas bez tie\u0161as komercdarb\u012bbas veik\u0161anas, koncentr\u0113joties uz valsts un nozares kop\u0113jo intere\u0161u p\u0101rst\u0101v\u012bbu, inform\u0101cijas koordin\u0101ciju un sadarb\u012bbas vides stiprin\u0101\u0161anu.<\/p>\n<p>&#8220;DAIF Latvija&#8221; nor\u0101da, ka Latvijas dro\u0161\u012bbas industrijai j\u0101b\u016bt akt\u012bvi p\u0101rst\u0101v\u0113tai Eiropas Savien\u012bbas un NATO strukt\u016br\u0101s, darba grup\u0101s un programm\u0101s, kur veidojas n\u0101kotnes sp\u0113jas un iepirkumi. Tur ir ne tikai finans\u0113jums, bet ar\u012b zin\u0101\u0161anas, pieredze un kontakti, un \u0161\u0101da veida p\u0101rst\u0101vniec\u012bbas principi\u0101li ir izveidoju\u0161as ar\u012b liel\u0101s \u0101rvalstu komp\u0101nijas.<\/p>\n<p>Izv\u0113rt\u0113jot iesp\u0113jamos finans\u0113juma administr\u0113\u0161anas risin\u0101jumus, k\u0101 potenci\u0101li piem\u0113rota instit\u016bcija finans\u0113juma instrumenta administr\u0113\u0161anai tiek saskat\u012bta Latvijas Invest\u012bciju un att\u012bst\u012bbas a\u0123ent\u016bra.<\/p>\n<p>\n                            Valodas k\u013c\u016bda rakst\u0101?<br \/>Iez\u012bm\u0113jiet tekstu un spiediet Zi\u0146ot par k\u013c\u016bdu pogas   , lai nos\u016bt\u012btu labojamo teksta fragmentu redaktoram!<\/p>\n<p>                                Zi\u0146ot par k\u013c\u016bdu<\/p>\n","protected":false},"excerpt":{"rendered":"Saeimas Aizsardz\u012bbas, iek\u0161lietu un korupcijas nov\u0113r\u0161anas komisija un atbild\u012bgo ministriju p\u0101rst\u0101vji v\u0113las atrast k\u0101du Eiropas Savien\u012bbas finan\u0161u instrumentu,&hellip;\n","protected":false},"author":2,"featured_media":116341,"comment_status":"","ping_status":"","sticky":false,"template":"","format":"standard","meta":{"footnotes":""},"categories":[14],"tags":[23,57,28,29,32,33,22,30,31,35,39,38,36,37,34,40,20,26,27,24,25,54,55,56,21,58],"class_list":{"0":"post-116340","1":"post","2":"type-post","3":"status-publish","4":"format-standard","5":"has-post-thumbnail","7":"category-zinas-no-arvalstim","8":"tag-aktualitates","9":"tag-arvalstim","10":"tag-breaking-news","11":"tag-breakingnews","12":"tag-featured-news","13":"tag-featurednews","14":"tag-headlines","15":"tag-latest-news","16":"tag-latestnews","17":"tag-latvia","18":"tag-latvian","19":"tag-latviesu","20":"tag-latviesu-valoda","21":"tag-latviesuvaloda","22":"tag-latvija","23":"tag-lv","24":"tag-news","25":"tag-popularakas-zinas","26":"tag-popularakaszinas","27":"tag-top-stories","28":"tag-topstories","29":"tag-world","30":"tag-world-news","31":"tag-worldnews","32":"tag-zinas","33":"tag-zinas-no-arvalstim"},"share_on_mastodon":{"url":"https:\/\/pubeurope.com\/@lv\/115977156893543819","error":""},"_links":{"self":[{"href":"https:\/\/www.europesays.com\/lv\/wp-json\/wp\/v2\/posts\/116340","targetHints":{"allow":["GET"]}}],"collection":[{"href":"https:\/\/www.europesays.com\/lv\/wp-json\/wp\/v2\/posts"}],"about":[{"href":"https:\/\/www.europesays.com\/lv\/wp-json\/wp\/v2\/types\/post"}],"author":[{"embeddable":true,"href":"https:\/\/www.europesays.com\/lv\/wp-json\/wp\/v2\/users\/2"}],"replies":[{"embeddable":true,"href":"https:\/\/www.europesays.com\/lv\/wp-json\/wp\/v2\/comments?post=116340"}],"version-history":[{"count":0,"href":"https:\/\/www.europesays.com\/lv\/wp-json\/wp\/v2\/posts\/116340\/revisions"}],"wp:featuredmedia":[{"embeddable":true,"href":"https:\/\/www.europesays.com\/lv\/wp-json\/wp\/v2\/media\/116341"}],"wp:attachment":[{"href":"https:\/\/www.europesays.com\/lv\/wp-json\/wp\/v2\/media?parent=116340"}],"wp:term":[{"taxonomy":"category","embeddable":true,"href":"https:\/\/www.europesays.com\/lv\/wp-json\/wp\/v2\/categories?post=116340"},{"taxonomy":"post_tag","embeddable":true,"href":"https:\/\/www.europesays.com\/lv\/wp-json\/wp\/v2\/tags?post=116340"}],"curies":[{"name":"wp","href":"https:\/\/api.w.org\/{rel}","templated":true}]}}