{"id":116350,"date":"2026-01-29T07:20:07","date_gmt":"2026-01-29T07:20:07","guid":{"rendered":"https:\/\/www.europesays.com\/lv\/116350\/"},"modified":"2026-01-29T07:20:07","modified_gmt":"2026-01-29T07:20:07","slug":"latvijas-vestnieks-nato-redz-divus-galvenos-draudus","status":"publish","type":"post","link":"https:\/\/www.europesays.com\/lv\/116350\/","title":{"rendered":"Latvijas v\u0113stnieks: NATO redz divus galvenos draudus"},"content":{"rendered":"<p>&#8220;Es neesmu studij\u0101, lai b\u016btu ASV administr\u0101cijas advok\u0101ta lom\u0101, bet nevar neatz\u012bt, ka liel\u0101 m\u0113r\u0101 varb\u016bt t\u0101dai \u013coti agres\u012bvai jaut\u0101jumu nolik\u0161anai uz diskusiju galda, kas bijusi no ASV puses, ir ar\u012b pozit\u012bvi rezult\u0101ti,&#8221; vi\u0146\u0161 nor\u0101d\u012bja, k\u0101 piem\u0113ru minot p\u0113rn\u0101 gada NATO H\u0101gas samitu, kur\u0101 tika pie\u0146emti l\u0113mumi attiec\u012bb\u0101 uz aizsardz\u012bbas izdevumu palielin\u0101\u0161anu vis\u0101s NATO dal\u012bbvalst\u012bs. Vi\u0146apr\u0101t, tas neb\u016btu bijis iesp\u0113jams, ja Tramps \u0161o jaut\u0101jumu &#8220;tie\u0161i t\u0101d\u0101 \u013coti agres\u012bv\u0101 veid\u0101 nolicis uz diskusiju galda&#8221;.<\/p>\n","protected":false},"excerpt":{"rendered":"&#8220;Es neesmu studij\u0101, lai b\u016btu ASV administr\u0101cijas advok\u0101ta lom\u0101, bet nevar neatz\u012bt, ka liel\u0101 m\u0113r\u0101 varb\u016bt t\u0101dai \u013coti&hellip;\n","protected":false},"author":2,"featured_media":116351,"comment_status":"","ping_status":"","sticky":false,"template":"","format":"standard","meta":{"footnotes":""},"categories":[14],"tags":[23,57,28,29,32,33,22,30,31,35,39,38,36,37,34,40,20,26,27,24,25,54,55,56,21,58],"class_list":{"0":"post-116350","1":"post","2":"type-post","3":"status-publish","4":"format-standard","5":"has-post-thumbnail","7":"category-zinas-no-arvalstim","8":"tag-aktualitates","9":"tag-arvalstim","10":"tag-breaking-news","11":"tag-breakingnews","12":"tag-featured-news","13":"tag-featurednews","14":"tag-headlines","15":"tag-latest-news","16":"tag-latestnews","17":"tag-latvia","18":"tag-latvian","19":"tag-latviesu","20":"tag-latviesu-valoda","21":"tag-latviesuvaloda","22":"tag-latvija","23":"tag-lv","24":"tag-news","25":"tag-popularakas-zinas","26":"tag-popularakaszinas","27":"tag-top-stories","28":"tag-topstories","29":"tag-world","30":"tag-world-news","31":"tag-worldnews","32":"tag-zinas","33":"tag-zinas-no-arvalstim"},"share_on_mastodon":{"url":"https:\/\/pubeurope.com\/@lv\/115977179802032632","error":""},"_links":{"self":[{"href":"https:\/\/www.europesays.com\/lv\/wp-json\/wp\/v2\/posts\/116350","targetHints":{"allow":["GET"]}}],"collection":[{"href":"https:\/\/www.europesays.com\/lv\/wp-json\/wp\/v2\/posts"}],"about":[{"href":"https:\/\/www.europesays.com\/lv\/wp-json\/wp\/v2\/types\/post"}],"author":[{"embeddable":true,"href":"https:\/\/www.europesays.com\/lv\/wp-json\/wp\/v2\/users\/2"}],"replies":[{"embeddable":true,"href":"https:\/\/www.europesays.com\/lv\/wp-json\/wp\/v2\/comments?post=116350"}],"version-history":[{"count":0,"href":"https:\/\/www.europesays.com\/lv\/wp-json\/wp\/v2\/posts\/116350\/revisions"}],"wp:featuredmedia":[{"embeddable":true,"href":"https:\/\/www.europesays.com\/lv\/wp-json\/wp\/v2\/media\/116351"}],"wp:attachment":[{"href":"https:\/\/www.europesays.com\/lv\/wp-json\/wp\/v2\/media?parent=116350"}],"wp:term":[{"taxonomy":"category","embeddable":true,"href":"https:\/\/www.europesays.com\/lv\/wp-json\/wp\/v2\/categories?post=116350"},{"taxonomy":"post_tag","embeddable":true,"href":"https:\/\/www.europesays.com\/lv\/wp-json\/wp\/v2\/tags?post=116350"}],"curies":[{"name":"wp","href":"https:\/\/api.w.org\/{rel}","templated":true}]}}