{"id":116360,"date":"2026-01-29T07:28:07","date_gmt":"2026-01-29T07:28:07","guid":{"rendered":"https:\/\/www.europesays.com\/lv\/116360\/"},"modified":"2026-01-29T07:28:07","modified_gmt":"2026-01-29T07:28:07","slug":"tiesraide-%e2%9f%a9-saeima-notiek-ikgadejas-arpolitikas-debates","status":"publish","type":"post","link":"https:\/\/www.europesays.com\/lv\/116360\/","title":{"rendered":"TIE\u0160RAIDE \u27e9 Saeim\u0101 notiek ikgad\u0113j\u0101s \u0101rpolitikas debates"},"content":{"rendered":"<p>Saeimas s\u0113de s\u0101ksies plkst. 9. P\u0113c zi\u0146ojuma sekos deput\u0101tu debates.<\/p>\n<p>Pirms s\u0113des, plkst. 8.55, Saeimas priek\u0161s\u0113d\u0113t\u0101ja Daiga Mieri\u0146a (ZZS) aicin\u0101jusi Valsts prezidentu Edgaru Rink\u0113vi\u010du, Ministru prezidenti Eviku Sili\u0146u (JV), Saeimas \u0100rlietu komisijas priek\u0161s\u0113d\u0113t\u0101ju In\u0101ru M\u016brnieci (NA) un \u0101rlietu ministri Bra\u017ei uz svin\u012bgu fotograf\u0113\u0161anos pie Zigfr\u012bda Annas Meierovica portreta Saeimas nama Kam\u012bnz\u0101l\u0113. Svin\u012bg\u0101 fotograf\u0113\u0161an\u0101s pie Meierovica portreta tradicion\u0101li notiek pirms ikgad\u0113j\u0101m \u0101rpolitikas debat\u0113m, godinot Latvijas pirm\u0101 \u0101rlietu ministra ieguld\u012bjumu Latvijas valsts izveid\u0113 un att\u012bst\u012bb\u0101.<\/p>\n<p>Uz \u0101rpolitikas debat\u0113m kl\u0101tien\u0113 ik gadu aicin\u0101ti Latvij\u0101 akredit\u0113to diplom\u0101tisko misiju un starptautisko organiz\u0101ciju vad\u012bt\u0101ji, savuk\u0101rt tie\u0161raid\u0113 t\u0101m var\u0113s sekot ikviens interesents Saeimas t\u012bmek\u013cvietn\u0113 &#8220;saeima.lv&#8221;, k\u0101 ar\u012b parlamenta &#8220;Facebook&#8221; un &#8220;YouTube&#8221; kan\u0101los.<\/p>\n<p>K\u0101 nor\u0101da Saeimas Preses dienest\u0101, \u0161\u012b gada debates norisin\u0101s z\u012bm\u012bg\u0101 laik\u0101 &#8211; pirms 105 gadiem, 1921. gada 26. janv\u0101r\u012b, Par\u012bz\u0113 Sabiedroto Augst\u0101k\u0101 padome atzina Latviju de iure. T\u0101 bija Pirmaj\u0101 pasaules kar\u0101 uzvar\u0113ju\u0161o valstu &#8211; Lielbrit\u0101nijas, Francijas, It\u0101lijas, Be\u013c\u0123ijas un Jap\u0101nas &#8211; politisk\u0101 l\u0113m\u0113jinstit\u016bcija, kas veidoja p\u0113ckara starptautisko k\u0101rt\u012bbu. \u0160im l\u0113mumam dr\u012bz sekoja ar\u012b citas valstis. L\u012bdz 1922. gada beig\u0101m Latviju de iure bija atzinu\u0161as 28 valstis, bet vis\u0101 starpkaru period\u0101 &#8211; 42 valstis.<\/p>\n","protected":false},"excerpt":{"rendered":"Saeimas s\u0113de s\u0101ksies plkst. 9. P\u0113c zi\u0146ojuma sekos deput\u0101tu debates. Pirms s\u0113des, plkst. 8.55, Saeimas priek\u0161s\u0113d\u0113t\u0101ja Daiga Mieri\u0146a&hellip;\n","protected":false},"author":2,"featured_media":116361,"comment_status":"","ping_status":"","sticky":false,"template":"","format":"standard","meta":{"footnotes":""},"categories":[5],"tags":[23,5156,447,28,29,32,33,22,30,31,35,39,38,36,37,34,40,20,26,27,141,24,25,21],"class_list":{"0":"post-116360","1":"post","2":"type-post","3":"status-publish","4":"format-standard","5":"has-post-thumbnail","7":"category-aktualitates","8":"tag-aktualitates","9":"tag-arpolitika","10":"tag-baiba-braze","11":"tag-breaking-news","12":"tag-breakingnews","13":"tag-featured-news","14":"tag-featurednews","15":"tag-headlines","16":"tag-latest-news","17":"tag-latestnews","18":"tag-latvia","19":"tag-latvian","20":"tag-latviesu","21":"tag-latviesu-valoda","22":"tag-latviesuvaloda","23":"tag-latvija","24":"tag-lv","25":"tag-news","26":"tag-popularakas-zinas","27":"tag-popularakaszinas","28":"tag-saeima","29":"tag-top-stories","30":"tag-topstories","31":"tag-zinas"},"share_on_mastodon":{"url":"https:\/\/pubeurope.com\/@lv\/115977211223533475","error":""},"_links":{"self":[{"href":"https:\/\/www.europesays.com\/lv\/wp-json\/wp\/v2\/posts\/116360","targetHints":{"allow":["GET"]}}],"collection":[{"href":"https:\/\/www.europesays.com\/lv\/wp-json\/wp\/v2\/posts"}],"about":[{"href":"https:\/\/www.europesays.com\/lv\/wp-json\/wp\/v2\/types\/post"}],"author":[{"embeddable":true,"href":"https:\/\/www.europesays.com\/lv\/wp-json\/wp\/v2\/users\/2"}],"replies":[{"embeddable":true,"href":"https:\/\/www.europesays.com\/lv\/wp-json\/wp\/v2\/comments?post=116360"}],"version-history":[{"count":0,"href":"https:\/\/www.europesays.com\/lv\/wp-json\/wp\/v2\/posts\/116360\/revisions"}],"wp:featuredmedia":[{"embeddable":true,"href":"https:\/\/www.europesays.com\/lv\/wp-json\/wp\/v2\/media\/116361"}],"wp:attachment":[{"href":"https:\/\/www.europesays.com\/lv\/wp-json\/wp\/v2\/media?parent=116360"}],"wp:term":[{"taxonomy":"category","embeddable":true,"href":"https:\/\/www.europesays.com\/lv\/wp-json\/wp\/v2\/categories?post=116360"},{"taxonomy":"post_tag","embeddable":true,"href":"https:\/\/www.europesays.com\/lv\/wp-json\/wp\/v2\/tags?post=116360"}],"curies":[{"name":"wp","href":"https:\/\/api.w.org\/{rel}","templated":true}]}}