{"id":116412,"date":"2026-01-29T08:14:07","date_gmt":"2026-01-29T08:14:07","guid":{"rendered":"https:\/\/www.europesays.com\/lv\/116412\/"},"modified":"2026-01-29T08:14:07","modified_gmt":"2026-01-29T08:14:07","slug":"tramps-izvirza-ultimatu-iranai-asv-gatavas-militarai-ricibai","status":"publish","type":"post","link":"https:\/\/www.europesays.com\/lv\/116412\/","title":{"rendered":"Tramps izvirza ultim\u0101tu Ir\u0101nai \u2013 ASV gatavas milit\u0101rai r\u012bc\u012bbai"},"content":{"rendered":"<p class=\"descr\">Donalds Tramps ir izteicis jaunus draudus Ir\u0101nai, aicinot re\u017e\u012bmu nosl\u0113gt vieno\u0161anos, pret\u0113j\u0101 gad\u012bjum\u0101 vi\u0146\u0161 uzbruks Ir\u0101nas kodoliek\u0101rt\u0101m ar &#8220;daudz \u013caun\u0101kiem&#8221; uzbrukumiem nek\u0101 pag\u0101ju\u0161aj\u0101 gad\u0101, raksta \u201cMirror.co.uk\u201d.<\/p>\n<p>&#8220;Uz Ir\u0101nu virz\u0101s milz\u012bga arm\u0101da. T\u0101 virz\u0101s \u0101tri, ar lielu sp\u0113ku, entuziasmu un m\u0113r\u0137tiec\u012bbu,&#8221; ASV prezidents rakst\u012bja vietn\u0113 \u201cTruth Social\u201d p\u0113c tam, kad Ir\u0101nas \u0101rlietu ministrs Abass Arag\u010di pazi\u0146oja, ka Teher\u0101na nav l\u016bgusi sarunas ar ASV, un aicin\u0101ja Va\u0161ingtonu p\u0101rtraukt kara draudus, ja t\u0101 v\u0113las iesaist\u012bties diplom\u0101tij\u0101.<\/p>\n<p>\u0160\u0137iet, ka Tramps tagad ir izvirz\u012bjis jaunu ultim\u0101tu, jo ietekm\u012bgais ASV ku\u0123is &#8220;Abraham Lincoln&#8221; iebrauc Tuvajos Austrumos, gatavs jebkur\u0101 br\u012bd\u012b uzbrukt Ir\u0101nai. <\/p>\n<p>&#8220;T\u0101 ir liel\u0101ka flote, ko vada lielais lidma\u0161\u012bnu b\u0101zes ku\u0123is &#8220;Abraham Lincoln&#8221;, nek\u0101 t\u0101, kas nos\u016bt\u012bta uz Venecu\u0113lu,&#8221; sac\u012bja Tramps.<\/p>\n<p>&#8220;T\u0101pat k\u0101 ar Venecu\u0113lu, t\u0101 ir gatava, gribo\u0161a un sp\u0113j\u012bga \u0101tri izpild\u012bt savu misiju, \u0101tri un vardarb\u012bgi, ja nepiecie\u0161ams. Cerams, ka Ir\u0101na \u0101tri &#8220;s\u0113d\u012bsies pie sarunu galda&#8221; un pan\u0101ks taisn\u012bgu un vienl\u012bdz\u012bgu vieno\u0161anos &#8211; bez kodoliero\u010diem &#8211; t\u0101du, kas b\u016btu laba vis\u0101m pus\u0113m,\u201d teicis Tramps.<\/p>\n<p>P\u0113c tam Tramps mudin\u0101ja Ir\u0101nu nosl\u0113gt vieno\u0161anos, pret\u0113j\u0101 gad\u012bjum\u0101 n\u0101kamais uzbrukums b\u016bs &#8220;daudz slikt\u0101ks&#8221; nek\u0101 oper\u0101cija, kuras laik\u0101 ASV pag\u0101ju\u0161aj\u0101 vasar\u0101 uzbruka trim kodoliek\u0101rt\u0101m Ir\u0101n\u0101.<\/p>\n<p><a href=\"https:\/\/nra.lv\/pasaule\/495595-asv-triecieni-aizkavejusi-iranas-kodolprogrammu-par-vienu-vai-diviem-gadiem.htm\" data-item-link=\"true\" data-item-id=\"495595\" rel=\"nofollow noopener\" target=\"_blank\">Prezidents ofici\u0101li pazi\u0146oja Kongresam par triecieniem 2025. gada 23. j\u016bnij\u0101,<\/a> sakot, ka oper\u0101cija bija nepiecie\u0161ama, &#8220;lai veicin\u0101tu svar\u012bgas Amerikas Savienoto Valstu nacion\u0101l\u0101s intereses un kolekt\u012bvi aizst\u0101v\u0113tu m\u016bsu sabiedroto Izra\u0113lu, likvid\u0113jot Ir\u0101nas kodolprogrammu&#8221;.<\/p>\n<p>Sav\u0101 jaun\u0101kaj\u0101 izteikum\u0101 Tramps br\u012bdin\u0101ja: &#8220;Laiks izs\u012bkst, tas patie\u0161\u0101m ir \u0101rk\u0101rt\u012bgi svar\u012bgi! K\u0101 jau reiz teicu Ir\u0101nai, NOSL\u0112DZIET VIENO\u0160ANOS! Vi\u0146i to nedar\u012bja, un notika oper\u0101cija. N\u0101kamais uzbrukums b\u016bs daudz slikt\u0101ks! Ne\u013caujiet tam atk\u0101rtoties. Paldies par j\u016bsu uzman\u012bbu \u0161im jaut\u0101jumam!\u201d<\/p>\n<p>\t\t\t\t\t\tinfo<\/p>\n<p>Uzzini pirmais<br \/>kas interesants noticis Latvij\u0101 un pasaul\u0113,<br \/>pievienojoties mums <a href=\"https:\/\/t.me\/neatkariga\" rel=\"nofollow\">Telegram<\/a> vai <a href=\"https:\/\/whatsapp.com\/channel\/0029VaMLFUH5K3zLU5s4wm3y\" rel=\"nofollow noopener\" target=\"_blank\">Whatsapp<\/a> kan\u0101l\u0101<\/p>\n","protected":false},"excerpt":{"rendered":"Donalds Tramps ir izteicis jaunus draudus Ir\u0101nai, aicinot re\u017e\u012bmu nosl\u0113gt vieno\u0161anos, pret\u0113j\u0101 gad\u012bjum\u0101 vi\u0146\u0161 uzbruks Ir\u0101nas kodoliek\u0101rt\u0101m ar&hellip;\n","protected":false},"author":2,"featured_media":116413,"comment_status":"","ping_status":"","sticky":false,"template":"","format":"standard","meta":{"footnotes":""},"categories":[14],"tags":[23,57,28,29,32,33,22,30,31,35,39,38,36,37,34,40,20,26,27,24,25,54,55,56,21,58],"class_list":{"0":"post-116412","1":"post","2":"type-post","3":"status-publish","4":"format-standard","5":"has-post-thumbnail","7":"category-zinas-no-arvalstim","8":"tag-aktualitates","9":"tag-arvalstim","10":"tag-breaking-news","11":"tag-breakingnews","12":"tag-featured-news","13":"tag-featurednews","14":"tag-headlines","15":"tag-latest-news","16":"tag-latestnews","17":"tag-latvia","18":"tag-latvian","19":"tag-latviesu","20":"tag-latviesu-valoda","21":"tag-latviesuvaloda","22":"tag-latvija","23":"tag-lv","24":"tag-news","25":"tag-popularakas-zinas","26":"tag-popularakaszinas","27":"tag-top-stories","28":"tag-topstories","29":"tag-world","30":"tag-world-news","31":"tag-worldnews","32":"tag-zinas","33":"tag-zinas-no-arvalstim"},"share_on_mastodon":{"url":"https:\/\/pubeurope.com\/@lv\/115977392231092273","error":""},"_links":{"self":[{"href":"https:\/\/www.europesays.com\/lv\/wp-json\/wp\/v2\/posts\/116412","targetHints":{"allow":["GET"]}}],"collection":[{"href":"https:\/\/www.europesays.com\/lv\/wp-json\/wp\/v2\/posts"}],"about":[{"href":"https:\/\/www.europesays.com\/lv\/wp-json\/wp\/v2\/types\/post"}],"author":[{"embeddable":true,"href":"https:\/\/www.europesays.com\/lv\/wp-json\/wp\/v2\/users\/2"}],"replies":[{"embeddable":true,"href":"https:\/\/www.europesays.com\/lv\/wp-json\/wp\/v2\/comments?post=116412"}],"version-history":[{"count":0,"href":"https:\/\/www.europesays.com\/lv\/wp-json\/wp\/v2\/posts\/116412\/revisions"}],"wp:featuredmedia":[{"embeddable":true,"href":"https:\/\/www.europesays.com\/lv\/wp-json\/wp\/v2\/media\/116413"}],"wp:attachment":[{"href":"https:\/\/www.europesays.com\/lv\/wp-json\/wp\/v2\/media?parent=116412"}],"wp:term":[{"taxonomy":"category","embeddable":true,"href":"https:\/\/www.europesays.com\/lv\/wp-json\/wp\/v2\/categories?post=116412"},{"taxonomy":"post_tag","embeddable":true,"href":"https:\/\/www.europesays.com\/lv\/wp-json\/wp\/v2\/tags?post=116412"}],"curies":[{"name":"wp","href":"https:\/\/api.w.org\/{rel}","templated":true}]}}