{"id":116421,"date":"2026-01-29T08:21:16","date_gmt":"2026-01-29T08:21:16","guid":{"rendered":"https:\/\/www.europesays.com\/lv\/116421\/"},"modified":"2026-01-29T08:21:16","modified_gmt":"2026-01-29T08:21:16","slug":"policija-pati-radija-bistamo-situaciju-uz-salu-tilta-kapec-likumsargi-riskeja-ar-dzivibu-viena-parkapeja-del-video","status":"publish","type":"post","link":"https:\/\/www.europesays.com\/lv\/116421\/","title":{"rendered":"Policija pati rad\u012bja b\u012bstamo situ\u0101ciju uz Salu tilta? K\u0101p\u0113c likumsargi risk\u0113ja ar dz\u012bv\u012bbu viena p\u0101rk\u0101p\u0113ja d\u0113\u013c? VIDEO"},"content":{"rendered":"<p>&#13;<br \/>\nValsts policijas R\u012bgas P\u0101rdaugavas p\u0101rvaldes priek\u0161nieks J\u0101nis Par\u0101dnieks TV3 raid\u012bjumam \u201cDegpunkt\u0101\u201d nor\u0101d\u012bja, ka policija dr\u012bkst aptur\u0113t automa\u0161\u012bnas tur, kur tas nepiecie\u0161ams, ta\u010du uz tiltiem tas parasti tiek dar\u012bts pie \u012bpa\u0161iem apst\u0101k\u013ciem. Konkr\u0113taj\u0101 gad\u012bjum\u0101 l\u0113mums aptur\u0113t auto uz tilta pie\u0146emts, jo t\u0101 vad\u012bt\u0101js braucis ar \u0101trumu gandr\u012bz 100 km\/h, turkl\u0101t policistiem radu\u0161\u0101s aizdomas, ka \u0101rvalstu numurz\u012bmes var\u0113tu b\u016bt viltotas.<\/p>\n","protected":false},"excerpt":{"rendered":"&#13; Valsts policijas R\u012bgas P\u0101rdaugavas p\u0101rvaldes priek\u0161nieks J\u0101nis Par\u0101dnieks TV3 raid\u012bjumam \u201cDegpunkt\u0101\u201d nor\u0101d\u012bja, ka policija dr\u012bkst aptur\u0113t automa\u0161\u012bnas&hellip;\n","protected":false},"author":2,"featured_media":116422,"comment_status":"","ping_status":"","sticky":false,"template":"","format":"standard","meta":{"footnotes":""},"categories":[12],"tags":[23,28,29,32,33,22,30,31,35,39,38,36,37,34,40,20,26,27,24,25,21],"class_list":{"0":"post-116421","1":"post","2":"type-post","3":"status-publish","4":"format-standard","5":"has-post-thumbnail","7":"category-latvija","8":"tag-aktualitates","9":"tag-breaking-news","10":"tag-breakingnews","11":"tag-featured-news","12":"tag-featurednews","13":"tag-headlines","14":"tag-latest-news","15":"tag-latestnews","16":"tag-latvia","17":"tag-latvian","18":"tag-latviesu","19":"tag-latviesu-valoda","20":"tag-latviesuvaloda","21":"tag-latvija","22":"tag-lv","23":"tag-news","24":"tag-popularakas-zinas","25":"tag-popularakaszinas","26":"tag-top-stories","27":"tag-topstories","28":"tag-zinas"},"share_on_mastodon":{"url":"https:\/\/pubeurope.com\/@lv\/115977419839242504","error":""},"_links":{"self":[{"href":"https:\/\/www.europesays.com\/lv\/wp-json\/wp\/v2\/posts\/116421","targetHints":{"allow":["GET"]}}],"collection":[{"href":"https:\/\/www.europesays.com\/lv\/wp-json\/wp\/v2\/posts"}],"about":[{"href":"https:\/\/www.europesays.com\/lv\/wp-json\/wp\/v2\/types\/post"}],"author":[{"embeddable":true,"href":"https:\/\/www.europesays.com\/lv\/wp-json\/wp\/v2\/users\/2"}],"replies":[{"embeddable":true,"href":"https:\/\/www.europesays.com\/lv\/wp-json\/wp\/v2\/comments?post=116421"}],"version-history":[{"count":0,"href":"https:\/\/www.europesays.com\/lv\/wp-json\/wp\/v2\/posts\/116421\/revisions"}],"wp:featuredmedia":[{"embeddable":true,"href":"https:\/\/www.europesays.com\/lv\/wp-json\/wp\/v2\/media\/116422"}],"wp:attachment":[{"href":"https:\/\/www.europesays.com\/lv\/wp-json\/wp\/v2\/media?parent=116421"}],"wp:term":[{"taxonomy":"category","embeddable":true,"href":"https:\/\/www.europesays.com\/lv\/wp-json\/wp\/v2\/categories?post=116421"},{"taxonomy":"post_tag","embeddable":true,"href":"https:\/\/www.europesays.com\/lv\/wp-json\/wp\/v2\/tags?post=116421"}],"curies":[{"name":"wp","href":"https:\/\/api.w.org\/{rel}","templated":true}]}}