{"id":116423,"date":"2026-01-29T08:22:07","date_gmt":"2026-01-29T08:22:07","guid":{"rendered":"https:\/\/www.europesays.com\/lv\/116423\/"},"modified":"2026-01-29T08:22:07","modified_gmt":"2026-01-29T08:22:07","slug":"notiek-darbs-pie-teritoriala-jautajuma-atrisinasanas","status":"publish","type":"post","link":"https:\/\/www.europesays.com\/lv\/116423\/","title":{"rendered":"Notiek darbs pie teritori\u0101l\u0101 jaut\u0101juma atrisin\u0101\u0161anas &#8211;"},"content":{"rendered":"<p style=\"text-align: justify;\">ASV valsts sekret\u0101rs Marko Rubio (Marco Rubio) inform\u0113jis, ka notiek akt\u012bvs darbs pie jaut\u0101juma par Donbasa re\u0123iona teritori\u0101lo pieder\u012bbu, raksta zi\u0146u a\u0123ent\u016bra <a href=\"https:\/\/www.reuters.com\/world\/europe\/rubio-says-territorial-issue-over-donetsk-yet-be-bridged-between-russia-ukraine-2026-01-28\/\" target=\"_blank\" rel=\"noopener nofollow\">\u201cReuters.\u201d<\/a><\/p>\n<p style=\"text-align: justify;\">Rubio Ukrainas un Krievijas radik\u0101li at\u0161\u0137ir\u012bgo viedokli par Donbas\u0101 eso\u0161o Doneckas apgabalu nod\u0113v\u0113ja par galveno atliku\u0161o probl\u0113mjaut\u0101jumu, un sac\u012bja, ka to ir \u013coti gr\u016bti risin\u0101t. Krievijas diktators Vladimirs Putins regul\u0101ri atk\u0101rto, ka Maskava pa\u0146ems visu Donbasa re\u0123ionu ar sp\u0113ku, ja Kijiva no t\u0101 neatteiksies miera l\u012bguma ietvaros. Pa\u0161laik Krievijas sp\u0113ki kontrol\u0113 apm\u0113ram 90% re\u0123iona.<\/p>\n<p style=\"text-align: justify;\">Kijiva savuk\u0101rt nor\u0101d\u012bjusi, ka negras\u0101s Maskava uzd\u0101vin\u0101t teritoriju, ko t\u0101 nav sp\u0113jusi ie\u0146emt. Ar\u012b sabiedrisk\u0101s domas aptaujas liecina, ka ukrai\u0146i nev\u0113las atdot krieviem da\u013cu no valsts teritorijas.<\/p>\n<p style=\"text-align: justify;\">Rubio sac\u012bja, ka t\u0101 ir plasa, ko v\u0113l j\u0101\u0161\u0137\u0113rso, bet vismaz esot izdevies samazin\u0101t probl\u0113mjaut\u0101jumu skaitu l\u012bdz vienam centr\u0101lajam punktam, kas gan b\u016b\u0161ot \u013coti sare\u017e\u0123\u012bts.<\/p>\n<blockquote>\n<p style=\"text-align: center;\">Putins piepras\u012bjis, lai Ukraina atsak\u0101s no piektda\u013cas Doneckas teritorijas, kas joproj\u0101m ir t\u0101s p\u0101rvald\u012bb\u0101<\/p>\n<\/blockquote>\n<p style=\"text-align: justify;\">\u2013 tie ir apm\u0113ram 5000 kvadr\u0101tkilometri, un \u0161\u012b pras\u012bba ir pamat\u012bgs klup\u0161anas akmens sarunu gait\u0101. Liel\u0101ka da\u013ca pasaules valstu atz\u012bst Donecku k\u0101 Ukrainas da\u013cu, savuk\u0101rt Kremlis uzst\u0101j, ka apgabals esot Krievijas v\u0113sturisko zemju da\u013ca.<\/p>\n<p style=\"text-align: justify;\">Rubio nor\u0101d\u012bja, ka 1.febru\u0101r\u012b sarunu n\u0101kamaj\u0101 k\u0101rt\u0101 var\u0113tu piedal\u012bties ar\u012b ASV p\u0101rst\u0101vji, tom\u0113r tie neb\u016b\u0161ot St\u012bvs Vitkofs (Steve Witkoff) un D\u017eareds Ku\u0161ners (Jared Kushner). Sarunas 25.janv\u0101r\u012b, kas bija viena no retaj\u0101m reiz\u0113m, kad aci pret aci tik\u0101s Ukrainas un Maskavas s\u016bt\u0146i, nosl\u0113dz\u0101s bez rezult\u0101ta, tom\u0113r abas puses nor\u0101d\u012bja, ka ir atv\u0113rtas dialogam.<\/p>\n<p style=\"text-align: justify;\">Kijiva izj\u016bt arvien liel\u0101ku spiedienu no ASV prezidenta Donalda Trampa (Donald Trump) administr\u0101cijas puses, kas prasa atteikties no teritorijas un atdot to krieviem. Rubio piebilda, ka dro\u0161\u012bbas garantijas ir izstr\u0101d\u0101tas, un t\u0101m piekritu\u0161as gan ASV, gan Ukraina, un uzsv\u0113ra, ka garantijas st\u0101sies sp\u0113k\u0101 tad, kad kar\u0161 b\u016bs beidzies.<\/p>\n<p style=\"text-align: justify;\"><a href=\"https:\/\/bnn.lv\/avoti-vispirms-miera-ligums-tikai-tad-drosibas-garantijas-70041\" target=\"_blank\" rel=\"noopener nofollow\">Lasiet ar\u012b: Avoti: Vispirms miera l\u012bgums, tikai tad dro\u0161\u012bbas garantijas<\/a><\/p>\n<p>Seko mums ar\u012b\u00a0<a href=\"https:\/\/www.facebook.com\/bnnlv\" rel=\"nofollow noopener\" target=\"_blank\">Facebook<\/a>,\u00a0<a href=\"https:\/\/www.draugiem.lv\/bnn.lv\/\" rel=\"nofollow noopener\" target=\"_blank\">Draugiem<\/a>\u00a0un\u00a0<a href=\"https:\/\/twitter.com\/home\" rel=\"nofollow noopener\" target=\"_blank\">X<\/a>!<\/p>\n<p><script async src=\"https:\/\/platform.twitter.com\/widgets.js\" charset=\"utf-8\"><\/script><\/p>\n","protected":false},"excerpt":{"rendered":"ASV valsts sekret\u0101rs Marko Rubio (Marco Rubio) inform\u0113jis, ka notiek akt\u012bvs darbs pie jaut\u0101juma par Donbasa re\u0123iona teritori\u0101lo&hellip;\n","protected":false},"author":2,"featured_media":116424,"comment_status":"","ping_status":"","sticky":false,"template":"","format":"standard","meta":{"footnotes":""},"categories":[5],"tags":[23,292,28,29,14308,32,33,22,3354,234,30,31,35,39,38,36,37,34,40,2093,16198,10770,20,26,27,25884,24,25,276,21],"class_list":{"0":"post-116423","1":"post","2":"type-post","3":"status-publish","4":"format-standard","5":"has-post-thumbnail","7":"category-aktualitates","8":"tag-aktualitates","9":"tag-asv","10":"tag-breaking-news","11":"tag-breakingnews","12":"tag-drosibas-garantijas","13":"tag-featured-news","14":"tag-featurednews","15":"tag-headlines","16":"tag-kars-ukraina","17":"tag-krievija","18":"tag-latest-news","19":"tag-latestnews","20":"tag-latvia","21":"tag-latvian","22":"tag-latviesu","23":"tag-latviesu-valoda","24":"tag-latviesuvaloda","25":"tag-latvija","26":"tag-lv","27":"tag-marko-rubio","28":"tag-miera-plans","29":"tag-miera-sarunas","30":"tag-news","31":"tag-popularakas-zinas","32":"tag-popularakaszinas","33":"tag-svarigi","34":"tag-top-stories","35":"tag-topstories","36":"tag-ukraina","37":"tag-zinas"},"share_on_mastodon":{"url":"https:\/\/pubeurope.com\/@lv\/115977423595459250","error":""},"_links":{"self":[{"href":"https:\/\/www.europesays.com\/lv\/wp-json\/wp\/v2\/posts\/116423","targetHints":{"allow":["GET"]}}],"collection":[{"href":"https:\/\/www.europesays.com\/lv\/wp-json\/wp\/v2\/posts"}],"about":[{"href":"https:\/\/www.europesays.com\/lv\/wp-json\/wp\/v2\/types\/post"}],"author":[{"embeddable":true,"href":"https:\/\/www.europesays.com\/lv\/wp-json\/wp\/v2\/users\/2"}],"replies":[{"embeddable":true,"href":"https:\/\/www.europesays.com\/lv\/wp-json\/wp\/v2\/comments?post=116423"}],"version-history":[{"count":0,"href":"https:\/\/www.europesays.com\/lv\/wp-json\/wp\/v2\/posts\/116423\/revisions"}],"wp:featuredmedia":[{"embeddable":true,"href":"https:\/\/www.europesays.com\/lv\/wp-json\/wp\/v2\/media\/116424"}],"wp:attachment":[{"href":"https:\/\/www.europesays.com\/lv\/wp-json\/wp\/v2\/media?parent=116423"}],"wp:term":[{"taxonomy":"category","embeddable":true,"href":"https:\/\/www.europesays.com\/lv\/wp-json\/wp\/v2\/categories?post=116423"},{"taxonomy":"post_tag","embeddable":true,"href":"https:\/\/www.europesays.com\/lv\/wp-json\/wp\/v2\/tags?post=116423"}],"curies":[{"name":"wp","href":"https:\/\/api.w.org\/{rel}","templated":true}]}}