{"id":116425,"date":"2026-01-29T08:24:09","date_gmt":"2026-01-29T08:24:09","guid":{"rendered":"https:\/\/www.europesays.com\/lv\/116425\/"},"modified":"2026-01-29T08:24:09","modified_gmt":"2026-01-29T08:24:09","slug":"liepajniekiem-beidzot-izdodas-uzvaret-ogres-legionaram-jaudigs-double-double-sportazinas-com","status":"publish","type":"post","link":"https:\/\/www.europesays.com\/lv\/116425\/","title":{"rendered":"Liep\u0101jniekiem beidzot izdodas uzvar\u0113t, &quot;Ogres&quot; le\u0123ion\u0101ram jaud\u012bgs &quot;double-double&quot; &#8211; Sportazinas.com"},"content":{"rendered":"<ol>\n<li><a href=\"https:\/\/news.google.com\/rss\/articles\/CBMiqAFBVV95cUxOSDU2ZFhZTmpOLWpqU0xSZnFhNkJIc0htRkdPZnNFcmVCeW9IM1hhdy1sZGhkZjFXT0t3UnFGd0M3SlZITTFYQUxMTUMwR0Q3RmFBSGlScTRxRFo1alVkcmpad1B4VmhUT25WcmJCZGh5aUxralpoWHVHTTdXeTUxOWkzN0w5SkRza1pNelYzd25YbXNHTmxYdUliMVc3eFhQRFFkeFg1VFE?oc=5\" target=\"_blank\" rel=\"nofollow noopener\">Liep\u0101jniekiem beidzot izdodas uzvar\u0113t, &#8220;Ogres&#8221; le\u0123ion\u0101ram jaud\u012bgs &#8220;double-double&#8221;<\/a>&nbsp;&nbsp;Sportazinas.com<\/li>\n<li><a href=\"https:\/\/news.google.com\/rss\/articles\/CBMinAFBVV95cUxQaTBMczE3MW90WkRJNkJQYzJzLW1HRUJ6VkFTZkRfc3pKeWZGR0hzcUtJOEFpREE2T2w4MjZydkNLUUVNWWNQWFFkaFlUTDc4Tzd2aEVmVTE4UkRoMUhReURqRkExR2VfMzVUWmVPWmV6dUhwQzJLTlFGZ1NkVkhyeFFSYlR1RUQ0U1JQTEM1YVVMSXc3RC1hdG80OEg?oc=5\" target=\"_blank\" rel=\"nofollow noopener\">Tie\u0161raide: Ogre &#8211; Tartu \u00dclikool Maks\/Moorits Latvijas-Igaunijas basketbola l\u012bga<\/a>&nbsp;&nbsp;Sportacentrs.com<\/li>\n<li><a href=\"https:\/\/news.google.com\/rss\/articles\/CBMilAFBVV95cUxQOHhpU0xNeDg1X0c1aFNoSkpZTkVVVWZYZ0lkVzRrOHQ3UV9PTEpaTDY3V1ZILWJRZThBMmphZzFpYWJxUDB6clVYR3FuN0J0bE5jZS1DeTh2QXJsS1lsZ05xS1haRFlGc3JqYjM4cGtiaGhERVpKOGp5dUYzWklnMHFFNTVkU2IweFpGWUFYTTR0cUw3?oc=5\" target=\"_blank\" rel=\"nofollow noopener\">&#8220;Ogrei&#8221; c\u012b\u0146a pret turn\u012bra l\u012bdervien\u012bbu &#8211; tie\u0161raide TV4 \u2013 Basketbols<\/a>&nbsp;&nbsp;Sportacentrs.com<\/li>\n<li><a href=\"https:\/\/news.google.com\/rss\/articles\/CBMimgFBVV95cUxPbDY2bkZ4VnZsLXVMODQ4ajJVekFvb2pUZXRiMHUwVzdFUnZDOEsxT0dSTlJ0WFNCTWlRcG10Z0h4Wk5Wb3NaeVpuZ1JSSzVZbzM0YnN5TXRxRVZaNDRoR3N3ZXRRRmRFZk9Mb3FXX1lrMFl5WUtCVVhYRi1QbENQZ3lacTFHWHB6NWVybnlCaS05VUxYdFdRaXdn?oc=5\" target=\"_blank\" rel=\"nofollow noopener\">&#8220;Ogre&#8221; un &#8220;Liep\u0101ja&#8221; m\u0113\u0123in\u0101s apsp\u0113l\u0113t igau\u0146u klubus &#8220;Optibet&#8221; LIBL ma\u010dos<\/a>&nbsp;&nbsp;Sportazinas.com<\/li>\n<li><a href=\"https:\/\/news.google.com\/rss\/articles\/CBMie0FVX3lxTE5lb29LVEJSWlNEMEhRVnJIVFNxamZJd2R3eWs5UXE2ZDZ4ejM0c1lDUm96TTFWcmtCUG9HSzZkLWhjWkZPQU5IVVJJVHhwRkJYM1dzYy05S19LeXBtbXp3bkF3cVZGTTJVd2haZjVsWGNKWVhjbjdQai1zZw?oc=5\" target=\"_blank\" rel=\"nofollow noopener\">&#8220;Ogre&#8221; un &#8220;Liep\u0101ja&#8221; aizvada m\u0101jas sp\u0113les LIBL turn\u012br\u0101<\/a>&nbsp;&nbsp;rekurzeme.lv<\/li>\n<\/ol>\n","protected":false},"excerpt":{"rendered":"Liep\u0101jniekiem beidzot izdodas uzvar\u0113t, &#8220;Ogres&#8221; le\u0123ion\u0101ram jaud\u012bgs &#8220;double-double&#8221;&nbsp;&nbsp;Sportazinas.com Tie\u0161raide: Ogre &#8211; Tartu \u00dclikool Maks\/Moorits Latvijas-Igaunijas basketbola l\u012bga&nbsp;&nbsp;Sportacentrs.com &#8220;Ogrei&#8221;&hellip;\n","protected":false},"author":2,"featured_media":116426,"comment_status":"","ping_status":"","sticky":false,"template":"","format":"standard","meta":{"footnotes":""},"categories":[17],"tags":[35,39,38,36,37,34,40,67],"class_list":{"0":"post-116425","1":"post","2":"type-post","3":"status-publish","4":"format-standard","5":"has-post-thumbnail","7":"category-sports","8":"tag-latvia","9":"tag-latvian","10":"tag-latviesu","11":"tag-latviesu-valoda","12":"tag-latviesuvaloda","13":"tag-latvija","14":"tag-lv","15":"tag-sports"},"share_on_mastodon":{"url":"https:\/\/pubeurope.com\/@lv\/115977431576245722","error":""},"_links":{"self":[{"href":"https:\/\/www.europesays.com\/lv\/wp-json\/wp\/v2\/posts\/116425","targetHints":{"allow":["GET"]}}],"collection":[{"href":"https:\/\/www.europesays.com\/lv\/wp-json\/wp\/v2\/posts"}],"about":[{"href":"https:\/\/www.europesays.com\/lv\/wp-json\/wp\/v2\/types\/post"}],"author":[{"embeddable":true,"href":"https:\/\/www.europesays.com\/lv\/wp-json\/wp\/v2\/users\/2"}],"replies":[{"embeddable":true,"href":"https:\/\/www.europesays.com\/lv\/wp-json\/wp\/v2\/comments?post=116425"}],"version-history":[{"count":0,"href":"https:\/\/www.europesays.com\/lv\/wp-json\/wp\/v2\/posts\/116425\/revisions"}],"wp:featuredmedia":[{"embeddable":true,"href":"https:\/\/www.europesays.com\/lv\/wp-json\/wp\/v2\/media\/116426"}],"wp:attachment":[{"href":"https:\/\/www.europesays.com\/lv\/wp-json\/wp\/v2\/media?parent=116425"}],"wp:term":[{"taxonomy":"category","embeddable":true,"href":"https:\/\/www.europesays.com\/lv\/wp-json\/wp\/v2\/categories?post=116425"},{"taxonomy":"post_tag","embeddable":true,"href":"https:\/\/www.europesays.com\/lv\/wp-json\/wp\/v2\/tags?post=116425"}],"curies":[{"name":"wp","href":"https:\/\/api.w.org\/{rel}","templated":true}]}}