{"id":116431,"date":"2026-01-29T08:29:15","date_gmt":"2026-01-29T08:29:15","guid":{"rendered":"https:\/\/www.europesays.com\/lv\/116431\/"},"modified":"2026-01-29T08:29:15","modified_gmt":"2026-01-29T08:29:15","slug":"riga-notiks-dzejkoncertu-cikla-milestibas-vestules-pasakums-ar-sonoru-vaici-un-ilzi-ozolinu-lente-lv","status":"publish","type":"post","link":"https:\/\/www.europesays.com\/lv\/116431\/","title":{"rendered":"R\u012bg\u0101 notiks dzejkoncertu cikla &#8220;M\u012blest\u012bbas v\u0113stules&#8221; pas\u0101kums ar Sonoru Vaici un Ilzi Ozoli\u0146u\u00a0\u2014\u00a0Lente.lv"},"content":{"rendered":"<p>Dzejkoncertu cikls atgrie\u017eas ar &#8220;M\u012blest\u012bbas v\u0113stul\u0113m&#8221;<\/p>\n<p>P\u0101rdaugavas kult\u016bras apvien\u012bba turpina savu ies\u0101kto dzejkoncertu ciklu, un \u0161ogad pirmais notikums, kas velt\u012bts m\u012blest\u012bbas t\u0113mai, izskan\u0113s ar nosaukumu &#8220;M\u012blest\u012bbas v\u0113stules&#8221;. Pas\u0101kums notiks 15. febru\u0101r\u012b plkst. 18:00 Kult\u016bras centr\u0101 &#8220;I\u013c\u0123uciems&#8221;, Lido\u0146u iel\u0101 27 k-2 R\u012bg\u0101. K\u0101 zi\u0146o av\u012bze Diena, \u0161is koncerts sol\u0101s b\u016bt juteklisks un personisks muzik\u0101li liter\u0101rs piedz\u012bvojums, kur\u0101 apvienosies operm\u016bzikas skaist\u0101kie br\u012b\u017ei un latvie\u0161u literat\u016bras dzi\u013cums. Bi\u013cetes uz pas\u0101kumu pieejamas Bi\u013ce\u0161u Parad\u012bzes kas\u0113s un tie\u0161saist\u0113.<\/p>\n<p>Personisku v\u0113st\u012bjumu atkl\u0101s m\u0101kslinieces<\/p>\n<p>Koncert\u0101 piedal\u012bsies viena no izcil\u0101kaj\u0101m latvie\u0161u liriskaj\u0101m sopr\u0101niem, operdzied\u0101t\u0101ja Sonora Vaice, kuras izpild\u012bjum\u0101 izcelsies emocion\u0101l\u0101 bag\u0101t\u012bba un v\u0113r\u012bg\u0101 attieksme pret tekstu. Vi\u0146ai pie klavier\u0113m pievienosies koncertmeistare Ilze Ozoli\u0146a. Kop\u0101 m\u0101kslinieces klaus\u012bt\u0101jus iepaz\u012bstin\u0101s ar pla\u0161u muzik\u0101lo programmu, kas iek\u013cauj ska\u0146darbus no t\u0101diem komponistiem k\u0101 \u0160arls Guno, Georgs Fr\u012bdrihs Hendelis, D\u017eakomo Pu\u010d\u012bni, D\u017euzepe Verdi, Ferencs Leh\u0101rs un Gabri\u0113ls Fore. \u0160ie ska\u0146darbi atspogu\u013co m\u012blest\u012bbas da\u017e\u0101dos aspektus \u2013 no cer\u012bbu un maiguma pilniem mirk\u013ciem l\u012bdz s\u0101pju un ilgo\u0161an\u0101s saj\u016bt\u0101m. Starp muzik\u0101lajiem priek\u0161nesumiem skan\u0113s fragmenti no Reg\u012bnas Ezeras darba &#8220;M\u012blest\u012bbas v\u0113stules&#8221;, kas atk\u0101rtoti izdota 2025. gada nogal\u0113, atz\u012bm\u0113jot rakstnieces 95. jubileju. Ezeras dai\u013crad\u0113 m\u012blest\u012bba tiek apl\u016bkota ne tikai k\u0101 p\u0101rdz\u012bvojums, bet ar\u012b k\u0101 ikdienas klus\u0101 kust\u012bba, kas caurvij cilv\u0113ka domas un savstarp\u0113j\u0101s attiec\u012bbas.<\/p>\n<p>Pla\u0161\u0101ks skat\u012bjums uz dzejkoncertu ciklu<\/p>\n<p>Pas\u0101kums &#8220;M\u012blest\u012bbas v\u0113stules&#8221; ir da\u013ca no P\u0101rdaugavas kult\u016bras apvien\u012bbas organiz\u0113t\u0101 dzejkoncertu cikla, kas \u0161ogad turpin\u0101sies ar\u012b citos datumos. N\u0101kamie cikla koncerti pl\u0101noti 28. mart\u0101 ar apvien\u012bbu Trio Angelicus un 25. apr\u012bl\u012b, kur\u0101 apvienosies Edgara Raginska m\u016bzika ar latvie\u0161u dzejnieku v\u0101rdiem. P\u0101rdaugavas kult\u016bras apvien\u012bba ir jauna R\u012bgas pa\u0161vald\u012bbas iest\u0101de, kas apvieno Kult\u016bras centrus &#8220;I\u013c\u0123uciems&#8221; un &#8220;Imanta&#8221;, lai veicin\u0101tu un nodro\u0161in\u0101tu kult\u016bras nori\u0161u daudzveid\u012bbu P\u0101rdaugavas apkaim\u0113s. T\u0101s m\u0113r\u0137is ir pied\u0101v\u0101t kvalitat\u012bvus kult\u016bras pas\u0101kumus ar\u012b Daugavas kreis\u0101 krasta iedz\u012bvot\u0101jiem, saglab\u0101jot un att\u012bstot nemateri\u0101l\u0101 kult\u016bras mantojuma v\u0113rt\u012bbas.<\/p>\n<p>Kult\u016bras centrs &#8220;I\u013c\u0123uciems&#8221; \u2013 kult\u016bras dz\u012bves centrs P\u0101rdaugav\u0101<\/p>\n<p>Kult\u016bras centrs &#8220;I\u013c\u0123uciems&#8221;, kas atrodas Lido\u0146u iel\u0101 27 k-2, ir dibin\u0101ts 1973. gad\u0101 un kop\u0161 t\u0101 laika ir k\u013cuvis par noz\u012bm\u012bgu kult\u016bras iest\u0101di I\u013c\u0123uciema mikrorajon\u0101. T\u0101 k\u0101 l\u012bdz pils\u0113tas centram ir t\u0101ls ce\u013c\u0161, bet tuvum\u0101 nebija citu kult\u016bras iest\u0101\u017eu, tika nolemts da\u013cu no tirdzniec\u012bbas un sadz\u012bves pakalpojumu kompleksa atv\u0113l\u0113t kult\u016bras vajadz\u012bb\u0101m. Pa\u0161laik centr\u0101 darbojas da\u017e\u0101di amatierm\u0101kslas kolekt\u012bvi un Amatu nams ar lieti\u0161\u0137\u0101s m\u0101kslas studij\u0101m. Kult\u016bras centra telp\u0101s regul\u0101ri tiek r\u012bkotas izst\u0101des un da\u017e\u0101di kult\u016bras pas\u0101kumi, sniedzot iesp\u0113ju iedz\u012bvot\u0101jiem baud\u012bt m\u0101kslu un kult\u016bras daudzveid\u012bbu.<\/p>\n","protected":false},"excerpt":{"rendered":"Dzejkoncertu cikls atgrie\u017eas ar &#8220;M\u012blest\u012bbas v\u0113stul\u0113m&#8221; P\u0101rdaugavas kult\u016bras apvien\u012bba turpina savu ies\u0101kto dzejkoncertu ciklu, un \u0161ogad pirmais notikums,&hellip;\n","protected":false},"author":2,"featured_media":116432,"comment_status":"","ping_status":"","sticky":false,"template":"","format":"standard","meta":{"footnotes":""},"categories":[19],"tags":[26915,89,26916,90,26917,35,39,38,36,37,34,40,16141,14636],"class_list":{"0":"post-116431","1":"post","2":"type-post","3":"status-publish","4":"format-standard","5":"has-post-thumbnail","7":"category-izklaide","8":"tag-dzejkoncerts","9":"tag-entertainment","10":"tag-ilze-ozolina","11":"tag-izklaide","12":"tag-kulturas-centrs-ilguciems","13":"tag-latvia","14":"tag-latvian","15":"tag-latviesu","16":"tag-latviesu-valoda","17":"tag-latviesuvaloda","18":"tag-latvija","19":"tag-lv","20":"tag-milestibas-vestules","21":"tag-sonora-vaice"},"share_on_mastodon":{"url":"https:\/\/pubeurope.com\/@lv\/115977451290931955","error":""},"_links":{"self":[{"href":"https:\/\/www.europesays.com\/lv\/wp-json\/wp\/v2\/posts\/116431","targetHints":{"allow":["GET"]}}],"collection":[{"href":"https:\/\/www.europesays.com\/lv\/wp-json\/wp\/v2\/posts"}],"about":[{"href":"https:\/\/www.europesays.com\/lv\/wp-json\/wp\/v2\/types\/post"}],"author":[{"embeddable":true,"href":"https:\/\/www.europesays.com\/lv\/wp-json\/wp\/v2\/users\/2"}],"replies":[{"embeddable":true,"href":"https:\/\/www.europesays.com\/lv\/wp-json\/wp\/v2\/comments?post=116431"}],"version-history":[{"count":0,"href":"https:\/\/www.europesays.com\/lv\/wp-json\/wp\/v2\/posts\/116431\/revisions"}],"wp:featuredmedia":[{"embeddable":true,"href":"https:\/\/www.europesays.com\/lv\/wp-json\/wp\/v2\/media\/116432"}],"wp:attachment":[{"href":"https:\/\/www.europesays.com\/lv\/wp-json\/wp\/v2\/media?parent=116431"}],"wp:term":[{"taxonomy":"category","embeddable":true,"href":"https:\/\/www.europesays.com\/lv\/wp-json\/wp\/v2\/categories?post=116431"},{"taxonomy":"post_tag","embeddable":true,"href":"https:\/\/www.europesays.com\/lv\/wp-json\/wp\/v2\/tags?post=116431"}],"curies":[{"name":"wp","href":"https:\/\/api.w.org\/{rel}","templated":true}]}}