{"id":116433,"date":"2026-01-29T08:30:13","date_gmt":"2026-01-29T08:30:13","guid":{"rendered":"https:\/\/www.europesays.com\/lv\/116433\/"},"modified":"2026-01-29T08:30:13","modified_gmt":"2026-01-29T08:30:13","slug":"lok-no-kulisa-sudzibas-par-vardarbiba-apsudzeto-kovalkovu-nav-sanemusi","status":"publish","type":"post","link":"https:\/\/www.europesays.com\/lv\/116433\/","title":{"rendered":"LOK no Ku\u013ci\u0161a s\u016bdz\u012bbas par vardarb\u012bb\u0101 aps\u016bdz\u0113to Kova\u013ckovu nav sa\u0146\u0113musi"},"content":{"rendered":"<p>Divk\u0101rt\u0113j\u0101 Latvijas \u010dempione <a href=\"https:\/\/sports.tvnet.lv\/term\/858308\/sofja-stepcenko\" class=\"topicLink\" target=\"_blank\" rel=\"nofollow noopener\">Sofja Step\u010denko<\/a> aps\u016bdz\u0113jusi savus biju\u0161os trenerus <a href=\"https:\/\/sports.tvnet.lv\/term\/858307\/raimo-reinsalu\" class=\"topicLink\" target=\"_blank\" rel=\"nofollow noopener\">Raimo Reinsalu<\/a> un Olgu Kova\u013ckovu vardarb\u012bb\u0101. Valsts policija s\u0101kusi krimin\u0101lprocesu.<\/p>\n<p>&#8220;M\u016bsu r\u012bc\u012bb\u0101 ir publiski pieejam\u0101 inform\u0101cija. Zi\u0146as par akt\u012bviem krimin\u0101lajiem vai administrat\u012bvajiem procesiem no ties\u012bbsarg\u0101jo\u0161aj\u0101m iest\u0101d\u0113m neesam sa\u0146\u0113mu\u0161i,&#8221; skaidroja <a href=\"https:\/\/sports.tvnet.lv\/term\/621602\/lok\" class=\"topicLink\" target=\"_blank\" rel=\"nofollow noopener\">LOK<\/a> Komunik\u0101cijas direktore Ruta Millere Celmi\u0146a.<\/p>\n<p>Kova\u013ckova b\u016bs Latvijas deleg\u0101cijas sast\u0101v\u0101 k\u0101 Ku\u013ci\u0161a trenere.<\/p>\n<p>&#8220;LOK Olimpisk\u0101s deleg\u0101cijas sast\u0101va apstiprin\u0101\u0161anas proces\u0101 \u0146em v\u0113r\u0101 un apstiprina vai neapstiprina attiec\u012bg\u0101s nacion\u0101l\u0101s feder\u0101cijas pieteikumu. Kova\u013ckova ir Fedira Ku\u013ci\u0161a trenere, l\u012bdz ar to nav pamatotu \u0161aubu par vi\u0146as nepiecie\u0161am\u012bbu konkr\u0113t\u0101 sportista atbalstam. No Kuli\u0161a s\u016bdz\u012bbas par sadarb\u012bbu ar \u0161o treneri neesam sa\u0146\u0113mu\u0161i. Ar citiem sportistiem \u0161aj\u0101s Olimpiskaj\u0101s sp\u0113l\u0113s vi\u0146a nestr\u0101d\u0101,&#8221; nor\u0101da LOK.<\/p>\n<p>Kova\u013ckova a\u0123ent\u016brai LETA pauda viedokli, ka pret vi\u0146u ir v\u0113rsta nomelno\u0161anas kampa\u0146a. Treneri noraida visus pret vi\u0146iem izskan\u0113ju\u0161os apvainojumus.<\/p>\n<p>&#8220;Sp\u0113\u013cu laik\u0101 LOK nodro\u0161ina administrat\u012bvos procesus, l\u012bdz ar to ar\u012b r\u016bp\u012bgi seko l\u012bdzi un monitor\u0113 sportistu labb\u016bt\u012bbu,&#8221; skaidro LOK.<\/p>\n<p>Ar\u012b Reinsalu ir Ku\u013ci\u0161a treneris, bet vi\u0146\u0161 gaid\u0101maj\u0101s olimpiskaj\u0101s sp\u0113l\u0113s b\u016bs citas valsts deleg\u0101cijas sast\u0101v\u0101.<\/p>\n","protected":false},"excerpt":{"rendered":"Divk\u0101rt\u0113j\u0101 Latvijas \u010dempione Sofja Step\u010denko aps\u016bdz\u0113jusi savus biju\u0161os trenerus Raimo Reinsalu un Olgu Kova\u013ckovu vardarb\u012bb\u0101. Valsts policija s\u0101kusi&hellip;\n","protected":false},"author":2,"featured_media":116434,"comment_status":"","ping_status":"","sticky":false,"template":"","format":"standard","meta":{"footnotes":""},"categories":[17],"tags":[1295,11246,35,39,38,36,37,34,8938,40,26696,26695,26697,67,26918],"class_list":{"0":"post-116433","1":"post","2":"type-post","3":"status-publish","4":"format-standard","5":"has-post-thumbnail","7":"category-sports","8":"tag-dailslidosana","9":"tag-fedirs-kuliss","10":"tag-latvia","11":"tag-latvian","12":"tag-latviesu","13":"tag-latviesu-valoda","14":"tag-latviesuvaloda","15":"tag-latvija","16":"tag-lok","17":"tag-lv","18":"tag-olga-kovalkova","19":"tag-raimo-reinsalu","20":"tag-sofja-stepcenko","21":"tag-sports","22":"tag-vardarbiba-sporta"},"share_on_mastodon":{"url":"https:\/\/pubeurope.com\/@lv\/115977455133946503","error":""},"_links":{"self":[{"href":"https:\/\/www.europesays.com\/lv\/wp-json\/wp\/v2\/posts\/116433","targetHints":{"allow":["GET"]}}],"collection":[{"href":"https:\/\/www.europesays.com\/lv\/wp-json\/wp\/v2\/posts"}],"about":[{"href":"https:\/\/www.europesays.com\/lv\/wp-json\/wp\/v2\/types\/post"}],"author":[{"embeddable":true,"href":"https:\/\/www.europesays.com\/lv\/wp-json\/wp\/v2\/users\/2"}],"replies":[{"embeddable":true,"href":"https:\/\/www.europesays.com\/lv\/wp-json\/wp\/v2\/comments?post=116433"}],"version-history":[{"count":0,"href":"https:\/\/www.europesays.com\/lv\/wp-json\/wp\/v2\/posts\/116433\/revisions"}],"wp:featuredmedia":[{"embeddable":true,"href":"https:\/\/www.europesays.com\/lv\/wp-json\/wp\/v2\/media\/116434"}],"wp:attachment":[{"href":"https:\/\/www.europesays.com\/lv\/wp-json\/wp\/v2\/media?parent=116433"}],"wp:term":[{"taxonomy":"category","embeddable":true,"href":"https:\/\/www.europesays.com\/lv\/wp-json\/wp\/v2\/categories?post=116433"},{"taxonomy":"post_tag","embeddable":true,"href":"https:\/\/www.europesays.com\/lv\/wp-json\/wp\/v2\/tags?post=116433"}],"curies":[{"name":"wp","href":"https:\/\/api.w.org\/{rel}","templated":true}]}}