{"id":116437,"date":"2026-01-29T08:32:16","date_gmt":"2026-01-29T08:32:16","guid":{"rendered":"https:\/\/www.europesays.com\/lv\/116437\/"},"modified":"2026-01-29T08:32:16","modified_gmt":"2026-01-29T08:32:16","slug":"asv-atkal-draud-slegsana-krize-mineapole-izversas-par-asv-budzeta-problemu","status":"publish","type":"post","link":"https:\/\/www.europesays.com\/lv\/116437\/","title":{"rendered":"ASV atkal draud &#8220;sl\u0113g\u0161ana&#8221;. Kr\u012bze Mineapol\u0113 izv\u0113r\u0161as par ASV bud\u017eeta probl\u0113mu"},"content":{"rendered":"<p>Tra\u0123iskais, bet s\u0101kum\u0101 \u0161\u0137ietami lok\u0101lais incidents, kad ASV feder\u0101l\u0101 Imigr\u0101cijas un muitas dienesta (ICE) a\u0123enti pag\u0101ju\u0161aj\u0101 sestdien\u0101 Minesotas \u0161tata Mineapol\u0113 protestu laik\u0101 bez nopietna iemesla no\u0161\u0101va 37 gadus veco ASV pilsoni Aleksu Preti, var novest pie iek\u0161politiskas kr\u012bzes vis\u0101 valst\u012b, un da\u013ca apskatnieku situ\u0101ciju raksturo k\u0101 &#8220;spr\u0101dzienb\u012bstamu&#8221;.\u00a0<\/p>\n","protected":false},"excerpt":{"rendered":"Tra\u0123iskais, bet s\u0101kum\u0101 \u0161\u0137ietami lok\u0101lais incidents, kad ASV feder\u0101l\u0101 Imigr\u0101cijas un muitas dienesta (ICE) a\u0123enti pag\u0101ju\u0161aj\u0101 sestdien\u0101 Minesotas&hellip;\n","protected":false},"author":2,"featured_media":116438,"comment_status":"","ping_status":"","sticky":false,"template":"","format":"standard","meta":{"footnotes":""},"categories":[14],"tags":[23,57,28,29,32,33,22,30,31,35,39,38,36,37,34,40,20,26,27,24,25,54,55,56,21,58],"class_list":{"0":"post-116437","1":"post","2":"type-post","3":"status-publish","4":"format-standard","5":"has-post-thumbnail","7":"category-zinas-no-arvalstim","8":"tag-aktualitates","9":"tag-arvalstim","10":"tag-breaking-news","11":"tag-breakingnews","12":"tag-featured-news","13":"tag-featurednews","14":"tag-headlines","15":"tag-latest-news","16":"tag-latestnews","17":"tag-latvia","18":"tag-latvian","19":"tag-latviesu","20":"tag-latviesu-valoda","21":"tag-latviesuvaloda","22":"tag-latvija","23":"tag-lv","24":"tag-news","25":"tag-popularakas-zinas","26":"tag-popularakaszinas","27":"tag-top-stories","28":"tag-topstories","29":"tag-world","30":"tag-world-news","31":"tag-worldnews","32":"tag-zinas","33":"tag-zinas-no-arvalstim"},"share_on_mastodon":{"url":"https:\/\/pubeurope.com\/@lv\/115977462928252455","error":""},"_links":{"self":[{"href":"https:\/\/www.europesays.com\/lv\/wp-json\/wp\/v2\/posts\/116437","targetHints":{"allow":["GET"]}}],"collection":[{"href":"https:\/\/www.europesays.com\/lv\/wp-json\/wp\/v2\/posts"}],"about":[{"href":"https:\/\/www.europesays.com\/lv\/wp-json\/wp\/v2\/types\/post"}],"author":[{"embeddable":true,"href":"https:\/\/www.europesays.com\/lv\/wp-json\/wp\/v2\/users\/2"}],"replies":[{"embeddable":true,"href":"https:\/\/www.europesays.com\/lv\/wp-json\/wp\/v2\/comments?post=116437"}],"version-history":[{"count":0,"href":"https:\/\/www.europesays.com\/lv\/wp-json\/wp\/v2\/posts\/116437\/revisions"}],"wp:featuredmedia":[{"embeddable":true,"href":"https:\/\/www.europesays.com\/lv\/wp-json\/wp\/v2\/media\/116438"}],"wp:attachment":[{"href":"https:\/\/www.europesays.com\/lv\/wp-json\/wp\/v2\/media?parent=116437"}],"wp:term":[{"taxonomy":"category","embeddable":true,"href":"https:\/\/www.europesays.com\/lv\/wp-json\/wp\/v2\/categories?post=116437"},{"taxonomy":"post_tag","embeddable":true,"href":"https:\/\/www.europesays.com\/lv\/wp-json\/wp\/v2\/tags?post=116437"}],"curies":[{"name":"wp","href":"https:\/\/api.w.org\/{rel}","templated":true}]}}