{"id":116439,"date":"2026-01-29T08:35:25","date_gmt":"2026-01-29T08:35:25","guid":{"rendered":"https:\/\/www.europesays.com\/lv\/116439\/"},"modified":"2026-01-29T08:35:25","modified_gmt":"2026-01-29T08:35:25","slug":"riga-notiks-festivals-vines-klasika-ar-latvijas-un-arvalstu-makslinieku-piedalisanos","status":"publish","type":"post","link":"https:\/\/www.europesays.com\/lv\/116439\/","title":{"rendered":"R\u012bg\u0101 notiks festiv\u0101ls \u201cV\u012bnes klasika\u201d ar Latvijas un \u0101rvalstu m\u0101kslinieku piedal\u012b\u0161anos"},"content":{"rendered":"<p>Ne vien kvantitat\u012bvi, bet ar\u012b kvalitat\u012bvi Volfganga Amadeja Mocarta atst\u0101tais muzik\u0101lais mantojums ir \u0101rk\u0101rt\u012bgi iespaid\u012bgs un b\u016btisks, savu aktualit\u0101ti nezaud\u0113jot ar\u012b m\u016bslaiku pasaul\u0113. V\u012bnes klasi\u0137a ska\u0146darbi dz\u012bvo gan uz operskatuv\u0113m, gan koncertz\u0101l\u0113s un neskait\u0101mos ska\u0146u ierakstos, tie iedvesmo jaundarbiem, iekr\u0101sojas d\u017eeza un rokm\u016bzikas valod\u0101, un p\u0101rtop gan elektronisk\u0101s versij\u0101s un popul\u0101r\u0101s m\u016bzikas iedvesmas avotos, gan mobilo telefonu melodij\u0101s un videosp\u0113\u013cu ska\u0146u celi\u0146os. S\u0101cis k\u0101 br\u012bnumb\u0113rns, Volfgangs Amadejs Mocarts dai\u013cradi nosl\u0113dzis k\u0101 br\u012bnummeistars. Un kaut ar\u012b vi\u0146a ska\u0146um\u0101kslas emocion\u0101lais smagumcentrs da\u017ek\u0101rt tiek nepamatoti sa\u0161aurin\u0101ti uzl\u016bkots k\u0101 saules, gaismas un dz\u012bvesprieka koncentr\u0101ts, paties\u012bb\u0101 Mocarta ska\u0146um\u0101ksla dzi\u013ci, iedarb\u012bgi un p\u0101rliecino\u0161i aptver visu cilv\u0113ka gara pasauli, par ko p\u0101rliecin\u0101ties \u013caus ar\u012b \u0123\u0113nija 270. jubilejai velt\u012bt\u0101 koncertprogramma. Pie diri\u0123enta pults esot Aivim Greteram, taj\u0101 apvienojies kameror\u0137estris Sinfonietta R\u012bga, Latvijas Radio koris un spilgts solistu ansamblis \u2013 sopr\u0101ns Katr\u012bna Paula Felsberga, sopr\u0101ns Et\u012bna Em\u012blija Saul\u012bte un tenors M\u0101rti\u0146\u0161 \u0160maukstelis. Koncert\u0101 skan\u0113s 41. simfonija (&#8220;Jupiters&#8221;) un<br \/>&#13;<br \/>\nKant\u0101te Davide Penitente. Volfganga Amadeja Mocarta profesion\u0101l\u0101 brieduma kulmin\u0101ciju iez\u012bm\u0113jo\u0161\u0101s tr\u012bs p\u0113d\u0113j\u0101s simfonijas &#8211; simfonija Mibemolma\u017eor\u0101, 40. simfonija solminor\u0101 un 41. simfonija Doma\u017eor\u0101 (\u201cJupiters\u201d) tapu\u0161as sal\u012bdzino\u0161i \u012bs\u0101 laika period\u0101 &#8211; 1788. gada vasaras m\u0113ne\u0161os, savuk\u0101rt kant\u0101te Davide Penitente jeb \u201cD\u0101vids no\u017e\u0113lo gr\u0113kus\u201d ir apjom\u012bgs vok\u0101linstrument\u0101ls darbs, kas sak\u0146ots Vecaj\u0101 Der\u012bb\u0101, Samu\u0113la gr\u0101mat\u0101s un psalmos, savuk\u0101rt muzik\u0101li Mocarts to veidojis, liel\u0101ko da\u013cu ska\u0146urakstu aizlien\u0113jot no savas t\u0101 ar\u012b l\u012bdz galam nepabeigt\u0101s Mesas dominor\u0101, no jauna kant\u0101tes vajadz\u012bb\u0101m radot vien divas \u0101rijas.\u00a0<\/p>\n","protected":false},"excerpt":{"rendered":"Ne vien kvantitat\u012bvi, bet ar\u012b kvalitat\u012bvi Volfganga Amadeja Mocarta atst\u0101tais muzik\u0101lais mantojums ir \u0101rk\u0101rt\u012bgi iespaid\u012bgs un b\u016btisks, savu&hellip;\n","protected":false},"author":2,"featured_media":116440,"comment_status":"","ping_status":"","sticky":false,"template":"","format":"standard","meta":{"footnotes":""},"categories":[19],"tags":[89,90,35,39,38,36,37,34,40],"class_list":{"0":"post-116439","1":"post","2":"type-post","3":"status-publish","4":"format-standard","5":"has-post-thumbnail","7":"category-izklaide","8":"tag-entertainment","9":"tag-izklaide","10":"tag-latvia","11":"tag-latvian","12":"tag-latviesu","13":"tag-latviesu-valoda","14":"tag-latviesuvaloda","15":"tag-latvija","16":"tag-lv"},"share_on_mastodon":{"url":"https:\/\/pubeurope.com\/@lv\/115977474705093584","error":""},"_links":{"self":[{"href":"https:\/\/www.europesays.com\/lv\/wp-json\/wp\/v2\/posts\/116439","targetHints":{"allow":["GET"]}}],"collection":[{"href":"https:\/\/www.europesays.com\/lv\/wp-json\/wp\/v2\/posts"}],"about":[{"href":"https:\/\/www.europesays.com\/lv\/wp-json\/wp\/v2\/types\/post"}],"author":[{"embeddable":true,"href":"https:\/\/www.europesays.com\/lv\/wp-json\/wp\/v2\/users\/2"}],"replies":[{"embeddable":true,"href":"https:\/\/www.europesays.com\/lv\/wp-json\/wp\/v2\/comments?post=116439"}],"version-history":[{"count":0,"href":"https:\/\/www.europesays.com\/lv\/wp-json\/wp\/v2\/posts\/116439\/revisions"}],"wp:featuredmedia":[{"embeddable":true,"href":"https:\/\/www.europesays.com\/lv\/wp-json\/wp\/v2\/media\/116440"}],"wp:attachment":[{"href":"https:\/\/www.europesays.com\/lv\/wp-json\/wp\/v2\/media?parent=116439"}],"wp:term":[{"taxonomy":"category","embeddable":true,"href":"https:\/\/www.europesays.com\/lv\/wp-json\/wp\/v2\/categories?post=116439"},{"taxonomy":"post_tag","embeddable":true,"href":"https:\/\/www.europesays.com\/lv\/wp-json\/wp\/v2\/tags?post=116439"}],"curies":[{"name":"wp","href":"https:\/\/api.w.org\/{rel}","templated":true}]}}