{"id":116441,"date":"2026-01-29T08:41:05","date_gmt":"2026-01-29T08:41:05","guid":{"rendered":"https:\/\/www.europesays.com\/lv\/116441\/"},"modified":"2026-01-29T08:41:05","modified_gmt":"2026-01-29T08:41:05","slug":"muzikalaja-banka-daugavpili-triumfe-dons-ar-dziesmu-tuvums","status":"publish","type":"post","link":"https:\/\/www.europesays.com\/lv\/116441\/","title":{"rendered":"&#8220;Muzik\u0101laj\u0101 bank\u0101\u201d Daugavpil\u012b triumf\u0113 Dons ar dziesmu \u201eTuvums\u201d"},"content":{"rendered":"<p>Latvijas Radio 2 popa un roka dziesmu aptauj\u0101 \u201eMuzik\u0101l\u0101 banka 2025\u201d par aizvad\u012bt\u0101 gada v\u0113rt\u012bg\u0101ko dziesmu atz\u012bta Dona kompoz\u012bcija \u201eTuvums\u201d. V\u0113rien\u012bgais fin\u0101l\u0161ovs norisin\u0101j\u0101s sestdien, 24. janv\u0101r\u012b, Latgales sird\u012b \u2013 Daugavpil\u012b, pulc\u0113jot skat\u012bt\u0101jus kl\u0101tien\u0113, k\u0101 ar\u012b klaus\u012bt\u0101jus un skat\u012bt\u0101jus vis\u0101 Latvij\u0101. Vakaru raksturoja spilgti fin\u0101listu priek\u0161nesumi, kr\u0101\u0161\u0146s skatuves noform\u0113jums un emocion\u0101li pies\u0101tin\u0101ta gaisotne, kas v\u0113lreiz apliecin\u0101ja latvie\u0161u m\u016bzikas noz\u012bm\u012bgo vietu kult\u016bras telp\u0101.<\/p>\n<p>Otro vietu klaus\u012bt\u0101ju un skat\u012bt\u0101ju balsojum\u0101 ieguva grupas \u201eSudden Lights\u201d dziesma \u201eLai tev apn\u012bk skumt\u201d, savuk\u0101rt tre\u0161aj\u0101 viet\u0101 ierindoj\u0101s Mika Galvanovska izpild\u012bt\u0101 \u201eKad izdzis\u012bs\u201d.<\/p>\n<p>    <img decoding=\"async\" src=\"https:\/\/www.europesays.com\/lv\/wp-content\/uploads\/2026\/01\/70db2465e57e8ca36acba3073f4a94a9e823f1dc.jpg\" alt=\"\" class=\"img-responsive\"\/><\/p>\n<p>Fin\u0101l\u0161ov\u0101 sacent\u0101s 15 popul\u0101r\u0101k\u0101s gada dziesmas, kas tika atlas\u012btas no 25 ska\u0146darbiem, apvienojot \u201eMuzik\u0101l\u0101s bankas\u201d ekspertu v\u0113rt\u0113jumu un klaus\u012bt\u0101ju balsojumu vietn\u0113 muzikalabanka.lv. Uzvar\u0113t\u0101ju noteica tikai skat\u012bt\u0101ju un klaus\u012bt\u0101ju balsojums tie\u0161raides laik\u0101.<\/p>\n<p>Sa\u0146emot apbalvojumu, Dons pateic\u0101s klaus\u012bt\u0101jiem par atbalstu un uzsv\u0113ra latvie\u0161u valodas noz\u012bmi m\u016bzik\u0101: \u201ePaldies, ka nov\u0113rt\u0113jat m\u0101kslinieku darbu, paldies, ka rad\u0101t m\u016bziku latvie\u0161u valod\u0101 un paldies, ka klaus\u0101ties.\u201d<\/p>\n<p>Latvijas Radio 2 direktors Kaspars Mauri\u0146\u0161 uzsver, ka \u201eMuzik\u0101l\u0101 banka\u201d gadu gait\u0101 ir k\u013cuvusi par noz\u012bm\u012bgu platformu, kas vieno pieredz\u0113ju\u0161us izpild\u012bt\u0101jus un jaunos talantus, m\u016bzi\u0137u rado\u0161o sniegumu un klaus\u012bt\u0101ju akt\u012bvu l\u012bdzdal\u012bbu. T\u0101 ir vide, kur uz vienas skatuves satiekas gan sen iem\u012b\u013cotas kompoz\u012bcijas, gan pavisam jauni ska\u0146darbi, veidojot latvisk\u0101s v\u0113rt\u012bbas m\u016bsdien\u012bg\u0101 izpausm\u0113.<\/p>\n<p>    <img decoding=\"async\" src=\"https:\/\/www.europesays.com\/lv\/wp-content\/uploads\/2026\/01\/b5fc3141c6ab9c0ed034456308aadba17eb38212.jpg\" alt=\"\" class=\"img-responsive\"\/><\/p>\n<p>Uzvar\u0113t\u0101ju \u201eMuzik\u0101laj\u0101 bank\u0101\u201d jau tre\u0161o gadu p\u0113c k\u0101rtas nosaka tikai klaus\u012bt\u0101ju un skat\u012bt\u0101ju balsojums apbalvo\u0161anas ceremonijas tie\u0161raides laik\u0101, apliecinot, ka katrai balsij ir noz\u012bme. Ja uzvar\u0113t\u0101ju noteiktu vien\u012bgi muzik\u0101lo ekspertu v\u0113rt\u0113jums, rezult\u0101ti b\u016btu cit\u0101d\u0101ki, tom\u0113r tie\u0161i klaus\u012bt\u0101ju izv\u0113le veido konkursa b\u016bt\u012bbu un pie\u0161\u0137ir tam \u012bpa\u0161u noz\u012bmi.<\/p>\n<p>\u0160ogad \u201eMuzik\u0101l\u0101 banka\u201d norisin\u0101j\u0101s jau 26. reizi, v\u0113lreiz apliecinot latvie\u0161u m\u016bzikas sp\u0113ju uzrun\u0101t, iedvesmot un vienot da\u017e\u0101das paaudzes. Pas\u0101kums Daugavpil\u012b k\u013cuva par \u012bstiem latvie\u0161u m\u016bzikas sv\u0113tkiem, kuros tika svin\u0113ta rado\u0161\u0101 daudzveid\u012bba, klaus\u012bt\u0101ju iesaiste un m\u016bzika latvie\u0161u valod\u0101.<\/p>\n","protected":false},"excerpt":{"rendered":"Latvijas Radio 2 popa un roka dziesmu aptauj\u0101 \u201eMuzik\u0101l\u0101 banka 2025\u201d par aizvad\u012bt\u0101 gada v\u0113rt\u012bg\u0101ko dziesmu atz\u012bta Dona&hellip;\n","protected":false},"author":2,"featured_media":116442,"comment_status":"","ping_status":"","sticky":false,"template":"","format":"standard","meta":{"footnotes":""},"categories":[19],"tags":[89,90,35,39,38,36,37,34,40],"class_list":{"0":"post-116441","1":"post","2":"type-post","3":"status-publish","4":"format-standard","5":"has-post-thumbnail","7":"category-izklaide","8":"tag-entertainment","9":"tag-izklaide","10":"tag-latvia","11":"tag-latvian","12":"tag-latviesu","13":"tag-latviesu-valoda","14":"tag-latviesuvaloda","15":"tag-latvija","16":"tag-lv"},"share_on_mastodon":{"url":"https:\/\/pubeurope.com\/@lv\/115977498454309695","error":""},"_links":{"self":[{"href":"https:\/\/www.europesays.com\/lv\/wp-json\/wp\/v2\/posts\/116441","targetHints":{"allow":["GET"]}}],"collection":[{"href":"https:\/\/www.europesays.com\/lv\/wp-json\/wp\/v2\/posts"}],"about":[{"href":"https:\/\/www.europesays.com\/lv\/wp-json\/wp\/v2\/types\/post"}],"author":[{"embeddable":true,"href":"https:\/\/www.europesays.com\/lv\/wp-json\/wp\/v2\/users\/2"}],"replies":[{"embeddable":true,"href":"https:\/\/www.europesays.com\/lv\/wp-json\/wp\/v2\/comments?post=116441"}],"version-history":[{"count":0,"href":"https:\/\/www.europesays.com\/lv\/wp-json\/wp\/v2\/posts\/116441\/revisions"}],"wp:featuredmedia":[{"embeddable":true,"href":"https:\/\/www.europesays.com\/lv\/wp-json\/wp\/v2\/media\/116442"}],"wp:attachment":[{"href":"https:\/\/www.europesays.com\/lv\/wp-json\/wp\/v2\/media?parent=116441"}],"wp:term":[{"taxonomy":"category","embeddable":true,"href":"https:\/\/www.europesays.com\/lv\/wp-json\/wp\/v2\/categories?post=116441"},{"taxonomy":"post_tag","embeddable":true,"href":"https:\/\/www.europesays.com\/lv\/wp-json\/wp\/v2\/tags?post=116441"}],"curies":[{"name":"wp","href":"https:\/\/api.w.org\/{rel}","templated":true}]}}