{"id":116444,"date":"2026-01-29T08:50:09","date_gmt":"2026-01-29T08:50:09","guid":{"rendered":"https:\/\/www.europesays.com\/lv\/116444\/"},"modified":"2026-01-29T08:50:09","modified_gmt":"2026-01-29T08:50:09","slug":"ministre-pozitivi-verte-es-un-indijas-noligumu-tas-latvijas-uznemejiem-sniegs-virkni-jaunu-iespeju-1188-lv","status":"publish","type":"post","link":"https:\/\/www.europesays.com\/lv\/116444\/","title":{"rendered":"Ministre pozit\u012bvi v\u0113rt\u0113 ES un Indijas nol\u012bgumu: Tas Latvijas uz\u0146\u0113m\u0113jiem sniegs virkni jaunu iesp\u0113ju &#8211; 1188.lv"},"content":{"rendered":"<ol>\n<li><a href=\"https:\/\/news.google.com\/rss\/articles\/CBMizAFBVV95cUxOUDg5cWRZWW1mZVZHQ1RQcHVMMW5uSFU3SFdhTjJFNXBJRUM1ZEZ4cjFjZWRZbzRTcmlsQks0dk1aSnJHVUE1QmRacGhPS3NIb2JQMVMxcVRIR2JaSGZfMTN5MDdtMXI5TWtDLUlmSmdqcEhyM210QnNpdzU0MEtkX2ZrUzhhYVloVGRsZ214QjRJczZtODhoWmdwd2sxUERCckVFcDZTQVJzWi1TVEE0ZWw0ZjU0WVRCdksxZExJRG1YU3dGRnBNOHk2Qk4?oc=5\" target=\"_blank\" rel=\"nofollow noopener\">Ministre pozit\u012bvi v\u0113rt\u0113 ES un Indijas nol\u012bgumu: Tas Latvijas uz\u0146\u0113m\u0113jiem sniegs virkni jaunu iesp\u0113ju<\/a>&nbsp;&nbsp;1188.lv<\/li>\n<li><a href=\"https:\/\/news.google.com\/rss\/articles\/CBMingFBVV95cUxQZ19rYm1WOHZmVWQtYmJUd3pnN2g1b0VrczVYdkFieTVYYi1JY2dfbTVNM2QxNFZBbFBxWkpGUWY2N00tcndiY1d0SDA1NGxjTjdhcEYtbTFadm1zQ2Z4Vjk1Vjc2dko4WDlNZDNjVUFFd3IzWEM3OTVMcC0xbUhWdnAxWEMxaENhU1VXbWZFVEJEYkt3c0xyUUlQZlA5UQ?oc=5\" target=\"_blank\" rel=\"nofollow noopener\">ES un Indija vienojas par br\u012bvo tirdzniec\u012bbu \/ 28.01.2026<\/a>&nbsp;&nbsp;REplay.lv<\/li>\n<li><a href=\"https:\/\/news.google.com\/rss\/articles\/CBMitAFBVV95cUxQWlJ4dmdRN3V5cVRxcFVKdFc1Q3FPZllpdlRuSjBTRm1tckNldUxZblRBektEWnlwU2U3Z2oyTW4zWGxpNEVIRFJHTjY0THFWdzVraTAyTVQzNjE4eTFCb3ZwdDhIenFlRkVGSnJya2V1dXVKNXFoUzNQWkZEeWY4Q3BjRTdId0xMcDFTOWIxN19qMTc3dUx2WGxCc0NaX1JOZnNsWUlkblRsVEVuTklnemtwWUg?oc=5\" target=\"_blank\" rel=\"nofollow noopener\">&#8220;ES un Indija rada v\u0113sturi&#8221;: vienojas par br\u012bv\u0101s tirdzniec\u012bbas l\u012bgumu<\/a>&nbsp;&nbsp;Delfi<\/li>\n<li><a href=\"https:\/\/news.google.com\/rss\/articles\/CBMizgFBVV95cUxNVmFJUXVTYkxvM2tvT1VSZmt5UmNsajdrZTN6T2tIT3ZfWmRHU0tWdUhyQmw3UkxBdGdjX3p3NmR6YWhMa3M1ZjlZUkw2blhmWUZuaTEySHoyNEE1OHBFZ3JjVjlKZGJRWWxFME1PRlExNjVYNlFXV2xURXdwZVVQblNnUldnME1hcHk1dTlGaGxpRTJ2dUVWMlZjeUpsTEtqOW9WaHJiZWdSV2xDSTZaU2FFRXNMX2lSLXlVUmpkd21QN2k2bFR4Y0ZiRkpHQQ?oc=5\" target=\"_blank\" rel=\"nofollow noopener\">Eiropas klus\u0101 atbilde ASV tarifiem<\/a>&nbsp;&nbsp;Lasi.lv<\/li>\n<li><a href=\"https:\/\/news.google.com\/rss\/articles\/CBMivwFBVV95cUxNbEJRelZhM0tUTF9Ta3lWaDRkWWcyQ2R5X3NnV1pJLV9XUkxMMTF1ZE5DeGQtakNCaDlxRU5EMzA1ZGVvV00td0RZSGxlRUllN3VZZG9BWVhzMWEyakpuQzJ4dHV5NGNuQzI2MklVcWJkMWpQazVWT1VrUnhoNXIyREd2ajJhMGJ4S3R0c1ktQjNwekwtSWZ0RjhNUnBMOXdIUGRjczVFSVZ0Y05HN09KS0dQS2RPeVgyWE5vQXdsTQ?oc=5\" target=\"_blank\" rel=\"nofollow noopener\">ES un Indija nosl\u0113gusi sarunas par v\u0113sturisku br\u012bv\u0101s tirdzniec\u012bbas nol\u012bgumu<\/a>&nbsp;&nbsp;LV port\u0101ls<\/li>\n<\/ol>\n","protected":false},"excerpt":{"rendered":"Ministre pozit\u012bvi v\u0113rt\u0113 ES un Indijas nol\u012bgumu: Tas Latvijas uz\u0146\u0113m\u0113jiem sniegs virkni jaunu iesp\u0113ju&nbsp;&nbsp;1188.lv ES un Indija vienojas&hellip;\n","protected":false},"author":2,"featured_media":116445,"comment_status":"","ping_status":"","sticky":false,"template":"","format":"standard","meta":{"footnotes":""},"categories":[14],"tags":[129,853,23,57,28,29,32,33,22,30,31,35,39,38,36,37,34,40,20,26,27,854,855,24,25,54,55,56,21,58],"class_list":{"0":"post-116444","1":"post","2":"type-post","3":"status-publish","4":"format-standard","5":"has-post-thumbnail","7":"category-zinas-no-arvalstim","8":"tag-__typenameadvicekeyword","9":"tag-id955","10":"tag-aktualitates","11":"tag-arvalstim","12":"tag-breaking-news","13":"tag-breakingnews","14":"tag-featured-news","15":"tag-featurednews","16":"tag-headlines","17":"tag-latest-news","18":"tag-latestnews","19":"tag-latvia","20":"tag-latvian","21":"tag-latviesu","22":"tag-latviesu-valoda","23":"tag-latviesuvaloda","24":"tag-latvija","25":"tag-lv","26":"tag-news","27":"tag-popularakas-zinas","28":"tag-popularakaszinas","29":"tag-slugbizness","30":"tag-titlebizness","31":"tag-top-stories","32":"tag-topstories","33":"tag-world","34":"tag-world-news","35":"tag-worldnews","36":"tag-zinas","37":"tag-zinas-no-arvalstim"},"share_on_mastodon":{"url":"","error":"Validation failed: Text character limit of 500 exceeded"},"_links":{"self":[{"href":"https:\/\/www.europesays.com\/lv\/wp-json\/wp\/v2\/posts\/116444","targetHints":{"allow":["GET"]}}],"collection":[{"href":"https:\/\/www.europesays.com\/lv\/wp-json\/wp\/v2\/posts"}],"about":[{"href":"https:\/\/www.europesays.com\/lv\/wp-json\/wp\/v2\/types\/post"}],"author":[{"embeddable":true,"href":"https:\/\/www.europesays.com\/lv\/wp-json\/wp\/v2\/users\/2"}],"replies":[{"embeddable":true,"href":"https:\/\/www.europesays.com\/lv\/wp-json\/wp\/v2\/comments?post=116444"}],"version-history":[{"count":0,"href":"https:\/\/www.europesays.com\/lv\/wp-json\/wp\/v2\/posts\/116444\/revisions"}],"wp:featuredmedia":[{"embeddable":true,"href":"https:\/\/www.europesays.com\/lv\/wp-json\/wp\/v2\/media\/116445"}],"wp:attachment":[{"href":"https:\/\/www.europesays.com\/lv\/wp-json\/wp\/v2\/media?parent=116444"}],"wp:term":[{"taxonomy":"category","embeddable":true,"href":"https:\/\/www.europesays.com\/lv\/wp-json\/wp\/v2\/categories?post=116444"},{"taxonomy":"post_tag","embeddable":true,"href":"https:\/\/www.europesays.com\/lv\/wp-json\/wp\/v2\/tags?post=116444"}],"curies":[{"name":"wp","href":"https:\/\/api.w.org\/{rel}","templated":true}]}}