{"id":116448,"date":"2026-01-29T08:53:09","date_gmt":"2026-01-29T08:53:09","guid":{"rendered":"https:\/\/www.europesays.com\/lv\/116448\/"},"modified":"2026-01-29T08:53:09","modified_gmt":"2026-01-29T08:53:09","slug":"cetras-zodiaka-zimes-lidz-janvara-beigam-gaida-parmainas-un-jauni-apvarsni","status":"publish","type":"post","link":"https:\/\/www.europesays.com\/lv\/116448\/","title":{"rendered":"\u010cetras zodiaka z\u012bmes l\u012bdz janv\u0101ra beig\u0101m gaida p\u0101rmai\u0146as un jauni apv\u0101r\u0161\u0146i &#8211;"},"content":{"rendered":"<p style=\"text-align: justify;\">L\u012bdz ar Nept\u016bna p\u0101rvieto\u0161anos Auna z\u012bm\u0113 s\u0101kas gar\u0161 astrolo\u0123iskais cikls, kas apvieno r\u012bc\u012bbu, izt\u0113li un inov\u0101cijas, mudinot mekl\u0113t jaunus ce\u013cus un realiz\u0113t savas drosm\u012bg\u0101k\u0101s idejas. \u010cetras zodiaka z\u012bmes b\u016bs \u012bpa\u0161i atv\u0113rtas jaun\u0101m iesp\u0113j\u0101m un s\u0101kumam, paverot durvis inovat\u012bviem risin\u0101jumiem un svar\u012bgiem notikumiem, raksta \u201c<a href=\"https:\/\/parade.com\/astrology\/weekly-horoscope-january-25-31-2026\" target=\"_blank\" rel=\"noopener nofollow\">Parade<\/a>\u201d.<\/p>\n<p style=\"text-align: justify;\">Vienlaikus pastiprin\u0101s transform\u0101cijas un ap\u0146\u0113m\u012bbas ener\u0123ija, jo plan\u0113tas, kas p\u0101rst\u0101v r\u012bc\u012bbu un amb\u012bcijas, veido sp\u0113c\u012bgus savienojumus ar citiem astrolo\u0123iskajiem punktiem. Tas rada unik\u0101las iesp\u0113jas person\u012bgajai izaugsmei, sai\u0161u stiprin\u0101\u0161anai un pl\u0101nu \u012bsteno\u0161anai. \u0160aj\u0101 period\u0101 \u012bpa\u0161i svar\u012bgi ir konsekventi, p\u0101rdom\u0101ti so\u013ci un uzman\u012bba deta\u013c\u0101m \u2013 tie pal\u012bdz\u0113s maksim\u0101li izmantot notieko\u0161o p\u0101rmai\u0146u sniegt\u0101s priek\u0161roc\u012bbas, nor\u0101da astrologi.<\/p>\n<p style=\"text-align: justify;\">Auns<\/p>\n<p style=\"text-align: justify;\">\u0160\u012b perioda astrolo\u0123iskie notikumi paver ce\u013cu jaunai noda\u013cai j\u016bsu dz\u012bv\u0113. Nept\u016bns j\u016bsu z\u012bm\u0113 atver 13 gadu iesp\u0113ju ciklu, lai \u012bstenotu savus ambicioz\u0101kos pl\u0101nus. Jo izl\u0113m\u012bg\u0101k j\u016bs r\u012bkosieties, jo izteikt\u0101ki b\u016bs rezult\u0101ti. Sp\u0113c\u012bg\u0101 ener\u0123ija, kas izpl\u016bst no darb\u012bbas un transform\u0101cijas plan\u0113tu kombin\u0101cijas, dod jums amb\u012bcijas un motiv\u0101ciju virz\u012bties pret\u012b saviem m\u0113r\u0137iem un sasniegt vislab\u0101ko sniegumu. \u0160is ir jaunu s\u0101kumu un p\u0101rliecin\u0101tas jaunu l\u012bme\u0146u sasnieg\u0161anas laiks.<\/p>\n<p style=\"text-align: justify;\">V\u0113rsis<\/p>\n<p style=\"text-align: justify;\">Koncentr\u0113\u0161an\u0101s uz person\u012bgajiem un profesion\u0101lajiem m\u0113r\u0137iem \u013cauj izmantot pa\u0161reiz\u0113jo astrolo\u0123isko ietekmi noz\u012bm\u012bgu sasniegumu pan\u0101k\u0161anai. Emociju un iek\u0161\u0113jo procesu intensit\u0101te stimul\u0113 r\u012bkoties un izpausties darb\u0101, projektos vai sabiedriskaj\u0101 dz\u012bv\u0113. Plan\u0113tu harmonisk\u0101 mijiedarb\u012bba, kas p\u0101rvalda komunik\u0101ciju un attiec\u012bbas, uzlabo j\u016bsu sp\u0113ju sadarboties un demonstr\u0113t savas idejas. \u0160is ir piem\u0113rots periods jaunu iniciat\u012bvu uzs\u0101k\u0161anai un daudzsolo\u0161u att\u012bst\u012bbas ce\u013cu att\u012bst\u012b\u0161anai.<\/p>\n<p style=\"text-align: justify;\">Svari<\/p>\n<p style=\"text-align: justify;\">J\u016bsu rado\u0161\u0101 un romantisk\u0101 sf\u0113ra ir piepild\u012bta ar ener\u0123iju, iedvesmu un jaun\u0101m pa\u0161izpausmes iesp\u0113j\u0101m. Past\u0101v\u012bgie plan\u0113tu aspekti pal\u012bdz atrais\u012bt rado\u0161umu un harmoniz\u0113t personisk\u0101s saiknes. \u0160is ir laiks, kad j\u016bs varat p\u0101rliecino\u0161i dal\u012bties sap\u0146os un idej\u0101s, atrast atbalstu un jaunus kontaktus, k\u0101 ar\u012b stiprin\u0101t attiec\u012bbas emocion\u0101l\u0101 un intelektu\u0101l\u0101 l\u012bmen\u012b. Jauni s\u0101kumi \u0161aj\u0101 period\u0101 sol\u0101s b\u016bt priec\u012bgi, iedvesmojo\u0161i un produkt\u012bvi.<\/p>\n<p style=\"text-align: justify;\">Skorpions<\/p>\n<p style=\"text-align: justify;\">\u0160\u012b perioda ener\u0123ija pastiprina j\u016bsu tieksmi sasniegt personiskos un karjeras m\u0113r\u0137us. Pl\u0101ni un v\u0113lmes, kas iepriek\u0161 \u0161\u0137ita t\u0101li, k\u013c\u016bst sasniedzami, pateicoties j\u016bsu koncentr\u0113\u0161an\u0101s sp\u0113jai, neatlaid\u012bbai un iek\u0161\u0113jai ugunij. Tagad ir \u012bstais laiks virz\u012bt savus centienus pareizaj\u0101 virzien\u0101 un izmantot savus iek\u0161\u0113jos resursus, lai rad\u012btu ilgsto\u0161us rezult\u0101tus. Harmoniski plan\u0113tu aspekti paver ar\u012b iesp\u0113jas papla\u0161in\u0101tiem apv\u0101r\u0161\u0146iem, gar\u012bgai izaugsmei un materi\u0101lai p\u0101rpiln\u012bbai, ja esat gatavs iziet no savas komforta zonas.<\/p>\n<p style=\"text-align: justify;\">Lasiet ar\u012b:\u00a0<\/p>\n<p style=\"text-align: justify;\"><a href=\"https:\/\/bnn.lv\/foto-latvija-nav-izgaztuve-eiropas-kludam-riga-pikete-pret-migrantu-kvotam-70120\" target=\"_blank\" rel=\"noopener nofollow\">FOTO | \u201cLatvija nav izg\u0101ztuve Eiropas k\u013c\u016bd\u0101m!\u201d \u2013 R\u012bg\u0101 piket\u0113 pret migrantu kvot\u0101m<\/a><\/p>\n<p style=\"text-align: justify;\"><a style=\"color: #800000;\" href=\"https:\/\/bnn.lv\/vinu-vilinaja-kriminala-tematika-bijusi-milota-raksturo-begulojuso-davidu-kruminu-70047\" target=\"_blank\" rel=\"noopener nofollow\">\u201cVi\u0146u vilin\u0101ja krimin\u0101l\u0101 tematika,\u201d \u2013 bijus\u012b m\u012b\u013cot\u0101 raksturo b\u0113gu\u013coju\u0161o D\u0101vidu Kr\u016bmi\u0146u<\/a><\/p>\n<p style=\"text-align: justify;\"><a style=\"color: #800000;\" href=\"https:\/\/bnn.lv\/labakas-meness-dienas-friziera-apmeklejumam-februari-lai-piesaistitu-naudu-un-veselibu-70070\" target=\"_blank\" rel=\"noopener nofollow\">Lab\u0101k\u0101s M\u0113ness dienas friziera apmekl\u0113jumam febru\u0101r\u012b, lai piesaist\u012btu naudu un vesel\u012bbu<\/a><\/p>\n<p style=\"text-align: justify;\"><a style=\"color: #800000;\" href=\"https:\/\/bnn.lv\/pastardienas-pulkstena-raditaji-pietuvojusies-kritiskai-atzimei-tik-tuvu-ka-nekad-ieprieks-70066\" target=\"_blank\" rel=\"noopener nofollow\">\u201cPastardienas pulkste\u0146a\u201d r\u0101d\u012bt\u0101ji pietuvoju\u0161ies kritiskai atz\u012bmei \u2013 tik tuvu k\u0101 nekad iepriek\u0161<\/a><\/p>\n<p style=\"text-align: justify;\"><a style=\"color: #800000;\" href=\"https:\/\/bnn.lv\/no-influenceres-nagles-uznemuma-plano-piedzit-teju-43-000-eiro-70106\" target=\"_blank\" rel=\"noopener nofollow\">No influenceres Nagles uz\u0146\u0113muma pl\u0101no piedz\u012bt teju 43 000 eiro<\/a><\/p>\n","protected":false},"excerpt":{"rendered":"L\u012bdz ar Nept\u016bna p\u0101rvieto\u0161anos Auna z\u012bm\u0113 s\u0101kas gar\u0161 astrolo\u0123iskais cikls, kas apvieno r\u012bc\u012bbu, izt\u0113li un inov\u0101cijas, mudinot mekl\u0113t&hellip;\n","protected":false},"author":2,"featured_media":116449,"comment_status":"","ping_status":"","sticky":false,"template":"","format":"standard","meta":{"footnotes":""},"categories":[19],"tags":[89,760,90,35,39,38,36,37,34,40],"class_list":{"0":"post-116448","1":"post","2":"type-post","3":"status-publish","4":"format-standard","5":"has-post-thumbnail","7":"category-izklaide","8":"tag-entertainment","9":"tag-horoskopi","10":"tag-izklaide","11":"tag-latvia","12":"tag-latvian","13":"tag-latviesu","14":"tag-latviesu-valoda","15":"tag-latviesuvaloda","16":"tag-latvija","17":"tag-lv"},"share_on_mastodon":{"url":"https:\/\/pubeurope.com\/@lv\/115977545496191581","error":""},"_links":{"self":[{"href":"https:\/\/www.europesays.com\/lv\/wp-json\/wp\/v2\/posts\/116448","targetHints":{"allow":["GET"]}}],"collection":[{"href":"https:\/\/www.europesays.com\/lv\/wp-json\/wp\/v2\/posts"}],"about":[{"href":"https:\/\/www.europesays.com\/lv\/wp-json\/wp\/v2\/types\/post"}],"author":[{"embeddable":true,"href":"https:\/\/www.europesays.com\/lv\/wp-json\/wp\/v2\/users\/2"}],"replies":[{"embeddable":true,"href":"https:\/\/www.europesays.com\/lv\/wp-json\/wp\/v2\/comments?post=116448"}],"version-history":[{"count":0,"href":"https:\/\/www.europesays.com\/lv\/wp-json\/wp\/v2\/posts\/116448\/revisions"}],"wp:featuredmedia":[{"embeddable":true,"href":"https:\/\/www.europesays.com\/lv\/wp-json\/wp\/v2\/media\/116449"}],"wp:attachment":[{"href":"https:\/\/www.europesays.com\/lv\/wp-json\/wp\/v2\/media?parent=116448"}],"wp:term":[{"taxonomy":"category","embeddable":true,"href":"https:\/\/www.europesays.com\/lv\/wp-json\/wp\/v2\/categories?post=116448"},{"taxonomy":"post_tag","embeddable":true,"href":"https:\/\/www.europesays.com\/lv\/wp-json\/wp\/v2\/tags?post=116448"}],"curies":[{"name":"wp","href":"https:\/\/api.w.org\/{rel}","templated":true}]}}