{"id":116450,"date":"2026-01-29T08:57:07","date_gmt":"2026-01-29T08:57:07","guid":{"rendered":"https:\/\/www.europesays.com\/lv\/116450\/"},"modified":"2026-01-29T08:57:07","modified_gmt":"2026-01-29T08:57:07","slug":"tiesraide-egils-helmanis-atgriezies-darba-ogres-dome-paceltas-balsis-izslegti-mikrofoni-un-skarbi-vardi-opozicijai","status":"publish","type":"post","link":"https:\/\/www.europesays.com\/lv\/116450\/","title":{"rendered":"TIE\u0160RAIDE. Egils Helmanis atgriezies darb\u0101 Ogres dom\u0113: paceltas balsis, izsl\u0113gti mikrofoni un skarbi v\u0101rdi opoz\u012bcijai"},"content":{"rendered":"<p>    <img decoding=\"async\" src=\"https:\/\/lastatic.ams3.cdn.digitaloceanspaces.com\/2026\/01\/Ekranuznemums-2026-01-29-093533-1024x749.png\" alt=\"&#10;\"\/><\/p>\n<p>Foto: Ekr\u0101nuz\u0146\u0113mums no video.\n<\/p>\n<p>Ogres novada pa\u0161vald\u012bbas domes priek\u0161s\u0113d\u0113t\u0101js 29. janv\u0101r\u012b p\u0113c se\u0161u m\u0113ne\u0161u p\u0101rtraukuma, kura laik\u0101 atrad\u0101s uz slim\u012bbas lapas, ir atgriezies darb\u0101 pa\u0161vald\u012bb\u0101. <\/p>\n<p>        Las\u012bt\u0101kie<br \/>\n        <a data-imagesrc=\"{&quot;300&quot;:&quot;https:\\\/\\\/lastatic.ams3.cdn.digitaloceanspaces.com\\\/2024\\\/07\\\/fi_c0miksaq-300x200.jpg&quot;,&quot;1024&quot;:&quot;https:\\\/\\\/lastatic.ams3.cdn.digitaloceanspaces.com\\\/2024\\\/07\\\/fi_c0miksaq-1024x683.jpg&quot;,&quot;768&quot;:&quot;https:\\\/\\\/lastatic.ams3.cdn.digitaloceanspaces.com\\\/2024\\\/07\\\/fi_c0miksaq-768x512.jpg&quot;,&quot;1536&quot;:&quot;https:\\\/\\\/lastatic.ams3.cdn.digitaloceanspaces.com\\\/2024\\\/07\\\/fi_c0miksaq-1536x1024.jpg&quot;,&quot;2048&quot;:&quot;https:\\\/\\\/lastatic.ams3.cdn.digitaloceanspaces.com\\\/2024\\\/07\\\/fi_c0miksaq-2048x1365.jpg&quot;,&quot;200&quot;:&quot;https:\\\/\\\/lastatic.ams3.cdn.digitaloceanspaces.com\\\/2024\\\/07\\\/fi_c0miksaq-200x133.jpg&quot;,&quot;400&quot;:&quot;https:\\\/\\\/lastatic.ams3.cdn.digitaloceanspaces.com\\\/2024\\\/07\\\/fi_c0miksaq-400x267.jpg&quot;,&quot;500&quot;:&quot;https:\\\/\\\/lastatic.ams3.cdn.digitaloceanspaces.com\\\/2024\\\/07\\\/fi_c0miksaq-500x333.jpg&quot;,&quot;800&quot;:&quot;https:\\\/\\\/lastatic.ams3.cdn.digitaloceanspaces.com\\\/2024\\\/07\\\/fi_c0miksaq-800x533.jpg&quot;,&quot;1000&quot;:&quot;https:\\\/\\\/lastatic.ams3.cdn.digitaloceanspaces.com\\\/2024\\\/07\\\/fi_c0miksaq-1000x667.jpg&quot;,&quot;2560&quot;:&quot;https:\\\/\\\/lastatic.ams3.cdn.digitaloceanspaces.com\\\/2024\\\/07\\\/fi_c0miksaq-scaled.jpg&quot;}\" data-focuspoint=\"&quot;&quot;\" data-p=\"2500900\" href=\"https:\/\/www.la.lv\/un-es-nejokoju-opozicionars-atklaj-negaiditu-versiju-par-putina-pecteci\" class=\"content-item lazy-load\" wp_automatic_readability=\"26\" rel=\"nofollow noopener\" target=\"_blank\"><\/p>\n<p>                                <img decoding=\"async\" src=\"\" alt=\"\" style=\"\" data-imageid=\"\"\/><\/p>\n<p>                                            \u201cUn es nejokoju!\u201d Opozicion\u0101rs atkl\u0101j negaid\u012btu versiju par Putina p\u0113cteci\n                            <\/p>\n<p><\/a><a data-imagesrc=\"{&quot;300&quot;:&quot;https:\\\/\\\/lastatic.ams3.cdn.digitaloceanspaces.com\\\/2019\\\/06\\\/attractive-beautiful-cheerful-15366191-300x200.jpg&quot;,&quot;768&quot;:&quot;https:\\\/\\\/lastatic.ams3.cdn.digitaloceanspaces.com\\\/2019\\\/06\\\/attractive-beautiful-cheerful-15366191-768x512.jpg&quot;,&quot;200&quot;:&quot;https:\\\/\\\/lastatic.ams3.cdn.digitaloceanspaces.com\\\/2019\\\/06\\\/attractive-beautiful-cheerful-15366191-200x133.jpg&quot;,&quot;400&quot;:&quot;https:\\\/\\\/lastatic.ams3.cdn.digitaloceanspaces.com\\\/2019\\\/06\\\/attractive-beautiful-cheerful-15366191-400x267.jpg&quot;,&quot;500&quot;:&quot;https:\\\/\\\/lastatic.ams3.cdn.digitaloceanspaces.com\\\/2019\\\/06\\\/attractive-beautiful-cheerful-15366191-500x333.jpg&quot;,&quot;800&quot;:&quot;https:\\\/\\\/lastatic.ams3.cdn.digitaloceanspaces.com\\\/2019\\\/06\\\/attractive-beautiful-cheerful-15366191-800x533.jpg&quot;,&quot;900&quot;:&quot;https:\\\/\\\/lastatic.ams3.cdn.digitaloceanspaces.com\\\/2019\\\/06\\\/attractive-beautiful-cheerful-15366191.jpg&quot;}\" data-focuspoint=\"&quot;&quot;\" data-p=\"2501980\" href=\"https:\/\/www.la.lv\/janvari-dzimusos-vislabak-raksturo-vards-speks-bet-marta-lidzjutiba-luk-ko-par-jums-atklaj-jusu-dzimsanas-menesis\" class=\"content-item lazy-load\" wp_automatic_readability=\"27.5\" rel=\"nofollow noopener\" target=\"_blank\"><\/p>\n<p>                                <img decoding=\"async\" src=\"\" alt=\"\" style=\"\" data-imageid=\"\"\/><\/p>\n<p>                                Kokteilis<\/p>\n<p>\n                                                Janv\u0101r\u012b dzimu\u0161os vislab\u0101k raksturo v\u0101rds \u201csp\u0113ks\u201d, bet mart\u0101 \u2013 \u201cl\u012bdzj\u016bt\u012bba\u201d. L\u016bk, ko par jums atkl\u0101j j\u016bsu dzim\u0161anas m\u0113nesis\n                            <\/p>\n<p><\/a><a data-imagesrc=\"{&quot;300&quot;:&quot;https:\\\/\\\/lastatic.ams3.cdn.digitaloceanspaces.com\\\/2013\\\/10\\\/g1\\\/ledaji1-300x191.jpg&quot;,&quot;1024&quot;:&quot;https:\\\/\\\/lastatic.ams3.cdn.digitaloceanspaces.com\\\/2013\\\/10\\\/g1\\\/ledaji1-1024x652.jpg&quot;,&quot;80&quot;:&quot;https:\\\/\\\/lastatic.ams3.cdn.digitaloceanspaces.com\\\/2013\\\/10\\\/g1\\\/ledaji1-80x48.jpg&quot;,&quot;112&quot;:&quot;https:\\\/\\\/lastatic.ams3.cdn.digitaloceanspaces.com\\\/2013\\\/10\\\/g1\\\/ledaji1-112x64.jpg&quot;,&quot;664&quot;:&quot;https:\\\/\\\/lastatic.ams3.cdn.digitaloceanspaces.com\\\/2013\\\/10\\\/g1\\\/ledaji1-664x422.jpg&quot;,&quot;251&quot;:&quot;https:\\\/\\\/lastatic.ams3.cdn.digitaloceanspaces.com\\\/2013\\\/10\\\/g1\\\/ledaji1-251x160.jpg&quot;,&quot;263&quot;:&quot;https:\\\/\\\/lastatic.ams3.cdn.digitaloceanspaces.com\\\/2013\\\/10\\\/g1\\\/ledaji1-263x167.jpg&quot;,&quot;530&quot;:&quot;https:\\\/\\\/lastatic.ams3.cdn.digitaloceanspaces.com\\\/2013\\\/10\\\/g1\\\/ledaji1-530x338.jpg&quot;,&quot;118&quot;:&quot;https:\\\/\\\/lastatic.ams3.cdn.digitaloceanspaces.com\\\/2013\\\/10\\\/g1\\\/ledaji1-118x70.jpg&quot;,&quot;348&quot;:&quot;https:\\\/\\\/lastatic.ams3.cdn.digitaloceanspaces.com\\\/2013\\\/10\\\/g1\\\/ledaji1-348x225.jpg&quot;,&quot;90&quot;:&quot;https:\\\/\\\/lastatic.ams3.cdn.digitaloceanspaces.com\\\/2013\\\/10\\\/g1\\\/ledaji1-90x58.jpg&quot;,&quot;2700&quot;:&quot;https:\\\/\\\/lastatic.ams3.cdn.digitaloceanspaces.com\\\/2013\\\/10\\\/g1\\\/ledaji1.jpg&quot;}\" data-focuspoint=\"&quot;&quot;\" data-p=\"2498527\" href=\"https:\/\/www.la.lv\/ledaji-kust-un-izplatas-kas-neparedzets-zinatniekiem-ir-loti-slikta-zina-cilveku-veselibai\" class=\"content-item lazy-load\" wp_automatic_readability=\"27\" rel=\"nofollow noopener\" target=\"_blank\"><\/p>\n<p>                                <img decoding=\"async\" src=\"\" alt=\"\" style=\"\" data-imageid=\"\"\/><\/p>\n<p>\n                                                Led\u0101ji k\u016bst, un izplat\u0101s kas neparedz\u0113ts. Zin\u0101tniekiem ir \u013coti slikta zi\u0146a cilv\u0113ku vesel\u012bbai\n                            <\/p>\n<p><\/a><br \/>\n        <a class=\"read-more\" href=\"https:\/\/www.la.lv\/top\" rel=\"nofollow noopener\" target=\"_blank\">Las\u012bt citas zi\u0146as<\/a><\/p>\n<p>Domes s\u0113des tie\u0161raides laik\u0101 Helmanis atbild opoz\u012bcijas deput\u0101tiem par likumprojektu par Helma\u0146a atlai\u0161anu no priek\u0161s\u0113d\u0113t\u0101ja amata. <\/p>\n<p>\u201cJ\u016bs kauniniet citus, nosodiet, run\u0101jiet par \u0113tiku, bet pa\u0161i r\u012bkojaties ne\u0113tiski, izsakot apgalvojumus, kam nav pamata.<\/p>\n<p>    CITI \u0160OBR\u012aD LASA<\/p>\n<blockquote><p> L\u0113mumprojekta sagatavot\u0101ja Dace K\u013cavi\u0146a sav\u0101 zi\u0146ojum\u0101 atkl\u0101ti melo, palielinot manu algu par gandr\u012bz 1400 eiro.<\/p><\/blockquote>\n<p>Dace K\u013cavi\u0146a nem\u0101k apstr\u0101d\u0101t datus vai v\u0113l \u013caun\u0101k melo, lai apmelotu savu kol\u0113\u0123i un maldin\u0101tu sabiedr\u012bbu. Vi\u0146ai pietr\u016bkst pa\u0161refleksijas! Vien\u0101 no sav\u0101m publik\u0101cij\u0101m Dace K\u013cavi\u0146a publiski aprakst\u012bja manu vesel\u012bbas st\u0101vokli, iesaistot pat manus \u0123imenes locek\u013cus, taj\u0101 laik\u0101 vi\u0146a ie\u0146\u0113ma Vesel\u012bbas ministrijas valsts sekret\u0101ra amatu. Es v\u0113rsos pie Vesel\u012bbas ministra Abu Meri, vi\u0146\u0161 atzina, ka K\u013cavi\u0146as r\u012bc\u012bba nebija \u0113tiska, vi\u0146a bija spiesta savu publik\u0101ciju labot un dz\u0113st ne\u0113tiskos tekstus. Vai \u0161odien Dacei ir ties\u012bbas run\u0101t par citu \u0113tiku? <\/p>\n<p>K\u013cavi\u0146a sav\u0101 publik\u0101cij\u0101 piemin\u0113ja taup\u012bbu. K\u0101 var run\u0101t par taup\u012bbu cilv\u0113ks, kur\u0161 str\u0101d\u0101 vesel\u012bbas ministrij\u0101 k\u0101 viens no divdesmit padomniekiem. \u201cJaun\u0101s Vienot\u012bbas\u201d ministrija Ogres rajona slimn\u012bcai no\u0146\u0113ma 500 000 eiro. <\/p>\n<blockquote><p>Ja gribat taup\u012bt, izdzen\u0101jat savu politisko barotavu, neskait\u0101mo padomnieku rindas, bet nov\u0101ciet savas rokas no Ogres rajona slimn\u012bcas un parasto cilv\u0113ku alg\u0101m!\u201d<\/p><\/blockquote>\n<p>T\u0101pat vi\u0146\u0161 konkr\u0113ti uzrun\u0101 citus opoz\u012bcijas deput\u0101tus, atbildot uz vi\u0146u publiski izskan\u0113ju\u0161ajiem p\u0101rmetumiem. S\u0113des laik\u0101 vair\u0101kk\u0101rt deput\u0101tiem tika izsl\u0113gti mikrofoni, da\u017ei deput\u0101ti s\u0113di Helma\u0146a runas laik\u0101 pameta, t\u0101pat run\u0101ja no vietas. S\u0113d\u0113 bija j\u016btama spriedze. <\/p>\n<p>S\u0113des tie\u0161raidi var noskat\u012bties video. <\/p>\n<p>K\u0101 zin\u0101ms, Helmanim darba nesp\u0113jas lapa tika noform\u0113ta 25. august\u0101.<\/p>\n<p>Jau iepriek\u0161 zi\u0146ots, ka p\u0113rn, decembr\u012b, opoz\u012bcijai neizdev\u0101s g\u0101zt no amata Ogres novada domes priek\u0161s\u0113d\u0113t\u0101ju Egilu Helmani.<\/p>\n<p>Jaun\u0101s Vienot\u012bbas deput\u0101te Dace K\u013cavi\u0146a uzskata \u2013 kam\u0113r citi novadi un pils\u0113tas strauj\u0101 temp\u0101 att\u012bst\u0101s, Ogres novada pa\u0161vald\u012bb\u0101 str\u0101d\u0101jot izdz\u012bvo\u0161anas re\u017e\u012bm\u0101. Helmanim tika p\u0101rmests, ka vi\u0146\u0161, b\u016bdams \u201cuz slim\u012bbas lapas\u201d, ir akt\u012bvs soci\u0101lajos t\u012bklos, kur sola diskusijas par izmai\u0146\u0101m Ogres pils\u0113tas izgl\u012bt\u012bbas sist\u0113m\u0101.<\/p>\n<p>Ogres dom\u0113 ir 23 deput\u0101ti, bet par m\u0113ra atsauk\u0161anu bija parakst\u012bju\u0161ies devi\u0146i \u2013 partijas \u201cJaun\u0101 vienot\u012bba\u201d deput\u0101ti K\u013cavi\u0146a, Sili\u0146\u0161, kust\u012bbas \u201cPar!\u201d un Jaun\u0101s konservat\u012bv\u0101s partijas kop\u012bg\u0101 saraksta deput\u0101ti Santa Lo\u010dmele, Uldis Skudra, K\u0101rlis Avoti\u0146\u0161, k\u0101 ar\u012b Latvijas re\u0123ionu apvien\u012bbas deput\u0101ti R\u016bdolfs Kud\u013ca, Mat\u012bss Me\u017eaks, K\u0101rlis Ansons un Mariss Martinsons.<\/p>\n<p>T\u0113mas<\/p>\n<p>    SAIST\u012aTIE RAKSTI<\/p>\n","protected":false},"excerpt":{"rendered":"Foto: Ekr\u0101nuz\u0146\u0113mums no video. Ogres novada pa\u0161vald\u012bbas domes priek\u0161s\u0113d\u0113t\u0101js 29. janv\u0101r\u012b p\u0113c se\u0161u m\u0113ne\u0161u p\u0101rtraukuma, kura laik\u0101 atrad\u0101s&hellip;\n","protected":false},"author":2,"featured_media":116451,"comment_status":"","ping_status":"","sticky":false,"template":"","format":"standard","meta":{"footnotes":""},"categories":[12],"tags":[23,28,29,32,33,22,30,31,35,39,38,36,37,34,40,20,26,27,24,25,21],"class_list":{"0":"post-116450","1":"post","2":"type-post","3":"status-publish","4":"format-standard","5":"has-post-thumbnail","7":"category-latvija","8":"tag-aktualitates","9":"tag-breaking-news","10":"tag-breakingnews","11":"tag-featured-news","12":"tag-featurednews","13":"tag-headlines","14":"tag-latest-news","15":"tag-latestnews","16":"tag-latvia","17":"tag-latvian","18":"tag-latviesu","19":"tag-latviesu-valoda","20":"tag-latviesuvaloda","21":"tag-latvija","22":"tag-lv","23":"tag-news","24":"tag-popularakas-zinas","25":"tag-popularakaszinas","26":"tag-top-stories","27":"tag-topstories","28":"tag-zinas"},"share_on_mastodon":{"url":"https:\/\/pubeurope.com\/@lv\/115977561389138997","error":""},"_links":{"self":[{"href":"https:\/\/www.europesays.com\/lv\/wp-json\/wp\/v2\/posts\/116450","targetHints":{"allow":["GET"]}}],"collection":[{"href":"https:\/\/www.europesays.com\/lv\/wp-json\/wp\/v2\/posts"}],"about":[{"href":"https:\/\/www.europesays.com\/lv\/wp-json\/wp\/v2\/types\/post"}],"author":[{"embeddable":true,"href":"https:\/\/www.europesays.com\/lv\/wp-json\/wp\/v2\/users\/2"}],"replies":[{"embeddable":true,"href":"https:\/\/www.europesays.com\/lv\/wp-json\/wp\/v2\/comments?post=116450"}],"version-history":[{"count":0,"href":"https:\/\/www.europesays.com\/lv\/wp-json\/wp\/v2\/posts\/116450\/revisions"}],"wp:featuredmedia":[{"embeddable":true,"href":"https:\/\/www.europesays.com\/lv\/wp-json\/wp\/v2\/media\/116451"}],"wp:attachment":[{"href":"https:\/\/www.europesays.com\/lv\/wp-json\/wp\/v2\/media?parent=116450"}],"wp:term":[{"taxonomy":"category","embeddable":true,"href":"https:\/\/www.europesays.com\/lv\/wp-json\/wp\/v2\/categories?post=116450"},{"taxonomy":"post_tag","embeddable":true,"href":"https:\/\/www.europesays.com\/lv\/wp-json\/wp\/v2\/tags?post=116450"}],"curies":[{"name":"wp","href":"https:\/\/api.w.org\/{rel}","templated":true}]}}