{"id":116465,"date":"2026-01-29T09:06:07","date_gmt":"2026-01-29T09:06:07","guid":{"rendered":"https:\/\/www.europesays.com\/lv\/116465\/"},"modified":"2026-01-29T09:06:07","modified_gmt":"2026-01-29T09:06:07","slug":"tralmakam-varti-ahl-maca-komandai-rets-zaudejums-hokejs-sportacentrs-com","status":"publish","type":"post","link":"https:\/\/www.europesays.com\/lv\/116465\/","title":{"rendered":"Tralmakam v\u0101rti AHL ma\u010d\u0101, komandai rets zaud\u0113jums \u2013 Hokejs \u2013 Sportacentrs.com"},"content":{"rendered":"<p>Eduards Tralmaks ripu pretinieku v\u0101rtos raid\u012bja pirm\u0101 perioda izska\u0146\u0101, tobr\u012bd pan\u0101kot neiz\u0161\u0137irtu 1:1. Tralmakam izdev\u0101s prec\u012bzi pielabot ripas lidojuma virzienu p\u0113c partnera metiena no zil\u0101s l\u012bnijas.<\/p>\n<p>Tralmakam tas bija sezonas 16. v\u0101rtu guvums AHL, kas ir otrs lab\u0101kais r\u0101d\u012bt\u0101js komand\u0101. Kop\u0101 vi\u0146am 40 sp\u0113l\u0113s izdevies sakr\u0101t 21 punktu. Latvijas hokejistu konkurenc\u0113 \u0161osezon tas ir otrs lab\u0101kais r\u0101d\u012bt\u0101js aiz Dana Lo\u010dme\u013ca 26 punktiem (14+12).<\/p>\n<p>\u0160odienas ma\u010d\u0101 Tralmakam ar\u012b divi metieni pa v\u0101rtiem un neitr\u0101ls lietder\u012bbas koeficients.<\/p>\n<p>Vi\u0146a komandai \u0161is bija tikai piektais zaud\u0113jums pamatlaik\u0101 \u0161osezon aizvad\u012btaj\u0101s 40 sp\u0113l\u0113s. &#8220;Griffins&#8221; saglab\u0101 pirmo vietu AHL kopv\u0113rt\u0113jum\u0101, tuv\u0101ko konkurenti apsteidzot par se\u0161iem punktiem.<\/p>\n<p>AHL sp\u0113li aizvad\u012bja ar\u012b Anr\u012b Ravinskis, kur\u0161 veica \u010detrus metienus pa v\u0101rtiem Abotsfordas &#8220;Canucks&#8221; komandas sast\u0101v\u0101, ta\u010du vi\u0146a komanda ar 2:5 piek\u0101p\u0101s Ontario &#8220;Reign&#8221;.<\/p>\n<p>Gan Ravinskis, gan Tralmaks ir Latvijas olimpisk\u0101s hokeja izlases sast\u0101v\u0101.<\/p>\n<blockquote class=\"twitter-tweet\">\n<p lang=\"en\" dir=\"ltr\">Eduards Tralmaks sneaks right in for his 16th of the season\ud83e\udd2b<a href=\"https:\/\/twitter.com\/griffinshockey?ref_src=twsrc%5Etfw\" rel=\"nofollow noopener\" target=\"_blank\">@griffinshockey<\/a> | <a href=\"https:\/\/twitter.com\/hashtag\/CLEvsGR?src=hash&amp;ref_src=twsrc%5Etfw\" rel=\"nofollow noopener\" target=\"_blank\">#CLEvsGR<\/a> <a href=\"https:\/\/t.co\/fP1494jroA\" rel=\"nofollow\">pic.twitter.com\/fP1494jroA<\/a><\/p>\n<p>\u2014 American Hockey League (@TheAHL) <a href=\"https:\/\/twitter.com\/TheAHL\/status\/2016678727116001615?ref_src=twsrc%5Etfw\" rel=\"nofollow noopener\" target=\"_blank\">January 29, 2026<\/a><\/p><\/blockquote>\n<p>Izmantotie resursi:<br \/><a target=\"_blank\" href=\"https:\/\/theahl.com\/\" rel=\"nofollow noopener\">https:\/\/theahl.com\/<\/a><\/p>\n<p>                    <script async src=\"https:\/\/platform.twitter.com\/widgets.js\" charset=\"utf-8\"><\/script><\/p>\n","protected":false},"excerpt":{"rendered":"Eduards Tralmaks ripu pretinieku v\u0101rtos raid\u012bja pirm\u0101 perioda izska\u0146\u0101, tobr\u012bd pan\u0101kot neiz\u0161\u0137irtu 1:1. Tralmakam izdev\u0101s prec\u012bzi pielabot ripas&hellip;\n","protected":false},"author":2,"featured_media":116466,"comment_status":"","ping_status":"","sticky":false,"template":"","format":"standard","meta":{"footnotes":""},"categories":[17],"tags":[394,35,39,38,36,37,34,40,67],"class_list":{"0":"post-116465","1":"post","2":"type-post","3":"status-publish","4":"format-standard","5":"has-post-thumbnail","7":"category-sports","8":"tag-hokejs","9":"tag-latvia","10":"tag-latvian","11":"tag-latviesu","12":"tag-latviesu-valoda","13":"tag-latviesuvaloda","14":"tag-latvija","15":"tag-lv","16":"tag-sports"},"share_on_mastodon":{"url":"https:\/\/pubeurope.com\/@lv\/115977596649805081","error":""},"_links":{"self":[{"href":"https:\/\/www.europesays.com\/lv\/wp-json\/wp\/v2\/posts\/116465","targetHints":{"allow":["GET"]}}],"collection":[{"href":"https:\/\/www.europesays.com\/lv\/wp-json\/wp\/v2\/posts"}],"about":[{"href":"https:\/\/www.europesays.com\/lv\/wp-json\/wp\/v2\/types\/post"}],"author":[{"embeddable":true,"href":"https:\/\/www.europesays.com\/lv\/wp-json\/wp\/v2\/users\/2"}],"replies":[{"embeddable":true,"href":"https:\/\/www.europesays.com\/lv\/wp-json\/wp\/v2\/comments?post=116465"}],"version-history":[{"count":0,"href":"https:\/\/www.europesays.com\/lv\/wp-json\/wp\/v2\/posts\/116465\/revisions"}],"wp:featuredmedia":[{"embeddable":true,"href":"https:\/\/www.europesays.com\/lv\/wp-json\/wp\/v2\/media\/116466"}],"wp:attachment":[{"href":"https:\/\/www.europesays.com\/lv\/wp-json\/wp\/v2\/media?parent=116465"}],"wp:term":[{"taxonomy":"category","embeddable":true,"href":"https:\/\/www.europesays.com\/lv\/wp-json\/wp\/v2\/categories?post=116465"},{"taxonomy":"post_tag","embeddable":true,"href":"https:\/\/www.europesays.com\/lv\/wp-json\/wp\/v2\/tags?post=116465"}],"curies":[{"name":"wp","href":"https:\/\/api.w.org\/{rel}","templated":true}]}}