{"id":116467,"date":"2026-01-29T09:07:08","date_gmt":"2026-01-29T09:07:08","guid":{"rendered":"https:\/\/www.europesays.com\/lv\/116467\/"},"modified":"2026-01-29T09:07:08","modified_gmt":"2026-01-29T09:07:08","slug":"tesla-pelna-pern-butiski-samazinajusies-tiks-partraukta-divu-automobilu-modelu-razosana","status":"publish","type":"post","link":"https:\/\/www.europesays.com\/lv\/116467\/","title":{"rendered":"&#8220;Tesla&#8221; pe\u013c\u0146a p\u0113rn b\u016btiski samazin\u0101jusies; tiks p\u0101rtraukta divu automobi\u013cu mode\u013cu ra\u017eo\u0161ana"},"content":{"rendered":"<p>Turkl\u0101t uz\u0146\u0113muma pe\u013c\u0146a p\u0113rn b\u016btiski samazin\u0101jusies otro gadu p\u0113c k\u0101rtas un tai re\u0123istr\u0113ts zem\u0101kais l\u012bmenis kop\u0161 koronav\u012brusa pand\u0113mijas pirms pieciem gadiem.<\/p>\n<p>Tikm\u0113r p\u0113rn ceturtaj\u0101 ceturksn\u012b &#8220;Tesla&#8221; pe\u013c\u0146a gada griezum\u0101 samazin\u0101jusies par 61% l\u012bdz 840 miljoniem dol\u0101ru.<\/p>\n<p>Pe\u013c\u0146as kritums tiek skaidrots ar automobi\u013cu p\u0101rdo\u0161anas apjoma samazin\u0101\u0161anos un izmaksu pieaugumu.<\/p>\n<p>&#8220;Tesla&#8221; pag\u0101ju\u0161aj\u0101 gad\u0101 pieg\u0101d\u0101jis nedaudz vair\u0101k nek\u0101 1,63 miljonus automobi\u013cu, kas ir par 8,5% maz\u0101k nek\u0101 pirms gada, t\u0101d\u0113j\u0101di kritums re\u0123istr\u0113ts otro gadu p\u0113c k\u0101rtas.<\/p>\n<p>Vienlaikus uz\u0146\u0113muma vad\u012bt\u0101js <a href=\"https:\/\/www.apollo.lv\/term\/557183\/ilons-masks\" class=\"topicLink\" target=\"_blank\" rel=\"nofollow noopener\">\u012alons Masks<\/a> tre\u0161dien pazi\u0146oja, ka tiks p\u0101rtraukta &#8220;Model S&#8221; un &#8220;Model X&#8221; automobi\u013cu ra\u017eo\u0161ana, lai piev\u0113rstos robotu ra\u017eo\u0161anai.<\/p>\n","protected":false},"excerpt":{"rendered":"Turkl\u0101t uz\u0146\u0113muma pe\u013c\u0146a p\u0113rn b\u016btiski samazin\u0101jusies otro gadu p\u0113c k\u0101rtas un tai re\u0123istr\u0113ts zem\u0101kais l\u012bmenis kop\u0161 koronav\u012brusa pand\u0113mijas&hellip;\n","protected":false},"author":2,"featured_media":116468,"comment_status":"","ping_status":"","sticky":false,"template":"","format":"standard","meta":{"footnotes":""},"categories":[16],"tags":[77,76,79,35,39,38,36,37,34,40,81],"class_list":{"0":"post-116467","1":"post","2":"type-post","3":"status-publish","4":"format-standard","5":"has-post-thumbnail","7":"category-bizness","8":"tag-bizness","9":"tag-business","10":"tag-ilons-masks","11":"tag-latvia","12":"tag-latvian","13":"tag-latviesu","14":"tag-latviesu-valoda","15":"tag-latviesuvaloda","16":"tag-latvija","17":"tag-lv","18":"tag-tesla"},"share_on_mastodon":{"url":"https:\/\/pubeurope.com\/@lv\/115977600620278438","error":""},"_links":{"self":[{"href":"https:\/\/www.europesays.com\/lv\/wp-json\/wp\/v2\/posts\/116467","targetHints":{"allow":["GET"]}}],"collection":[{"href":"https:\/\/www.europesays.com\/lv\/wp-json\/wp\/v2\/posts"}],"about":[{"href":"https:\/\/www.europesays.com\/lv\/wp-json\/wp\/v2\/types\/post"}],"author":[{"embeddable":true,"href":"https:\/\/www.europesays.com\/lv\/wp-json\/wp\/v2\/users\/2"}],"replies":[{"embeddable":true,"href":"https:\/\/www.europesays.com\/lv\/wp-json\/wp\/v2\/comments?post=116467"}],"version-history":[{"count":0,"href":"https:\/\/www.europesays.com\/lv\/wp-json\/wp\/v2\/posts\/116467\/revisions"}],"wp:featuredmedia":[{"embeddable":true,"href":"https:\/\/www.europesays.com\/lv\/wp-json\/wp\/v2\/media\/116468"}],"wp:attachment":[{"href":"https:\/\/www.europesays.com\/lv\/wp-json\/wp\/v2\/media?parent=116467"}],"wp:term":[{"taxonomy":"category","embeddable":true,"href":"https:\/\/www.europesays.com\/lv\/wp-json\/wp\/v2\/categories?post=116467"},{"taxonomy":"post_tag","embeddable":true,"href":"https:\/\/www.europesays.com\/lv\/wp-json\/wp\/v2\/tags?post=116467"}],"curies":[{"name":"wp","href":"https:\/\/api.w.org\/{rel}","templated":true}]}}