{"id":116469,"date":"2026-01-29T09:08:03","date_gmt":"2026-01-29T09:08:03","guid":{"rendered":"https:\/\/www.europesays.com\/lv\/116469\/"},"modified":"2026-01-29T09:08:03","modified_gmt":"2026-01-29T09:08:03","slug":"krievija-nakti-uz-ceturtdienu-uzbrukusi-ukrainai-ar-105-droniem","status":"publish","type":"post","link":"https:\/\/www.europesays.com\/lv\/116469\/","title":{"rendered":"Krievija nakt\u012b uz ceturtdienu uzbrukusi Ukrainai ar 105 droniem"},"content":{"rendered":"<p>Krievi uzbruku\u0161i ar &#8220;Shahed&#8221;, &#8220;Gerbera&#8221;, &#8220;Italmas&#8221; un citu tipu droniem no Brjanskas, Orlas, Mi\u013c\u013cerovas un Primorskoahtarskas virzieniem Krievij\u0101, k\u0101 ar\u012b no okup\u0113taj\u0101m teritorij\u0101m &#8211; Hvardijskes Krim\u0101 un Doneckas.<\/p>\n<p>No 105 Krievijas raid\u012btajiem droniem aptuveni 70 bija &#8220;Shahed&#8221; tipa uzbrukuma lidroboti.<\/p>\n<p>Fiks\u0113ti 18 uzbrukuma lidrobotu tr\u0101p\u012bjumi septi\u0146\u0101s apkaim\u0113s, nor\u0101d\u012bja Gaisa sp\u0113ki.<\/p>\n","protected":false},"excerpt":{"rendered":"Krievi uzbruku\u0161i ar &#8220;Shahed&#8221;, &#8220;Gerbera&#8221;, &#8220;Italmas&#8221; un citu tipu droniem no Brjanskas, Orlas, Mi\u013c\u013cerovas un Primorskoahtarskas virzieniem Krievij\u0101,&hellip;\n","protected":false},"author":2,"featured_media":116470,"comment_status":"","ping_status":"","sticky":false,"template":"","format":"standard","meta":{"footnotes":""},"categories":[14],"tags":[23,57,28,29,32,33,22,74,30,31,35,39,38,36,37,34,40,20,26,27,24,25,276,54,55,56,21,58],"class_list":{"0":"post-116469","1":"post","2":"type-post","3":"status-publish","4":"format-standard","5":"has-post-thumbnail","7":"category-zinas-no-arvalstim","8":"tag-aktualitates","9":"tag-arvalstim","10":"tag-breaking-news","11":"tag-breakingnews","12":"tag-featured-news","13":"tag-featurednews","14":"tag-headlines","15":"tag-krievijas-iebrukums-ukraina","16":"tag-latest-news","17":"tag-latestnews","18":"tag-latvia","19":"tag-latvian","20":"tag-latviesu","21":"tag-latviesu-valoda","22":"tag-latviesuvaloda","23":"tag-latvija","24":"tag-lv","25":"tag-news","26":"tag-popularakas-zinas","27":"tag-popularakaszinas","28":"tag-top-stories","29":"tag-topstories","30":"tag-ukraina","31":"tag-world","32":"tag-world-news","33":"tag-worldnews","34":"tag-zinas","35":"tag-zinas-no-arvalstim"},"share_on_mastodon":{"url":"https:\/\/pubeurope.com\/@lv\/115977604529071753","error":""},"_links":{"self":[{"href":"https:\/\/www.europesays.com\/lv\/wp-json\/wp\/v2\/posts\/116469","targetHints":{"allow":["GET"]}}],"collection":[{"href":"https:\/\/www.europesays.com\/lv\/wp-json\/wp\/v2\/posts"}],"about":[{"href":"https:\/\/www.europesays.com\/lv\/wp-json\/wp\/v2\/types\/post"}],"author":[{"embeddable":true,"href":"https:\/\/www.europesays.com\/lv\/wp-json\/wp\/v2\/users\/2"}],"replies":[{"embeddable":true,"href":"https:\/\/www.europesays.com\/lv\/wp-json\/wp\/v2\/comments?post=116469"}],"version-history":[{"count":0,"href":"https:\/\/www.europesays.com\/lv\/wp-json\/wp\/v2\/posts\/116469\/revisions"}],"wp:featuredmedia":[{"embeddable":true,"href":"https:\/\/www.europesays.com\/lv\/wp-json\/wp\/v2\/media\/116470"}],"wp:attachment":[{"href":"https:\/\/www.europesays.com\/lv\/wp-json\/wp\/v2\/media?parent=116469"}],"wp:term":[{"taxonomy":"category","embeddable":true,"href":"https:\/\/www.europesays.com\/lv\/wp-json\/wp\/v2\/categories?post=116469"},{"taxonomy":"post_tag","embeddable":true,"href":"https:\/\/www.europesays.com\/lv\/wp-json\/wp\/v2\/tags?post=116469"}],"curies":[{"name":"wp","href":"https:\/\/api.w.org\/{rel}","templated":true}]}}