{"id":116471,"date":"2026-01-29T09:09:05","date_gmt":"2026-01-29T09:09:05","guid":{"rendered":"https:\/\/www.europesays.com\/lv\/116471\/"},"modified":"2026-01-29T09:09:05","modified_gmt":"2026-01-29T09:09:05","slug":"rupes-par-vidi-vai-velme-ietaupit-virietis-konteinera-pie-kapiem-riga-izmet-savus-atkritumus-un-sanem-sodu","status":"publish","type":"post","link":"https:\/\/www.europesays.com\/lv\/116471\/","title":{"rendered":"R\u016bpes par vidi vai v\u0113lme ietaup\u012bt? V\u012brietis konteiner\u0101 pie kapiem R\u012bg\u0101 izmet savus atkritumus un sa\u0146em sodu"},"content":{"rendered":"<p>Vai v\u0113lme sakopt vidi var b\u016bt attaisnojums atkritumu izme\u0161anai sve\u0161\u0101 konteiner\u0101, vai tom\u0113r tas ir cinisks m\u0113\u0123in\u0101jums ietaup\u012bt uz citu r\u0113\u0137ina? K\u0101ds R\u012bgas iedz\u012bvot\u0101js ties\u0101 m\u0113\u0123in\u0101ja apstr\u012bd\u0113t pa\u0161vald\u012bbas piem\u0113roto naudas sodu, apgalvojot, ka kasti izmetis &#8220;labu nodomu vad\u012bts&#8221;.<\/p>\n<p>Ta\u010du tiesas materi\u0101los atkl\u0101j\u0101s deta\u013ca, kas st\u0101stu par &#8220;labo samarieti&#8221; padar\u012bja visnota\u013c ap\u0161aub\u0101mu.<\/p>\n","protected":false},"excerpt":{"rendered":"Vai v\u0113lme sakopt vidi var b\u016bt attaisnojums atkritumu izme\u0161anai sve\u0161\u0101 konteiner\u0101, vai tom\u0113r tas ir cinisks m\u0113\u0123in\u0101jums ietaup\u012bt&hellip;\n","protected":false},"author":2,"featured_media":116472,"comment_status":"","ping_status":"","sticky":false,"template":"","format":"standard","meta":{"footnotes":""},"categories":[12],"tags":[26924,23,693,28,29,32,33,22,30,31,35,39,38,36,37,34,40,20,26,27,24,25,900,21],"class_list":{"0":"post-116471","1":"post","2":"type-post","3":"status-publish","4":"format-standard","5":"has-post-thumbnail","7":"category-latvija","8":"tag-administrativa-tiesa","9":"tag-aktualitates","10":"tag-atkritumi","11":"tag-breaking-news","12":"tag-breakingnews","13":"tag-featured-news","14":"tag-featurednews","15":"tag-headlines","16":"tag-latest-news","17":"tag-latestnews","18":"tag-latvia","19":"tag-latvian","20":"tag-latviesu","21":"tag-latviesu-valoda","22":"tag-latviesuvaloda","23":"tag-latvija","24":"tag-lv","25":"tag-news","26":"tag-popularakas-zinas","27":"tag-popularakaszinas","28":"tag-top-stories","29":"tag-topstories","30":"tag-tvnet-cilvekstasti","31":"tag-zinas"},"share_on_mastodon":{"url":"https:\/\/pubeurope.com\/@lv\/115977608426229517","error":""},"_links":{"self":[{"href":"https:\/\/www.europesays.com\/lv\/wp-json\/wp\/v2\/posts\/116471","targetHints":{"allow":["GET"]}}],"collection":[{"href":"https:\/\/www.europesays.com\/lv\/wp-json\/wp\/v2\/posts"}],"about":[{"href":"https:\/\/www.europesays.com\/lv\/wp-json\/wp\/v2\/types\/post"}],"author":[{"embeddable":true,"href":"https:\/\/www.europesays.com\/lv\/wp-json\/wp\/v2\/users\/2"}],"replies":[{"embeddable":true,"href":"https:\/\/www.europesays.com\/lv\/wp-json\/wp\/v2\/comments?post=116471"}],"version-history":[{"count":0,"href":"https:\/\/www.europesays.com\/lv\/wp-json\/wp\/v2\/posts\/116471\/revisions"}],"wp:featuredmedia":[{"embeddable":true,"href":"https:\/\/www.europesays.com\/lv\/wp-json\/wp\/v2\/media\/116472"}],"wp:attachment":[{"href":"https:\/\/www.europesays.com\/lv\/wp-json\/wp\/v2\/media?parent=116471"}],"wp:term":[{"taxonomy":"category","embeddable":true,"href":"https:\/\/www.europesays.com\/lv\/wp-json\/wp\/v2\/categories?post=116471"},{"taxonomy":"post_tag","embeddable":true,"href":"https:\/\/www.europesays.com\/lv\/wp-json\/wp\/v2\/tags?post=116471"}],"curies":[{"name":"wp","href":"https:\/\/api.w.org\/{rel}","templated":true}]}}