{"id":116474,"date":"2026-01-29T09:12:11","date_gmt":"2026-01-29T09:12:11","guid":{"rendered":"https:\/\/www.europesays.com\/lv\/116474\/"},"modified":"2026-01-29T09:12:11","modified_gmt":"2026-01-29T09:12:11","slug":"martins-sesks-pec-neveiksmes-rallija-aluksne-cer-uz-startiem-citos-latvijas-posmos-lente-lv","status":"publish","type":"post","link":"https:\/\/www.europesays.com\/lv\/116474\/","title":{"rendered":"M\u0101rti\u0146\u0161 Sesks p\u0113c neveiksmes rallij\u0101 &#8220;Al\u016bksne&#8221; cer uz startiem citos Latvijas posmos\u00a0\u2014\u00a0Lente.lv"},"content":{"rendered":"<p>Sesks cer uz startiem Latvijas \u010dempion\u0101ta posmos p\u0113c izst\u0101\u0161an\u0101s rallij\u0101 &#8220;Al\u016bksne&#8221;<\/p>\n<p>M\u016bsu titul\u0113t\u0101 rallija ekip\u0101\u017ea M\u0101rti\u0146\u0161 Sesks un Ren\u0101rs Francis, kuri start\u0113 ar tehnolo\u0123iju uz\u0146\u0113muma &#8220;Tet&#8221; un kokskaidu pl\u0101t\u0146u ra\u017eot\u0101ja &#8220;Cewood&#8221; atbalst\u012btaj\u0101m automa\u0161\u012bn\u0101m, piedz\u012bvoja nepat\u012bkamu izst\u0101\u0161anos no rallija &#8220;Al\u016bksne&#8221;. Neraugoties uz p\u0101rliecino\u0161u vad\u012bbu se\u0161os no asto\u0146iem \u0101trumposmiem, ekip\u0101\u017ea bija spiesta izst\u0101ties sept\u012btaj\u0101 posm\u0101 tehnisku probl\u0113mu d\u0113\u013c. Apsl\u0113pts akmens, uz kura auto piekares saboj\u0101j\u0101s, pielika punktu vi\u0146u cer\u012bb\u0101m uz uzvaru \u0161aj\u0101 posm\u0101.<\/p>\n<p>Sacens\u012bbas, kas s\u0101k\u0101s piektdienas vakar\u0101 ar tum\u0161ajiem \u0101trumposmiem, Seska un Francis ekip\u0101\u017eai izv\u0113rt\u0101s veiksm\u012bgi, radot iev\u0113rojamu p\u0101rsvaru p\u0101r tuv\u0101kajiem sekot\u0101jiem. Pirmo dienu vi\u0146i nosl\u0113dza ar pusmin\u016btes p\u0101rsvaru, bet sestdien, sacens\u012bbu gar\u0101kaj\u0101 dien\u0101, turpin\u0101ja demonstr\u0113t p\u0101rliecino\u0161u sniegumu, palielinot p\u0101rsvaru l\u012bdz pat 1 min\u016btei un 26 sekund\u0113m p\u0113c sest\u0101 \u0101trumposma.<\/p>\n<p>Tehniskas \u0137ibeles izlie necer\u0113to<\/p>\n<p>Diem\u017e\u0113l tehniskas probl\u0113mas sept\u012btaj\u0101 \u0101trumposm\u0101 liedza ekip\u0101\u017eai sasniegt fini\u0161u. &#8220;Protams, tas nav izn\u0101kums, uz k\u0101du cer\u0113j\u0101m, ta\u010du nav ko s\u016bkst\u012bties,&#8221; p\u0113c izst\u0101\u0161an\u0101s atzina M\u0101rti\u0146\u0161 Sesks. &#8220;Veic\u0101m v\u0113rt\u012bgus kilometrus, izbaud\u012bj\u0101m sniegu un iepriec\u0113j\u0101m l\u012bdzjut\u0113jus.&#8221; Vi\u0146\u0161 piebilda, ka \u0161osezon ceram start\u0113t v\u0113l citos Latvijas Republikas \u010cempion\u0101ta (LR\u010c) posmos.<\/p>\n<p>Ekip\u0101\u017ea start\u0113ja ar &#8220;Sports Racing Technologies&#8221; sagatavoto &#8220;SRT Proto 02&#8221; automa\u0161\u012bnu, apr\u012bkotu ar &#8220;MRF Tyres&#8221; riep\u0101m. Ar \u0161o tehniku vi\u0146i demonstr\u0113ja gan p\u0101r\u0101kumu p\u0101r vair\u0101k\u0101m &#8220;Rally2&#8221; klases automa\u0161\u012bn\u0101m, gan ar\u012b gatavoj\u0101s gaid\u0101majam startam pasaules rallija \u010dempion\u0101ta (WRC) posm\u0101 Zviedrij\u0101, kas notiks febru\u0101r\u012b.<\/p>\n<p>Seska n\u0101kotnes pl\u0101ni un WRC amb\u012bcijas<\/p>\n<p>Neskatoties uz neveiksmi &#8220;Al\u016bksn\u0113&#8221;, M\u0101rti\u0146\u0161 Sesks un Ren\u0101rs Francis turpina virz\u012bbu uz saviem m\u0113r\u0137iem. Sesks \u0161osezon pasaules rallija \u010dempion\u0101t\u0101 start\u0113s vismaz se\u0161os posmos, apliecinot savas amb\u012bcijas un progresu starptautiskaj\u0101 ar\u0113n\u0101. Vi\u0146a karjera rallij\u0101 ir strauji att\u012bst\u012bjusies, s\u0101kot ar dal\u012bbu Pasaules junioru rallija \u010dempion\u0101t\u0101 un 2020. gad\u0101 izc\u012bn\u012bto vice\u010dempiona titulu, l\u012bdz pat 2023. gad\u0101 izc\u012bn\u012btajai otrajai vietai Eiropas rallija \u010dempion\u0101t\u0101.<\/p>\n<p>M\u0101rti\u0146\u0161 Sesks ir ar\u012b latvie\u0161u autosportista, rallija &#8220;Kurzeme&#8221; aizs\u0101c\u0113ja un PSRS Rallija \u010dempiona M\u0101rti\u0146a Seska mazd\u0113ls un autorallija brauc\u0113ja un politi\u0137a Ulda Seska d\u0113ls. Vi\u0146a debija WRC Rally1 grup\u0101 notika 2024. gad\u0101 Polijas rallij\u0101 kop\u0101 ar &#8220;M-Sport Ford WRT&#8221; komandu. Lai gan tehnisks boj\u0101jums Al\u016bksn\u0113 liedza sasniegt cer\u0113to rezult\u0101tu, ekip\u0101\u017ea turpina gatavoties n\u0101kamajiem izaicin\u0101jumiem, gan Latvijas, gan pasaules \u010dempion\u0101ta l\u012bmen\u012b.<\/p>\n<p>Rallija &#8220;Al\u016bksne&#8221; rezult\u0101ti un citi dal\u012bbnieki<\/p>\n<p>Rallij\u0101 &#8220;Al\u016bksne&#8221; par uzvar\u0113t\u0101jiem k\u013cuva igau\u0146u ekip\u0101\u017ea Karls Martins Volvers\/Annika Sona ar &#8220;Toyota GR Yaris Rally2&#8221; automa\u0161\u012bnu. Latvietis J\u0101nis Vorobjovs kop\u0101 ar Art\u016bru \u017deibe ie\u0146\u0113ma augsto piekto vietu Latvijas rallija kausa ieskait\u0113. Savuk\u0101rt Gulbenes ekip\u0101\u017ea Kristers Cimdi\u0146\u0161\/Ren\u0101rs \u0160\u0137enders uzvar\u0113ja LR\u010c6 grup\u0101 un LRK7 ieskait\u0113, start\u0113jot ar nesen ieg\u0101d\u0101to Zinta Mez\u012b\u0161a &#8220;VAZ 2107&#8221;.<\/p>\n<p>\u0160is rallijs atkl\u0101ja 2026. gada Latvijas rallija \u010dempion\u0101ta sezonu un pulc\u0113ja rekordlielu dal\u012bbnieku skaitu, vair\u0101k nek\u0101 90 ekip\u0101\u017eu. T\u0101pat rallij\u0101 piedal\u012bj\u0101s ar\u012b Igaunijas rallija \u010dempion\u0101ta, Latvijas rallijsprinta kausa un Latvijas v\u0113sturisko automa\u0161\u012bnu rallija kausa izc\u012b\u0146as posmi.<\/p>\n","protected":false},"excerpt":{"rendered":"Sesks cer uz startiem Latvijas \u010dempion\u0101ta posmos p\u0113c izst\u0101\u0161an\u0101s rallij\u0101 &#8220;Al\u016bksne&#8221; M\u016bsu titul\u0113t\u0101 rallija ekip\u0101\u017ea M\u0101rti\u0146\u0161 Sesks un&hellip;\n","protected":false},"author":2,"featured_media":116475,"comment_status":"","ping_status":"","sticky":false,"template":"","format":"standard","meta":{"footnotes":""},"categories":[17],"tags":[35,39,38,36,37,34,26808,40,282,16719,26807,8204,67],"class_list":{"0":"post-116474","1":"post","2":"type-post","3":"status-publish","4":"format-standard","5":"has-post-thumbnail","7":"category-sports","8":"tag-latvia","9":"tag-latvian","10":"tag-latviesu","11":"tag-latviesu-valoda","12":"tag-latviesuvaloda","13":"tag-latvija","14":"tag-latvijas-rallija-cempionats","15":"tag-lv","16":"tag-martins-sesks","17":"tag-motorsports","18":"tag-rallijs-aluksne","19":"tag-renars-francis","20":"tag-sports"},"share_on_mastodon":{"url":"https:\/\/pubeurope.com\/@lv\/115977620281738245","error":""},"_links":{"self":[{"href":"https:\/\/www.europesays.com\/lv\/wp-json\/wp\/v2\/posts\/116474","targetHints":{"allow":["GET"]}}],"collection":[{"href":"https:\/\/www.europesays.com\/lv\/wp-json\/wp\/v2\/posts"}],"about":[{"href":"https:\/\/www.europesays.com\/lv\/wp-json\/wp\/v2\/types\/post"}],"author":[{"embeddable":true,"href":"https:\/\/www.europesays.com\/lv\/wp-json\/wp\/v2\/users\/2"}],"replies":[{"embeddable":true,"href":"https:\/\/www.europesays.com\/lv\/wp-json\/wp\/v2\/comments?post=116474"}],"version-history":[{"count":0,"href":"https:\/\/www.europesays.com\/lv\/wp-json\/wp\/v2\/posts\/116474\/revisions"}],"wp:featuredmedia":[{"embeddable":true,"href":"https:\/\/www.europesays.com\/lv\/wp-json\/wp\/v2\/media\/116475"}],"wp:attachment":[{"href":"https:\/\/www.europesays.com\/lv\/wp-json\/wp\/v2\/media?parent=116474"}],"wp:term":[{"taxonomy":"category","embeddable":true,"href":"https:\/\/www.europesays.com\/lv\/wp-json\/wp\/v2\/categories?post=116474"},{"taxonomy":"post_tag","embeddable":true,"href":"https:\/\/www.europesays.com\/lv\/wp-json\/wp\/v2\/tags?post=116474"}],"curies":[{"name":"wp","href":"https:\/\/api.w.org\/{rel}","templated":true}]}}