{"id":116480,"date":"2026-01-29T09:22:08","date_gmt":"2026-01-29T09:22:08","guid":{"rendered":"https:\/\/www.europesays.com\/lv\/116480\/"},"modified":"2026-01-29T09:22:08","modified_gmt":"2026-01-29T09:22:08","slug":"ar-merzlikinu-vartos-kolumbusa-turpina-uzravienu-hokejs-sportacentrs-com","status":"publish","type":"post","link":"https:\/\/www.europesays.com\/lv\/116480\/","title":{"rendered":"Ar Merz\u013cikinu v\u0101rtos Kolumbusa turpina uzr\u0101vienu \u2013 Hokejs \u2013 Sportacentrs.com"},"content":{"rendered":"<p>Elvis Merz\u013cikins &#8220;Blue Jackets&#8221; v\u0101rtos st\u0101j\u0101s p\u0113c div\u0101m sp\u0113l\u0113m rezerv\u0113. Vi\u0146\u0161 atvair\u012bja 24 no 27 pretinieku metieniem, visus tr\u012bs v\u0101rtus ielai\u017eot, kad komandas sp\u0113l\u0113ja skaitliski vien\u0101dos sast\u0101vos.<\/p>\n<p>Merz\u013cikins pal\u012bdz\u0113ja &#8220;Blue Jackets&#8221; komandai turpin\u0101t sekm\u012bgo janv\u0101ra m\u0113nesi. Vi\u0146am \u0161\u012b bija dev\u012bt\u0101 uzvara \u0161osezon 19 aizvad\u012btaj\u0101s sp\u0113l\u0113s.<\/p>\n<p>Kolumbusai \u0161\u012b bija tre\u0161\u0101 uzvara p\u0113c k\u0101rtas un sept\u012bt\u0101 iepriek\u0161\u0113j\u0101s asto\u0146\u0101s sp\u0113l\u0113s. \u0160\u012b veiksm\u012bg\u0101 s\u0113rija pal\u012bdz\u0113jusi &#8220;Blue Jackets&#8221; komandai pak\u0101pties uz desmito vietu Austrumu konferenc\u0113 ar 57 punktiem 52 sp\u0113l\u0113s, tiesa, konferences priek\u0161p\u0113d\u0113jai vietai &#8220;Devils&#8221; ir tikai par vienu punktu maz\u0101k.<\/p>\n<p>Savuk\u0101rt &#8220;Flyers&#8221;, kuras sast\u0101v\u0101 \u0161obr\u012bd nav savainot\u0101 Rodrigo \u0100bola, \u0161is bija tre\u0161ais zaud\u0113jums \u010detr\u0101s sp\u0113l\u0113s.<\/p>\n<p>Visas tr\u012bs ripas Merz\u013cikina v\u0101rtos iemeta &#8220;Flyers&#8221; uzbruc\u0113js Treviss Kone\u010dnijs. Tas vi\u0146am bija tre\u0161ais &#8220;hat-trick&#8221; karjer\u0101, un vi\u0146\u0161 turpin\u0101ja pa\u0161reiz\u0113jo l\u012bgas tendenci &#8211; \u0161om\u0113nes NHL nov\u0113roti jau 29 &#8220;hat-trick&#8221;, kas ir atk\u0101rtots l\u012bgas rekords.<\/p>\n<p>Kone\u010dnijs divus v\u0101rtus guva tre\u0161aj\u0101 period\u0101, kad pan\u0101ca neiz\u0161\u0137irtu 3:3, ta\u010du dr\u012bz vien p\u0113c vi\u0146a tre\u0161\u0101 v\u0101rtu guvuma Kolumbusa sniedza atbildi un atkal p\u0101r\u0146\u0113ma vad\u012bbu, pateicoties \u0160ona Monahana v\u0101rtiem, kam p\u0113c tam sekoja ar\u012b metiens tuk\u0161os v\u0101rtos.<\/p>\n<blockquote class=\"twitter-tweet\">\n<p lang=\"en\" dir=\"ltr\">We are now tied for the most hat tricks in a calendar month with 29 \ud83e\udd2f<\/p>\n<p>-Travis Konecny<br \/>-Rasmus Dahlin<br \/>-Mattias Ekholm<br \/>-Mikael Granlund<br \/>-Beckett Sennecke<br \/>-Brock Nelson<br \/>-Evan Bouchard<br \/>-Mason Marchment<br \/>-Cole Caufield<br \/>-Owen Tippett<br \/>-Steven Stamkos<br \/>-Marcus Foligno<br \/>-Andrei Svechnikov\u2026 <a href=\"https:\/\/t.co\/ftHcMxrOwC\" rel=\"nofollow\">https:\/\/t.co\/ftHcMxrOwC<\/a><\/p>\n<p>\u2014 NHL (@NHL) <a href=\"https:\/\/twitter.com\/NHL\/status\/2016714973787861492?ref_src=twsrc%5Etfw\" rel=\"nofollow noopener\" target=\"_blank\">January 29, 2026<\/a><\/p><\/blockquote>\n<p> NHL sp\u0113\u013cu rezult\u0101ti<\/p>\n<tr>KomandasRez.KomandasRez.<\/tr>\n<tr class=\"even\">\n<td>Islanders-Rangers<\/td>\n<td class=\"ralign\">5:2<\/td>\n<td>Blue Jackets-Flyers<\/td>\n<td class=\"ralign\">5:3<\/td>\n<\/tr>\n<tr class=\"odd\">\n<td>Senators-Avalanche<\/td>\n<td class=\"ralign\">5:2<\/td>\n<td\/>\n<td class=\"ralign\"\/><\/tr>\n<p>Izmantotie resursi:<br \/><a target=\"_blank\" href=\"http:\/\/www.nhl.com\" rel=\"nofollow noopener\">Official Site of the National Hockey League |&#8230;<\/a><\/p>\n<p>                    <script async src=\"https:\/\/platform.twitter.com\/widgets.js\" charset=\"utf-8\"><\/script><\/p>\n","protected":false},"excerpt":{"rendered":"Elvis Merz\u013cikins &#8220;Blue Jackets&#8221; v\u0101rtos st\u0101j\u0101s p\u0113c div\u0101m sp\u0113l\u0113m rezerv\u0113. Vi\u0146\u0161 atvair\u012bja 24 no 27 pretinieku metieniem, visus&hellip;\n","protected":false},"author":2,"featured_media":116481,"comment_status":"","ping_status":"","sticky":false,"template":"","format":"standard","meta":{"footnotes":""},"categories":[5],"tags":[23,28,29,32,33,22,394,30,31,35,39,38,36,37,34,40,20,26,27,24,25,21],"class_list":{"0":"post-116480","1":"post","2":"type-post","3":"status-publish","4":"format-standard","5":"has-post-thumbnail","7":"category-aktualitates","8":"tag-aktualitates","9":"tag-breaking-news","10":"tag-breakingnews","11":"tag-featured-news","12":"tag-featurednews","13":"tag-headlines","14":"tag-hokejs","15":"tag-latest-news","16":"tag-latestnews","17":"tag-latvia","18":"tag-latvian","19":"tag-latviesu","20":"tag-latviesu-valoda","21":"tag-latviesuvaloda","22":"tag-latvija","23":"tag-lv","24":"tag-news","25":"tag-popularakas-zinas","26":"tag-popularakaszinas","27":"tag-top-stories","28":"tag-topstories","29":"tag-zinas"},"share_on_mastodon":{"url":"https:\/\/pubeurope.com\/@lv\/115977659485714784","error":""},"_links":{"self":[{"href":"https:\/\/www.europesays.com\/lv\/wp-json\/wp\/v2\/posts\/116480","targetHints":{"allow":["GET"]}}],"collection":[{"href":"https:\/\/www.europesays.com\/lv\/wp-json\/wp\/v2\/posts"}],"about":[{"href":"https:\/\/www.europesays.com\/lv\/wp-json\/wp\/v2\/types\/post"}],"author":[{"embeddable":true,"href":"https:\/\/www.europesays.com\/lv\/wp-json\/wp\/v2\/users\/2"}],"replies":[{"embeddable":true,"href":"https:\/\/www.europesays.com\/lv\/wp-json\/wp\/v2\/comments?post=116480"}],"version-history":[{"count":0,"href":"https:\/\/www.europesays.com\/lv\/wp-json\/wp\/v2\/posts\/116480\/revisions"}],"wp:featuredmedia":[{"embeddable":true,"href":"https:\/\/www.europesays.com\/lv\/wp-json\/wp\/v2\/media\/116481"}],"wp:attachment":[{"href":"https:\/\/www.europesays.com\/lv\/wp-json\/wp\/v2\/media?parent=116480"}],"wp:term":[{"taxonomy":"category","embeddable":true,"href":"https:\/\/www.europesays.com\/lv\/wp-json\/wp\/v2\/categories?post=116480"},{"taxonomy":"post_tag","embeddable":true,"href":"https:\/\/www.europesays.com\/lv\/wp-json\/wp\/v2\/tags?post=116480"}],"curies":[{"name":"wp","href":"https:\/\/api.w.org\/{rel}","templated":true}]}}